{"id":84637,"date":"2024-04-15T15:55:40","date_gmt":"2024-04-15T13:55:40","guid":{"rendered":"https:\/\/www.piuomenopop.it\/?p=84637"},"modified":"2024-04-15T15:55:40","modified_gmt":"2024-04-15T13:55:40","slug":"la-prima-estate-venerus-anotr-e-todd-terje-si-aggiungono-alla-line-up-dal-14-al-16-e-dal-21-al-23-giugno-in-versilia","status":"publish","type":"post","link":"https:\/\/www.piuomenopop.it\/index.php\/2024\/04\/15\/la-prima-estate-venerus-anotr-e-todd-terje-si-aggiungono-alla-line-up-dal-14-al-16-e-dal-21-al-23-giugno-in-versilia\/","title":{"rendered":"LA PRIMA ESTATE : VENERUS, ANOTR e TODD TERJE si aggiungono alla line up. Dal 14 al 16 e dal 21 al 23 giugno in Versilia"},"content":{"rendered":"<p align=\"center\"><strong>\u201cLA PRIMA ESTATE\u201d<\/strong><\/p>\n<p align=\"center\"><strong>TORNA<\/strong><\/p>\n<p align=\"center\"><strong>dal 14 al 16 e dal 21 al 23 giugno a Lido di Camaiore (LU)<\/strong><\/p>\n<p align=\"center\"><strong>VENERUS, ANOTR e TODD TERJE<\/strong><\/p>\n<p align=\"center\"><strong>SI AGGIUNGONO A<\/strong><\/p>\n<p align=\"center\"><strong>PEGGY GOU \/ PAOLO NUTINI \/ FONTAINES D.C.<\/strong><\/p>\n<p align=\"center\"><strong>KASABIAN \/ PHOENIX \/ JANE\u2019S ADDICTION<\/strong><\/p>\n<p align=\"center\"><strong>DINOSAUR JR. \/ MICHAEL KIWANUKA \/ SHAME<\/strong><\/p>\n<p align=\"center\"><strong>BLACK COUNTRY, NEW ROAD \/<\/strong><\/p>\n<p align=\"center\"><strong>MOTTA \/ SLEAFORD MODS \/ WU \u2013 LU<\/strong><\/p>\n<p>&nbsp;<\/p>\n<p align=\"center\"><strong>Biglietti su\u00a0<a href=\"https:\/\/gdgpress.voxmail.it\/nl\/pvwqdx\/wy4ihr\/wx1ggd7\/uf\/1\/aHR0cDovL3d3dy5MYVByaW1hRXN0YXRlLml0Lw?_d=939&amp;_c=08267f89\" target=\"_blank\" rel=\"noopener\" data-saferedirecturl=\"https:\/\/www.google.com\/url?q=https:\/\/gdgpress.voxmail.it\/nl\/pvwqdx\/wy4ihr\/wx1ggd7\/uf\/1\/aHR0cDovL3d3dy5MYVByaW1hRXN0YXRlLml0Lw?_d%3D939%26_c%3D08267f89&amp;source=gmail&amp;ust=1713275473109000&amp;usg=AOvVaw21FD-fuouXDBTMKloZTN1e\">www.LaPrimaEstate.it<\/a><\/strong><\/p>\n<p align=\"center\">\n<p align=\"justify\"><strong>La Prima Estate\u00a0<\/strong>\u00e8 pronta a scaldare ancora una volta il palco e la sabbia della Versilia.<\/p>\n<p align=\"justify\">Il festival che saluta l\u2019arrivo della stagione pi\u00f9 amata torna a\u00a0<strong>Lido di Camaiore (Lucca), dal 14 al 16 giugno e dal 21 al 23 giugno.<\/strong><\/p>\n<p align=\"justify\"><strong>Per due weekend, dal venerd\u00ec alla domenica, la migliore musica internazionale si d\u00e0 appuntamento nel Parco BussolaDomani<\/strong>, mescolandosi alla brezza marina e agli abbaglianti colori dei tramonti toscani.<\/p>\n<p align=\"justify\"><strong>Sei giorni e ventiquattro artisti<\/strong>\u00a0per vivere un\u2019esperienza che va oltre la semplice rassegna musicale. Pi\u00f9 che un festival, una vacanza \u00e8 infatti il titolo con cui si presenta e conferma la sua terza edizione, nel nome della<strong>\u00a0qualit\u00e0 artistica<\/strong>\u00a0e del\u00a0<strong>relax<\/strong>\u00a0a due passi dal mare.<\/p>\n<p align=\"justify\">Dopo aver ospitato lo scorso anno concerti straordinari, come quello di<strong>\u00a0Lana Del Rey<\/strong>\u00a0annunciato a sorpresa e andato sold out in una settimana, o il travolgente spettacolo dei\u00a0<strong>Jamiroquai\u00a0<\/strong>e dei\u00a0<strong>Bon Iver<\/strong>, la potenza esplosiva di un peso massimo del rap come\u00a0<strong>Nas<\/strong>, e prima ancora &#8211; nel 2022 &#8211; gli indimenticabili live di\u00a0<strong>Anderson Paak, Duran Duran, The National\u00a0<\/strong>e<strong>\u00a0Bonobo<\/strong>, La Prima Estate si conferma anche in questa edizione\u00a0<strong>una delle rassegne pi\u00f9 ambiziose, interessanti e sfaccettate in circolazione, capace di includere le sonorit\u00e0 pi\u00f9 varie.<\/strong><\/p>\n<p align=\"justify\">Tre i nuovi nomi annunciati oggi che si aggiungono agli altri grandi protagonisti in programma:\u00a0<strong>Venerus<\/strong>, artista eclettico e raffinato, dal linguaggio creativo profondamente personale e capace di sprigionare un\u2019energia unica dal vivo; il duo olandese\u00a0<strong>Anotr<\/strong>, che con il suo approccio innovativo alla musica house ha conquistato prestigiosi palcoscenici in tutto il mondo; e\u00a0<strong>Todd Terje<\/strong>, dj norvegese che strega i dancefloor con il suo divertente sound, che attinge ai mondi pi\u00f9 vari, dalla disco music alla techno, dal deep funk alla latin dance, e si muove tra ritmi catchy, synth onirici e atmosfere cinematografiche.<\/p>\n<p align=\"justify\">Tre tasselli in pi\u00f9 per una<strong>\u00a0line up ricercata<\/strong>\u00a0e dalla chiara\u00a0<strong>vocazione internazionale<\/strong>, che riesce ad affiancare l\u2019alternative rock pi\u00f9 potente al cantautorato, al soul e all\u2019indie rock, passando per il post punk e l\u2019elettronica.<\/p>\n<p align=\"justify\">Ecco quindi con l\u2019icona della consolle\u00a0<strong>Peggy Gou<\/strong>, la dj sudcoreana incoronata tra le divinit\u00e0 dell\u2019elettronica, il fascino ammaliante del cantautorato di\u00a0<strong>Paolo Nutini<\/strong>, la\u00a0<em>coolness<\/em>\u00a0tutta francese dei\u00a0<strong>Phoenix<\/strong>\u00a0con il loro sapiente e raffinato mix di rock, indie e synth-pop, il morbido soul di\u00a0<strong>Michael Kiwanuka<\/strong>\u00a0con i suoi paesaggi sonori ultraterreni e il pop rock degli inglesi\u00a0<strong>Kasabian<\/strong>, che giusto qualche settimana fa hanno pubblicato il nuovo singolo\u00a0<em>Call\u00a0<\/em>annunciando per l\u2019estate il nuovo disco \u201c<em>Happenings\u201d<\/em>.<\/p>\n<p align=\"justify\">Una terza edizione che quest\u2019anno svela un\u2019anima rock, includendo nella sua line up i nomi contemporanei pi\u00f9 interessanti del genere insieme a vere leggende degli anni \u201990.<\/p>\n<p align=\"justify\">Il festival si apre infatti con uno dei gruppi che ha fatto storia (non a caso in lizza per entrare quest\u2019anno nella Rock and Roll Hall of Fame): i\u00a0<strong>Jane\u2019s Addiction<\/strong>\u00a0salgono sul palco de La Prima Estate il 14 giugno per l\u2019unica data italiana, dopo 8 lunghi anni di lontananza.\u00a0Guidata da Perry Farrell, uno\u00a0dei frontman pi\u00f9 visionari del genere, la band torna ancora una volta insieme per stregare la Versilia.<\/p>\n<p align=\"justify\">Se a loro \u00e8 affidata l\u2019apertura del festival, non \u00e8 da meno la giornata di chiusura del 23 giugno, che vede co-headliner con i Kasabian gli irlandesi\u00a0<strong>Fontaines D.C.<\/strong>, una delle band pi\u00f9 apprezzate e sorprendenti della scena alternative contemporanea.<\/p>\n<p align=\"justify\">Ancora, ecco i\u00a0<strong>Dinosaur Jr<\/strong>, alfieri statunitensi dell\u2019alternative rock con la loro carica di riff, feedback e distorsioni; il cantautorato rock di\u00a0<strong>Motta<\/strong>, il rock venato di post punk made in Uk dei\u00a0<strong>Black Country, New Road<\/strong>\u00a0nella loro unica data italiana, gli\u00a0<strong>Shame\u00a0<\/strong>con il loro ultimo disco\u00a0<em>\u201cFood for Worms\u201d<\/em>, gli\u00a0<strong>Sleaford Mods<\/strong>\u00a0con l\u2019ultimo lavoro\u00a0<em>\u201cUK GRIM\u201d<\/em>\u00a0e\u00a0<strong>Wu-Lu<\/strong>,\u00a0produttore, polistrumentista e cantante britannico carico di profondit\u00e0.<\/p>\n<p align=\"justify\">La grande musica di qualit\u00e0 torna dunque a ripopolare quella Versilia che \u00e8 da sempre uno dei simboli dell\u2019estate italiana e che sta riconquistando a buon diritto uno spazio di primo piano nel panorama festivaliero nazionale.<\/p>\n<p align=\"justify\">Il gruppo GEDI \u00e8 partner della manifestazione garantendo il supporto dei suoi tre network radiofonici: Radio Deejay, Radio Capital e M2O, con dirette in loco.<\/p>\n<p align=\"justify\">\n<p align=\"center\">I biglietti per La Prima Estate sono in vendita su\u00a0<a href=\"https:\/\/gdgpress.voxmail.it\/nl\/pvwqdx\/wy4ihr\/wx1ggd7\/uf\/3\/aHR0cHM6Ly9sYXByaW1hZXN0YXRlLml0L3RpY2tldHMv?_d=939&amp;_c=f826172b\" target=\"_blank\" rel=\"noopener\" data-saferedirecturl=\"https:\/\/www.google.com\/url?q=https:\/\/gdgpress.voxmail.it\/nl\/pvwqdx\/wy4ihr\/wx1ggd7\/uf\/3\/aHR0cHM6Ly9sYXByaW1hZXN0YXRlLml0L3RpY2tldHMv?_d%3D939%26_c%3Df826172b&amp;source=gmail&amp;ust=1713275473109000&amp;usg=AOvVaw3HkTk780ALg1HDoUwW9owC\">www.laprimaestate.it<\/a>\u00a0e www.<a href=\"https:\/\/gdgpress.voxmail.it\/nl\/pvwqdx\/wy4ihr\/wx1ggd7\/uf\/4\/aHR0cHM6Ly93d3cudGlja2V0b25lLml0Lw?_d=939&amp;_c=9ba1208d\" target=\"_blank\" rel=\"noopener\" data-saferedirecturl=\"https:\/\/www.google.com\/url?q=https:\/\/gdgpress.voxmail.it\/nl\/pvwqdx\/wy4ihr\/wx1ggd7\/uf\/4\/aHR0cHM6Ly93d3cudGlja2V0b25lLml0Lw?_d%3D939%26_c%3D9ba1208d&amp;source=gmail&amp;ust=1713275473109000&amp;usg=AOvVaw0mqpqXx8FSIQRy1uE1SvkM\">ticketone.it<\/a><\/p>\n<p lang=\"en-US\">\n<p><strong>PRIMO WEEKEND:<\/strong><br \/>\nVenerd\u00ec 14 giugno |\u00a0<strong>JANE\u2019S ADDICTION &#8211; Dinosaur Jr. &#8211; Sleaford Mods &#8211; Motta<\/strong><br \/>\nSabato 15 giugno |\u00a0<strong>to be announced<\/strong><br \/>\nDomenica 16 giugno |\u00a0<strong>PHOENIX &#8211; Venerus + 2 tba<\/strong><\/p>\n<p lang=\"en-US\">\n<p><strong>SECONDO WEEKEND:<\/strong><br \/>\nVenerd\u00ec 21 giugno |\u00a0<strong>PEGGY GOU &#8211; Anotr &#8211; Todd Terje + 1 tba<\/strong><br \/>\nSabato 22 giugno |<strong>PAOLO NUTINI &#8211; Michael Kiwanuka &#8211; Black Country, New Road + 1 tba<\/strong><br \/>\nDomenica 23 giugno |\u00a0<strong>FONTAINES D.C. &#8211; KASABIAN &#8211; Shame- Wu-Lu<\/strong><\/p>\n","protected":false},"excerpt":{"rendered":"<div class=\"mh-excerpt\"><p>\u201cLA PRIMA ESTATE\u201d TORNA dal 14 al 16 e dal 21 al 23 giugno a Lido di Camaiore (LU) VENERUS, ANOTR e TODD TERJE SI <a class=\"mh-excerpt-more\" href=\"https:\/\/www.piuomenopop.it\/index.php\/2024\/04\/15\/la-prima-estate-venerus-anotr-e-todd-terje-si-aggiungono-alla-line-up-dal-14-al-16-e-dal-21-al-23-giugno-in-versilia\/\" title=\"LA PRIMA ESTATE : VENERUS, ANOTR e TODD TERJE si aggiungono alla line up. Dal 14 al 16 e dal 21 al 23 giugno in Versilia\">[&#8230;]<\/a><\/p>\n<\/div>","protected":false},"author":2,"featured_media":84638,"comment_status":"closed","ping_status":"closed","sticky":false,"template":"","format":"standard","meta":{"sfsi_plus_gutenberg_text_before_share":"","sfsi_plus_gutenberg_show_text_before_share":"","sfsi_plus_gutenberg_icon_type":"","sfsi_plus_gutenberg_icon_alignemt":"","sfsi_plus_gutenburg_max_per_row":"","footnotes":"","_links_to":"","_links_to_target":""},"categories":[5184,3],"tags":[13970,12920,13971,6312],"class_list":["post-84637","post","type-post","status-publish","format-standard","has-post-thumbnail","hentry","category-calendario-concerti","category-news","tag-anotr","tag-la-prima-estate","tag-todd-terje","tag-venerus"],"aioseo_notices":[],"_links":{"self":[{"href":"https:\/\/www.piuomenopop.it\/index.php\/wp-json\/wp\/v2\/posts\/84637","targetHints":{"allow":["GET"]}}],"collection":[{"href":"https:\/\/www.piuomenopop.it\/index.php\/wp-json\/wp\/v2\/posts"}],"about":[{"href":"https:\/\/www.piuomenopop.it\/index.php\/wp-json\/wp\/v2\/types\/post"}],"author":[{"embeddable":true,"href":"https:\/\/www.piuomenopop.it\/index.php\/wp-json\/wp\/v2\/users\/2"}],"replies":[{"embeddable":true,"href":"https:\/\/www.piuomenopop.it\/index.php\/wp-json\/wp\/v2\/comments?post=84637"}],"version-history":[{"count":2,"href":"https:\/\/www.piuomenopop.it\/index.php\/wp-json\/wp\/v2\/posts\/84637\/revisions"}],"predecessor-version":[{"id":84640,"href":"https:\/\/www.piuomenopop.it\/index.php\/wp-json\/wp\/v2\/posts\/84637\/revisions\/84640"}],"wp:featuredmedia":[{"embeddable":true,"href":"https:\/\/www.piuomenopop.it\/index.php\/wp-json\/wp\/v2\/media\/84638"}],"wp:attachment":[{"href":"https:\/\/www.piuomenopop.it\/index.php\/wp-json\/wp\/v2\/media?parent=84637"}],"wp:term":[{"taxonomy":"category","embeddable":true,"href":"https:\/\/www.piuomenopop.it\/index.php\/wp-json\/wp\/v2\/categories?post=84637"},{"taxonomy":"post_tag","embeddable":true,"href":"https:\/\/www.piuomenopop.it\/index.php\/wp-json\/wp\/v2\/tags?post=84637"}],"curies":[{"name":"wp","href":"https:\/\/api.w.org\/{rel}","templated":true}]}}