{"id":84789,"date":"2024-04-24T21:59:04","date_gmt":"2024-04-24T19:59:04","guid":{"rendered":"https:\/\/www.piuomenopop.it\/?p=84789"},"modified":"2024-04-24T21:59:30","modified_gmt":"2024-04-24T19:59:30","slug":"lodio-minerva-pictures-e-rarovideo-channel-in-collaborazione-con-cat-people-riportano-sul-grande-schermo-lodio-di-mathieu-kassovitz","status":"publish","type":"post","link":"https:\/\/www.piuomenopop.it\/index.php\/2024\/04\/24\/lodio-minerva-pictures-e-rarovideo-channel-in-collaborazione-con-cat-people-riportano-sul-grande-schermo-lodio-di-mathieu-kassovitz\/","title":{"rendered":"L&#8217;ODIO: Minerva Pictures e Rarovideo Channel, in collaborazione con Cat People, riportano sul grande schermo L\u2019odio di Mathieu Kassovitz"},"content":{"rendered":"<p style=\"text-align: center;\"><strong>L&#8217;ODIO<\/strong><\/p>\n<p style=\"text-align: center;\"><strong id=\"m_-2480567076395065197docs-internal-guid-6d8e7ae1-7fff-8494-8251-3d55f0f13643\">un film di<br \/>\nMATHIEU KASSOVITZ\u00a0<\/strong><\/p>\n<p dir=\"ltr\" style=\"text-align: center;\"><strong id=\"m_-2480567076395065197docs-internal-guid-6d8e7ae1-7fff-8494-8251-3d55f0f13643\">con<br \/>\nVINCENT CASSEL\u00a0\u00a0\u00a0 HUBERT KOUNDE\u00a0\u00a0\u00a0 SA\u00cfD TAGHMAOUI<\/strong><\/p>\n<p style=\"text-align: center;\"><strong id=\"m_-2480567076395065197docs-internal-guid-abd5dd09-7fff-ab58-5f5b-42909b4ab42b\">Torna al\u00a0cinema\u00a0restaurato in 4k il cult urbano<\/strong><br \/>\n<strong>In anteprima al Troisi di Roma il 2-3 maggio<br \/>\ne dal 13 maggio in tutta Italia<\/strong><\/p>\n<p style=\"text-align: center;\"><strong>Elenco delle sale presto disponibile su:\u00a0<\/strong><br \/>\n<a href=\"https:\/\/astarteagency.us12.list-manage.com\/track\/click?u=3b9e2672184dbb7678ba36b45&amp;id=0056782257&amp;e=2dbdabe9d8\" target=\"_blank\" rel=\"noopener\" data-saferedirecturl=\"https:\/\/www.google.com\/url?q=https:\/\/astarteagency.us12.list-manage.com\/track\/click?u%3D3b9e2672184dbb7678ba36b45%26id%3D0056782257%26e%3D2dbdabe9d8&amp;source=gmail&amp;ust=1714071785776000&amp;usg=AOvVaw0CJH6noao94o9uZk8RA9qF\">www.catpeople.it<\/a><\/p>\n<p dir=\"ltr\"><a href=\"https:\/\/www.piuomenopop.it\/index.php\/2024\/04\/24\/lodio-minerva-pictures-e-rarovideo-channel-in-collaborazione-con-cat-people-riportano-sul-grande-schermo-lodio-di-mathieu-kassovitz\/lodio\/\" rel=\"attachment wp-att-84790\"><img loading=\"lazy\" decoding=\"async\" class=\"size-full wp-image-84790 aligncenter\" src=\"https:\/\/www.piuomenopop.it\/wp-content\/uploads\/2024\/04\/lodio.jpg\" alt=\"\" width=\"600\" height=\"600\" srcset=\"https:\/\/www.piuomenopop.it\/wp-content\/uploads\/2024\/04\/lodio.jpg 600w, https:\/\/www.piuomenopop.it\/wp-content\/uploads\/2024\/04\/lodio-150x150.jpg 150w, https:\/\/www.piuomenopop.it\/wp-content\/uploads\/2024\/04\/lodio-300x300.jpg 300w\" sizes=\"auto, (max-width: 600px) 100vw, 600px\" \/><\/a><\/p>\n<table class=\"m_-2480567076395065197templateContainer\" border=\"0\" width=\"100%\" cellspacing=\"0\" cellpadding=\"0\">\n<tbody>\n<tr>\n<td id=\"m_-2480567076395065197templateHeader\" valign=\"top\">\n<table border=\"0\" width=\"100%\" cellspacing=\"0\" cellpadding=\"0\">\n<tbody>\n<tr>\n<td valign=\"top\">\n<table class=\"m_-2480567076395065197mcnTextContentContainer\" border=\"0\" width=\"100%\" cellspacing=\"0\" cellpadding=\"0\" align=\"left\">\n<tbody>\n<tr>\n<td class=\"m_-2480567076395065197mcnTextContent\" valign=\"top\">\n<p style=\"text-align: center;\"><strong>IL REGISTA\u00a0<\/strong><strong>MATHIEU KASSOVITZ\u00a0<\/strong><strong>SAR\u00c0 A ROMA A PRESENTARE IL FILM<br \/>\nAL CINEMA TROISI<\/strong><\/p>\n<p style=\"text-align: center;\"><strong>Gioved\u00ec 2 maggio<\/strong><\/p>\n<p style=\"text-align: center;\">&#8211; 19:30 &#8211; 1<sup>A<\/sup>\u00a0proiezione &#8211; A seguire,<strong>\u00a0Q&amp;A con il regista<\/strong>\u00a0moderato dalla giornalista\u00a0<strong>Martina Barone<\/strong><\/p>\n<p style=\"text-align: center;\">&#8211; 22:00 &#8211; 2<sup>A<\/sup>\u00a0proiezione &#8211; Introdotta dal regista<\/p>\n<p style=\"text-align: center;\"><strong>Venerd\u00ec 3 maggio<\/strong><\/p>\n<p style=\"text-align: center;\">20:00 &#8211; Proiezione unica &#8211; Introdotta dal regista insieme a\u00a0<strong>Colle Der Fomento<\/strong>\u00a0moderati dall\u2019autore\u00a0<strong>Matteo Corradini<\/strong><\/p>\n<p style=\"text-align: center;\">Per i biglietti per entrambi i giorni rivolgersi direttamente al Cinema Troisi.<\/p>\n<hr \/>\n<\/td>\n<\/tr>\n<\/tbody>\n<\/table>\n<\/td>\n<\/tr>\n<\/tbody>\n<\/table>\n<\/td>\n<\/tr>\n<tr>\n<td id=\"m_-2480567076395065197templateBody\" valign=\"top\">\n<table border=\"0\" width=\"100%\" cellspacing=\"0\" cellpadding=\"0\">\n<tbody>\n<tr>\n<td valign=\"top\">\n<table class=\"m_-2480567076395065197mcnTextContentContainer\" border=\"0\" width=\"100%\" cellspacing=\"0\" cellpadding=\"0\" align=\"left\">\n<tbody>\n<tr>\n<td class=\"m_-2480567076395065197mcnTextContent\" valign=\"top\">\n<div>\n<div>\n<p><strong>Minerva Pictures<\/strong>\u00a0e\u00a0<strong>Rarovideo Channel<\/strong>, in collaborazione con\u00a0<strong>Cat People<\/strong>, riportano sul grande schermo\u00a0<strong><em>L\u2019odio\u00a0<\/em><\/strong>di\u00a0<strong>Mathieu Kassovitz,<\/strong>\u00a0con\u00a0<strong>Vincent Cassel<\/strong>,\u00a0<strong>Hubert Kounde<\/strong>\u00a0e\u00a0<strong>Sa\u00efd Taghmaoui<\/strong>, film vincitore della Palma d\u2019Oro per la Miglior Regia al<strong>\u00a0Festival di Cannes<\/strong>\u00a0nel 1995.<\/p>\n<div>\n<p><strong>Ventiquattr&#8217;ore nella vita di Vinz (Vincent Cassel), Hubert (Hubert Kound\u00e9) e Sa\u00efd (Sa\u00efd Taghmaoui)<\/strong>, tre amici della\u00a0<em>banlieue<\/em>\u00a0parigina all\u2019indomani degli scontri tra forze dell\u2019ordine e civili dopo i quali un ragazzo del quartiere, Abdel, si ritrova in fin di vita a causa dei soprusi violenti della polizia. I tre, carichi di rabbia e con una pistola tra le mani, meditano su come\u00a0<strong>avere giustizia<\/strong>.<\/p>\n<p>Attraverso scene diventate memorabili e\u00a0<strong>iconiche\u00a0<\/strong>&#8211; da Cassel che cita il De Niro di\u00a0<em>Taxi Driver<\/em>\u00a0davanti allo specchio alla storia raccontata nei gabinetti &#8211;\u00a0<strong>L\u2019odio<\/strong>\u00a0\u00e8 diventato il punto di riferimento dell\u2019immaginario\u00a0<strong>metropolitano<\/strong>\u00a0fin dalla sua uscita, un\u00a0<em><strong>instant classic<\/strong><\/em>\u00a0per tematiche e stile.<\/p>\n<p>L\u2019ira di Vinz, la riflessivit\u00e0 di Hubert e la buffoneria di Sa\u00efd ci guidano in un microcosmo senza eroi e senza miti, in cui convivono il quotidiano della\u00a0<strong>periferia\u00a0<\/strong>(in lingua originale quasi tutto il film \u00e8 in slang) e una rabbia pronta ad esplodere da un momento all\u2019altro, divisa tra smarrimento e\u00a0<strong>vendetta<\/strong>, in un racconto continuamente oscillante tra obiettivit\u00e0 e simbolismo. Percorrendo i contorni sfocati della giustizia ed esplorando le contraddizioni dei suoi protagonisti,\u00a0<strong>Mathieu Kassovitz<\/strong>\u00a0<strong>ha infatti catturato l&#8217;essenza degli squilibri sociali, trasformandola e andando a creare un film emblematico e universale, allo stesso tempo crudo e\u00a0<em>cool<\/em>, sporco e ricercato.<\/strong><\/p>\n<p><strong>Rivedere\u00a0<em>L\u2019odio<\/em>\u00a0oggi\u00a0<\/strong>equivale a ritrovarsi davanti a un manifesto lucido e senza tempo che immortala questioni che dopo quasi trent\u2019anni appaiono ancora pi\u00f9 attuali. Il mantra \u00ab<strong><em>Fino a qui tutto bene<\/em>\u00bb<\/strong>\u00a0che apre e chiude il film \u00e8 ancora oggi una\u00a0<strong>preghiera laica\u00a0<\/strong>che racchiude insieme la speranza e la\u00a0<strong>disillusione\u00a0<\/strong>di ormai pi\u00f9 di una generazione.<\/p>\n<p>Quest&#8217;anno\u00a0<strong>Rarovideo<\/strong>, la divisione editoriale di\u00a0<strong>Minerva Pictures<\/strong>\u00a0che da anni \u00e8 presente in veste digitale con\u00a0<strong>Rarovideo Channel<\/strong>\u00a0su Prime Video e The Film Club, celebra il suo\u00a0<strong>25\u00b0 anniversario<\/strong>. Il restauro de\u00a0<em>L&#8217;odio<\/em>\u00a0\u00e8 solo la prima delle tante iniziative che accompagneranno questo importante traguardo.<\/p>\n<p>La\u00a0<strong>lista dei cinema<\/strong>\u00a0che proietteranno\u00a0<em>L\u2019odio<\/em>\u00a0sar\u00e0 disponibile su<a href=\"https:\/\/astarteagency.us12.list-manage.com\/track\/click?u=3b9e2672184dbb7678ba36b45&amp;id=a46e55e032&amp;e=2dbdabe9d8\" target=\"_blank\" rel=\"noopener\" data-saferedirecturl=\"https:\/\/www.google.com\/url?q=https:\/\/astarteagency.us12.list-manage.com\/track\/click?u%3D3b9e2672184dbb7678ba36b45%26id%3Da46e55e032%26e%3D2dbdabe9d8&amp;source=gmail&amp;ust=1714071785777000&amp;usg=AOvVaw2JjEuSrYI_vVZHNffS6q6p\">\u00a0catpeople.it<\/a>\u00a0e su tutti i loro<a href=\"https:\/\/astarteagency.us12.list-manage.com\/track\/click?u=3b9e2672184dbb7678ba36b45&amp;id=a63a6e9252&amp;e=2dbdabe9d8\" target=\"_blank\" rel=\"noopener\" data-saferedirecturl=\"https:\/\/www.google.com\/url?q=https:\/\/astarteagency.us12.list-manage.com\/track\/click?u%3D3b9e2672184dbb7678ba36b45%26id%3Da63a6e9252%26e%3D2dbdabe9d8&amp;source=gmail&amp;ust=1714071785777000&amp;usg=AOvVaw3_YPFOg2UhxmAvdPoVNLwN\">\u00a0canali social<\/a>.<\/p>\n<p>&nbsp;<\/p>\n<p><strong>CAT PEOPLE<\/strong><br \/>\nCat People \u00e8 una casa di distribuzione cinematografica,\u00a0fondata da\u00a0Raffaele Petrini\u00a0e\u00a0Alessandro Tavola, nata nel 2023 semplicemente dalla voglia di riportare dei \u201cclassici\u201d del cinema nelle sale, aggiungendo una voce ulteriore e il pi\u00f9 possibile differente al panorama delle riedizioni che soprattutto negli ultimi anni si \u00e8 mostrato ben accolto dal pubblico. Non vogliamo aggiungerci alle realt\u00e0 gi\u00e0 esistenti, ma affiancarci, fare il nostro, proponendo il cinema che ci interessa e che amiamo, senza distinzioni.<\/p>\n<\/div>\n<\/div>\n<\/div>\n<\/td>\n<\/tr>\n<\/tbody>\n<\/table>\n<\/td>\n<\/tr>\n<\/tbody>\n<\/table>\n<\/td>\n<\/tr>\n<\/tbody>\n<\/table>\n<p dir=\"ltr\">\n","protected":false},"excerpt":{"rendered":"<div class=\"mh-excerpt\"><p>L&#8217;ODIO un film di MATHIEU KASSOVITZ\u00a0 con VINCENT CASSEL\u00a0\u00a0\u00a0 HUBERT KOUNDE\u00a0\u00a0\u00a0 SA\u00cfD TAGHMAOUI Torna al\u00a0cinema\u00a0restaurato in 4k il cult urbano In anteprima al Troisi di <a class=\"mh-excerpt-more\" href=\"https:\/\/www.piuomenopop.it\/index.php\/2024\/04\/24\/lodio-minerva-pictures-e-rarovideo-channel-in-collaborazione-con-cat-people-riportano-sul-grande-schermo-lodio-di-mathieu-kassovitz\/\" title=\"L&#8217;ODIO: Minerva Pictures e Rarovideo Channel, in collaborazione con Cat People, riportano sul grande schermo L\u2019odio di Mathieu Kassovitz\">[&#8230;]<\/a><\/p>\n<\/div>","protected":false},"author":2,"featured_media":84791,"comment_status":"closed","ping_status":"closed","sticky":false,"template":"","format":"standard","meta":{"sfsi_plus_gutenberg_text_before_share":"","sfsi_plus_gutenberg_show_text_before_share":"","sfsi_plus_gutenberg_icon_type":"","sfsi_plus_gutenberg_icon_alignemt":"","sfsi_plus_gutenburg_max_per_row":"","footnotes":"","_links_to":"","_links_to_target":""},"categories":[3,8],"tags":[13991,13992],"class_list":["post-84789","post","type-post","status-publish","format-standard","has-post-thumbnail","hentry","category-news","category-uscite","tag-lodio","tag-mathieu-kassovitz"],"aioseo_notices":[],"_links":{"self":[{"href":"https:\/\/www.piuomenopop.it\/index.php\/wp-json\/wp\/v2\/posts\/84789","targetHints":{"allow":["GET"]}}],"collection":[{"href":"https:\/\/www.piuomenopop.it\/index.php\/wp-json\/wp\/v2\/posts"}],"about":[{"href":"https:\/\/www.piuomenopop.it\/index.php\/wp-json\/wp\/v2\/types\/post"}],"author":[{"embeddable":true,"href":"https:\/\/www.piuomenopop.it\/index.php\/wp-json\/wp\/v2\/users\/2"}],"replies":[{"embeddable":true,"href":"https:\/\/www.piuomenopop.it\/index.php\/wp-json\/wp\/v2\/comments?post=84789"}],"version-history":[{"count":4,"href":"https:\/\/www.piuomenopop.it\/index.php\/wp-json\/wp\/v2\/posts\/84789\/revisions"}],"predecessor-version":[{"id":84795,"href":"https:\/\/www.piuomenopop.it\/index.php\/wp-json\/wp\/v2\/posts\/84789\/revisions\/84795"}],"wp:featuredmedia":[{"embeddable":true,"href":"https:\/\/www.piuomenopop.it\/index.php\/wp-json\/wp\/v2\/media\/84791"}],"wp:attachment":[{"href":"https:\/\/www.piuomenopop.it\/index.php\/wp-json\/wp\/v2\/media?parent=84789"}],"wp:term":[{"taxonomy":"category","embeddable":true,"href":"https:\/\/www.piuomenopop.it\/index.php\/wp-json\/wp\/v2\/categories?post=84789"},{"taxonomy":"post_tag","embeddable":true,"href":"https:\/\/www.piuomenopop.it\/index.php\/wp-json\/wp\/v2\/tags?post=84789"}],"curies":[{"name":"wp","href":"https:\/\/api.w.org\/{rel}","templated":true}]}}