{"id":84947,"date":"2024-05-03T12:35:45","date_gmt":"2024-05-03T10:35:45","guid":{"rendered":"https:\/\/www.piuomenopop.it\/?p=84947"},"modified":"2024-05-03T12:36:57","modified_gmt":"2024-05-03T10:36:57","slug":"piero-pelu-a-novembre-dal-vivo-nei-club-di-tutta-italia-con-il-deserti-tour-2024","status":"publish","type":"post","link":"https:\/\/www.piuomenopop.it\/index.php\/2024\/05\/03\/piero-pelu-a-novembre-dal-vivo-nei-club-di-tutta-italia-con-il-deserti-tour-2024\/","title":{"rendered":"PIERO PELU&#8217;: a novembre dal vivo nei club di tutta Italia con il DESERTI TOUR 2024"},"content":{"rendered":"<p align=\"center\"><strong>Protagonista\u00a0 sul palco del Concerto del Primo Maggio<\/strong><\/p>\n<p align=\"center\"><u><\/u><strong><u>PIERO PEL\u00d9<br \/>\n<\/u><\/strong><strong>annuncia il suo club tour<br \/>\n<\/strong><strong><u>DESERTI TOUR 2024<br \/>\n<\/u><\/strong><strong>da novembre in tutta Italia<\/strong><\/p>\n<p align=\"center\"><strong>Durante questa serie di concerti che riporteranno Piero sui palchi pi\u00f9 rock\u2019n\u2019roll del nostro Paese dove<br \/>\n<\/strong><strong>presenter\u00e0 il suo nuovo album in uscita il 7 giugno<\/strong><\/p>\n<p align=\"center\"><strong><em><u>\u201cDESERTI\u201d<\/u><\/em><\/strong><\/p>\n<p><strong>Lo abbiamo visto sul palco del Concerto del Primo Maggio (la dodicesima volta per lui dal 1990 ad oggi) come sempre in prima linea per condividere e sostenere battaglie sociali, politiche e ambientali, ma questa mattina si torna a parlare di musica per annunciare un importante ritorno live.<\/strong><\/p>\n<p><strong>Dopo le date del DESERTI TOUR 2024 che lo vedranno protagonista questa estate sul palco delle principali rassegne estive, PIERO PELU\u2019 torner\u00e0 alle origini del rock \u2018n\u2019 roll per un club tour dove pubblico e artista si ritroveranno uno accanto all\u2019altro, pronti a sudare e pogare insieme.<\/strong><\/p>\n<p><strong>I biglietti saranno disponibili da oggi alle ore 12.00 in esclusiva per gli iscritti a\u00a0<\/strong><a href=\"https:\/\/voodoocomm.voxmail.it\/nl\/pvotor\/kegaey\/yinra3r\/uf\/1\/aHR0cDovL3BpZXJvcGVsdS5uZXQv?_d=941&amp;_c=17278d84\" target=\"_blank\" rel=\"noopener\" data-saferedirecturl=\"https:\/\/www.google.com\/url?q=https:\/\/voodoocomm.voxmail.it\/nl\/pvotor\/kegaey\/yinra3r\/uf\/1\/aHR0cDovL3BpZXJvcGVsdS5uZXQv?_d%3D941%26_c%3D17278d84&amp;source=gmail&amp;ust=1714751868446000&amp;usg=AOvVaw0aUzrvt1_pE4JkHanlNWNt\"><strong>pieropelu.net<\/strong><\/a><strong>\u00a0e domani, venerd\u00ec 3 maggio alle ore 12.00 per la vendita generale.<\/strong><\/p>\n<p>Ad accompagnare il rocker fiorentino sul palco anche per questa\u00a0<em>leg<\/em>\u00a0invernale ci saranno super musicisti del calibro di Amudi Safa alla chitarra, Luca Martelli \u201cMitraglia\u201d alla batteria e Max Gelsi \u201cSigel\u201d al basso.<\/p>\n<p><strong><u>Questo il calendario aggiornato dei live di PIERO PELU\u2019 (tour organizzato e prodotto da Friends and Partners):<\/u><\/strong><\/p>\n<p><strong>29 giugno 2024<\/strong>\u00a0\u00a0\u00a0\u00a0\u00a0\u00a0\u00a0\u00a0\u00a0<strong>SPILIMBERGO (PN)<\/strong>\u00a0\u00a0\u00a0\u00a0\u00a0\u00a0\u00a0\u00a0\u00a0\u00a0\u00a0\u00a0\u00a0\u00a0\u00a0 \u00a0\u00a0\u00a0\u00a0\u00a0\u00a0\u00a0\u00a0\u00a0\u00a0\u00a0 Area La Favorita<br \/>\n<strong>8 luglio 2024\u00a0\u00a0\u00a0\u00a0\u00a0\u00a0\u00a0\u00a0\u00a0\u00a0\u00a0\u00a0\u00a0 GENOVA\u00a0 \u00a0 \u00a0 \u00a0 \u00a0 \u00a0 \u00a0 \u00a0 \u00a0 \u00a0 \u00a0 \u00a0 \u00a0 \u00a0 \u00a0 \u00a0 \u00a0 \u00a0 \u00a0 \u00a0 \u00a0 \u00a0 \u00a0 \u00a0 \u00a0<\/strong>Arena del Mare (Area Porto Antico) NUOVA DATA<br \/>\n<strong>26 luglio 2024\u00a0\u00a0\u00a0\u00a0\u00a0\u00a0\u00a0\u00a0\u00a0\u00a0\u00a0 CASTIGLIONE DEL LAGO (PG)\u00a0 \u00a0 \u00a0 \u00a0 \u00a0 \u00a0 \u00a0<\/strong>Lacustica Festival, Rocca Medioevale<br \/>\n<strong>27 luglio 2024<\/strong>\u00a0\u00a0\u00a0\u00a0\u00a0\u00a0\u00a0\u00a0\u00a0\u00a0\u00a0<strong>PORTO RECANATI (MC)\u00a0 \u00a0 \u00a0 \u00a0 \u00a0 \u00a0 \u00a0 \u00a0 \u00a0 \u00a0 \u00a0 \u00a0\u00a0<\/strong>Arena Beniamino Gigli<br \/>\n<strong>09 agosto 2024\u00a0\u00a0\u00a0\u00a0\u00a0\u00a0\u00a0\u00a0\u00a0 ASIAGO (VI)\u00a0\u00a0\u00a0\u00a0<\/strong>\u00a0 \u00a0 \u00a0 \u00a0 \u00a0 \u00a0 \u00a0 \u00a0 \u00a0 \u00a0 \u00a0 \u00a0 \u00a0 \u00a0 \u00a0 \u00a0 \u00a0 \u00a0 Piazza Carli<br \/>\n<strong>16 agosto 2024 \u00a0\u00a0\u00a0\u00a0\u00a0\u00a0\u00a0\u00a0 NOTO (SR)\u00a0 \u00a0 \u00a0 \u00a0 \u00a0 \u00a0 \u00a0 \u00a0 \u00a0 \u00a0 \u00a0 \u00a0 \u00a0 \u00a0 \u00a0 \u00a0 \u00a0 \u00a0 \u00a0 \u00a0 \u00a0 \u00a0 \u00a0<\/strong>Scalinata Della Cattedrale<br \/>\n<strong>18 agosto 2024\u00a0\u00a0\u00a0\u00a0\u00a0\u00a0\u00a0\u00a0\u00a0 BAGHERIA (PA)\u00a0 \u00a0 \u00a0 \u00a0 \u00a0 \u00a0 \u00a0 \u00a0 \u00a0 \u00a0 \u00a0 \u00a0 \u00a0 \u00a0 \u00a0 \u00a0 \u00a0 \u00a0\u00a0<\/strong>Go Green Festival, Piccolo Parco Urbano<br \/>\n*data spostata dal 17 al 18 agosto*<br \/>\n<strong>20 agosto 2024 \u00a0\u00a0\u00a0\u00a0\u00a0\u00a0\u00a0\u00a0 ROCCELLA JONICA (RC)\u00a0 \u00a0 \u00a0 \u00a0 \u00a0 \u00a0 \u00a0 \u00a0 \u00a0 \u00a0 \u00a0\u00a0<\/strong>Roccella Summer Festival, Teatro Al Castello<br \/>\n<strong>22 agosto 2024 \u00a0\u00a0\u00a0\u00a0\u00a0\u00a0\u00a0\u00a0 SAN PANCRAZIO SALENTINO (BR)\u00a0 \u00a0 \u00a0<\/strong>Festival San Pancrazio, Forum Eventi<br \/>\n<strong>24 agosto 2024<\/strong>\u00a0\u00a0\u00a0\u00a0\u00a0\u00a0\u00a0\u00a0\u00a0<strong>VEROLI (FR)<\/strong>\u00a0\u00a0\u00a0\u00a0\u00a0\u00a0\u00a0\u00a0\u00a0\u00a0\u00a0\u00a0\u00a0\u00a0\u00a0\u00a0\u00a0\u00a0\u00a0\u00a0\u00a0\u00a0\u00a0\u00a0\u00a0\u00a0<wbr \/>\u00a0\u00a0\u00a0\u00a0\u00a0\u00a0\u00a0\u00a0\u00a0\u00a0\u00a0\u00a0\u00a0 Tarantelliri Festival, Area Esterna Pala Coccia<br \/>\n<strong>13 settembre 2024\u00a0\u00a0\u00a0 CERNOBBIO (CO)\u00a0 \u00a0 \u00a0 \u00a0 \u00a0 \u00a0 \u00a0 \u00a0 \u00a0 \u00a0 \u00a0 \u00a0 \u00a0 \u00a0 \u00a0 \u00a0 \u00a0\u00a0<\/strong>Lake Sound Park, Ex Galoppatoio<br \/>\n*data spostata dal 6 al 13 settembre*<\/p>\n<p><strong>4 novembre\u00a0<\/strong><strong>2024\u00a0\u00a0\u00a0\u00a0\u00a0\u00a0 FIRENZE\u00a0\u00a0\u00a0\u00a0\u00a0\u00a0\u00a0\u00a0\u00a0\u00a0\u00a0\u00a0\u00a0\u00a0\u00a0\u00a0\u00a0\u00a0\u00a0\u00a0\u00a0 \u00a0\u00a0\u00a0\u00a0\u00a0\u00a0\u00a0\u00a0\u00a0\u00a0\u00a0\u00a0\u00a0\u00a0\u00a0\u00a0\u00a0\u00a0\u00a0\u00a0\u00a0\u00a0\u00a0 VIPER THEATRE<br \/>\n<\/strong><strong>5 novembre\u00a0<\/strong><strong>2024\u00a0\u00a0\u00a0\u00a0\u00a0\u00a0 FIRENZE\u00a0\u00a0\u00a0\u00a0\u00a0\u00a0\u00a0\u00a0\u00a0\u00a0\u00a0\u00a0\u00a0\u00a0\u00a0\u00a0\u00a0\u00a0\u00a0\u00a0\u00a0 \u00a0\u00a0\u00a0\u00a0\u00a0\u00a0\u00a0\u00a0\u00a0\u00a0\u00a0\u00a0\u00a0\u00a0\u00a0\u00a0\u00a0\u00a0\u00a0\u00a0\u00a0\u00a0\u00a0 VIPER THEATRE<br \/>\n<\/strong><strong>11 novembre\u00a0<\/strong><strong>2024\u00a0\u00a0\u00a0 MILANO\u00a0 \u00a0 \u00a0 \u00a0 \u00a0 \u00a0 \u00a0 \u00a0 \u00a0 \u00a0 \u00a0 \u00a0 \u00a0 \u00a0 \u00a0 \u00a0 \u00a0 \u00a0 \u00a0 \u00a0 \u00a0 \u00a0 \u00a0 \u00a0 MAGAZZINI GENERALI<br \/>\n<\/strong><strong>12 novembre\u00a0<\/strong><strong>2024\u00a0\u00a0\u00a0 MILANO\u00a0 \u00a0 \u00a0 \u00a0 \u00a0 \u00a0 \u00a0 \u00a0 \u00a0 \u00a0 \u00a0 \u00a0 \u00a0 \u00a0 \u00a0 \u00a0 \u00a0 \u00a0 \u00a0 \u00a0 \u00a0 \u00a0 \u00a0 \u00a0 MAGAZZINI GENERALI<br \/>\n<\/strong><strong>17 novembre\u00a0<\/strong><strong>2024\u00a0\u00a0\u00a0 TORINO\u00a0 \u00a0 \u00a0 \u00a0 \u00a0 \u00a0 \u00a0 \u00a0 \u00a0 \u00a0 \u00a0 \u00a0 \u00a0 \u00a0 \u00a0 \u00a0 \u00a0 \u00a0 \u00a0 \u00a0 \u00a0 \u00a0 \u00a0 \u00a0 HIROSHIMA MON AMOUR<br \/>\n<\/strong><strong>18 novembre\u00a0<\/strong><strong>2024\u00a0\u00a0\u00a0 TORINO\u00a0 \u00a0 \u00a0 \u00a0 \u00a0 \u00a0 \u00a0 \u00a0 \u00a0 \u00a0 \u00a0 \u00a0 \u00a0 \u00a0 \u00a0 \u00a0 \u00a0 \u00a0 \u00a0 \u00a0 \u00a0 \u00a0 \u00a0 \u00a0 HIROSHIMA MON AMOUR<br \/>\n<\/strong><strong>24 novembre\u00a0<\/strong><strong>2024\u00a0\u00a0\u00a0 PADOVA\u00a0 \u00a0 \u00a0 \u00a0 \u00a0 \u00a0 \u00a0 \u00a0 \u00a0 \u00a0 \u00a0 \u00a0 \u00a0 \u00a0 \u00a0 \u00a0 \u00a0 \u00a0 \u00a0 \u00a0 \u00a0 \u00a0 \u00a0 \u00a0 HALL<br \/>\n<\/strong><strong>28 novembre\u00a0<\/strong><strong>2024\u00a0\u00a0\u00a0 BOLOGNA\u00a0 \u00a0 \u00a0 \u00a0 \u00a0 \u00a0 \u00a0 \u00a0 \u00a0 \u00a0 \u00a0 \u00a0 \u00a0 \u00a0 \u00a0 \u00a0 \u00a0 \u00a0 \u00a0 \u00a0 \u00a0 \u00a0 \u00a0ESTRAGON CLUB<br \/>\n<\/strong><strong>1 dicembre\u00a0<\/strong><strong>2024\u00a0\u00a0\u00a0\u00a0\u00a0\u00a0\u00a0 ROMA\u00a0 \u00a0 \u00a0 \u00a0 \u00a0 \u00a0 \u00a0 \u00a0 \u00a0 \u00a0 \u00a0 \u00a0 \u00a0 \u00a0 \u00a0 \u00a0 \u00a0 \u00a0 \u00a0 \u00a0 \u00a0 \u00a0 \u00a0 \u00a0 \u00a0 \u00a0LARGO VENUE<br \/>\n<\/strong><strong>2 dicembre\u00a0<\/strong><strong>2024\u00a0\u00a0\u00a0\u00a0\u00a0\u00a0\u00a0 ROMA\u00a0 \u00a0 \u00a0 \u00a0 \u00a0 \u00a0 \u00a0 \u00a0 \u00a0 \u00a0 \u00a0 \u00a0 \u00a0 \u00a0 \u00a0 \u00a0 \u00a0 \u00a0 \u00a0 \u00a0 \u00a0 \u00a0 \u00a0 \u00a0 \u00a0 \u00a0LARGO VENUE<br \/>\n<\/strong><strong>7 dicembre\u00a0<\/strong><strong>2024\u00a0\u00a0\u00a0\u00a0\u00a0\u00a0\u00a0 NAPOLI\u00a0 \u00a0 \u00a0 \u00a0 \u00a0 \u00a0 \u00a0 \u00a0 \u00a0 \u00a0 \u00a0 \u00a0 \u00a0 \u00a0 \u00a0 \u00a0 \u00a0 \u00a0 \u00a0 \u00a0 \u00a0 \u00a0 \u00a0 \u00a0 CASA DELLA MUSICA<br \/>\n<\/strong><strong>14 dicembre 2024\u00a0\u00a0\u00a0\u00a0\u00a0 MODUGNO (BA)\u00a0 \u00a0 \u00a0 \u00a0 \u00a0 \u00a0 \u00a0 \u00a0 \u00a0 \u00a0 \u00a0 \u00a0 \u00a0 \u00a0 \u00a0 \u00a0 \u00a0 DEMODE&#8217; CLUB<\/strong><\/p>\n<p><strong>Dopo aver riacceso i motori e infiammato i suoi fan con l\u2019inedita \u201c<em>NOVICHOK<\/em>\u201d,<\/strong>\u00a0<strong>PIERO PELU\u2019<\/strong><strong>\u00a0ha scelto \u201c<em>MALEDETTO CUORE<\/em>\u201d (Epic Records\/Sony Music Italy &#8211;\u00a0<\/strong><a href=\"https:\/\/voodoocomm.voxmail.it\/nl\/pvotor\/kegaey\/yinra3r\/uf\/2\/aHR0cHM6Ly9lcGljLmxuay50by9NYWxlZGV0dG9DdW9yZQ?_d=941&amp;_c=7e51bd9d\" target=\"_blank\" rel=\"noopener\" data-saferedirecturl=\"https:\/\/www.google.com\/url?q=https:\/\/voodoocomm.voxmail.it\/nl\/pvotor\/kegaey\/yinra3r\/uf\/2\/aHR0cHM6Ly9lcGljLmxuay50by9NYWxlZGV0dG9DdW9yZQ?_d%3D941%26_c%3D7e51bd9d&amp;source=gmail&amp;ust=1714751868446000&amp;usg=AOvVaw35vzlwGMWYNqC0o7RHORPd\"><strong>https:\/\/Epic.lnk.to\/<wbr \/>MaledettoCuore<\/strong><\/a><strong>) come primo singolo per anticipare l\u2019uscita del suo nuovo album \u201c<em>DESERTI<\/em>\u201d atteso per il 7 giugno.<br \/>\n<\/strong><em>\u201c<\/em><strong><em>DESERTI<\/em><\/strong><em>\u201d<\/em>\u00a0\u00e8 il secondo capitolo della TRILOGIA DEL DISAGIO, lavoro iniziato nel 2020 con la pubblicazione del disco \u201c<em>Pugili fragili\u201d.<br \/>\n<\/em><strong>L\u2019album \u00e8 disponibile s<\/strong><strong>u\u00a0<\/strong><a href=\"https:\/\/voodoocomm.voxmail.it\/nl\/pvotor\/kegaey\/yinra3r\/uf\/3\/aHR0cHM6Ly9lcGljLmxuay50by9EZXNlcnRp?_d=941&amp;_c=adff09b1\" target=\"_blank\" rel=\"noopener\" data-saferedirecturl=\"https:\/\/www.google.com\/url?q=https:\/\/voodoocomm.voxmail.it\/nl\/pvotor\/kegaey\/yinra3r\/uf\/3\/aHR0cHM6Ly9lcGljLmxuay50by9EZXNlcnRp?_d%3D941%26_c%3Dadff09b1&amp;source=gmail&amp;ust=1714751868446000&amp;usg=AOvVaw0V8M97wpA5XWpZ6ShroabK\"><strong>https:\/\/epic.lnk.to\/Deserti<\/strong><\/a><strong>\u00a0per essere preordinato in formato fisico in versione CD, vinile blu trasparente e vinile nero 180 gr. Su Amazon saranno inoltre disponibili in esclusiva la versione CD e la versione LP trasparente autografati.<br \/>\n<\/strong><strong>Sullo store del sito ufficiale di Piero si potr\u00e0 acquistare la musicassetta in versione limitata e numerata (<\/strong><a href=\"https:\/\/voodoocomm.voxmail.it\/nl\/pvotor\/kegaey\/yinra3r\/uf\/4\/aHR0cDovL3d3dy5waWVyb3BlbHUubmV0Lw?_d=941&amp;_c=271504a8\" target=\"_blank\" rel=\"noopener\" data-saferedirecturl=\"https:\/\/www.google.com\/url?q=https:\/\/voodoocomm.voxmail.it\/nl\/pvotor\/kegaey\/yinra3r\/uf\/4\/aHR0cDovL3d3dy5waWVyb3BlbHUubmV0Lw?_d%3D941%26_c%3D271504a8&amp;source=gmail&amp;ust=1714751868446000&amp;usg=AOvVaw0F9z8NxUafrbK6jkUGAOMH\"><strong>www.pieropelu.net<\/strong><\/a><strong>).<\/strong><\/p>\n<p>Mentre \u201c<strong><em>NOVICHOK<\/em><\/strong>\u201d \u00e8 musicalmente molto legata alle radici litfibiane (per questo Pel\u00f9 ha deciso di presentarlo ai suoi fan in un luogo per lui molto importante ossia la cantina di via De\u2019 Bardi a Firenze dove i Litfiba sono nati e hanno mosso i primi passi e dove lui non cantava dalla fine del 1988),<strong><em>\u00a0\u201cMALEDETTO CUORE\u201d\u00a0<\/em><\/strong>\u00e8 la prima rock ballad del nuovo album, un altro tassello nella costruzione di \u201c<strong><em>DESERTI<\/em><\/strong>\u201d.<\/p>\n<p><strong><em>\u201cMaledetto cuore\u00a0<\/em><\/strong>\u2013 racconta Pel\u00f9-<strong><em>\u00a0\u00e8 una rock ballad che affronta il tema della difficolt\u00e0 di comunicazione tra persone, nei rapporti amorosi ma in modo ancora pi\u00f9 ampio nei rapporti umani in generale.<br \/>\n<\/em><\/strong><strong><em>Da una parte c\u2019\u00e8 la consapevolezza di essere travolti dal proprio caos interiore e dall\u2019altra il bisogno di condividere la propria realt\u00e0 sapendo quanto \u00e8 difficile farlo\u201d.<br \/>\n<\/em><\/strong><strong><em>\u201cMALEDETTO CUORE\u201d \u00e8 un viaggio tra le dune dei deserti alla ricerca degli altri di cui abbiamo bisogno per aiutarci a capire noi stessi e il caos dentro e fuori di noi\u201d.<\/em><\/strong><\/p>\n<p align=\"center\"><em>Ma io ho bisogno di te<br \/>\n<\/em><em>di quello che non so capire<br \/>\n<\/em><em>cuore maledetto cuore<br \/>\n<\/em><em>sei l&#8217;acqua nel deserto di sale<\/em><em>\u00a0<\/em><\/p>\n<p align=\"center\"><em>si io ho bisogno di te, di te<br \/>\n<\/em><em>di quello che non so vedere<br \/>\n<\/em><em>cuore maledetto il mio cuore<br \/>\n<\/em><em>sei quello che mi far\u00e0 impazzire<\/em><em>\u00a0<\/em><\/p>\n<p align=\"center\"><em>cuore maledetto, cacciatore di stelle<br \/>\n<\/em><em>abbracci e contatti poi solo le lontananze<br \/>\n<\/em><em>scacciare le sirene, lezioni di resistenza<br \/>\n<\/em><em>mi manchi, mi sfianchi<\/em><em>\u00a0<\/em><\/p>\n<p><strong><em>\u201cLezioni di resistenza<\/em><\/strong>\u201d dal caos del mondo dove quello che la storia ci ha consegnato come il male assoluto si sta pericolosamente riproponendo.<\/p>\n<p><strong>Piero Pel\u00f9,<\/strong>\u00a0che durante tutta la sua carriera \u00e8 sempre stato in prima linea sostenendo battaglie sociali, politiche e ambientali,\u00a0<strong>\u00e8 felice di annunciare che per questo nuovo viaggio ha scelto di sostenere EMERGENCY, l\u2019associazione fondata da Gino Strada e Teresa Sarti<\/strong>\u00a0<strong>con cui gi\u00e0 in passato aveva portato avanti diverse iniziative<\/strong>\u00a0tra cui il singolo \u201c<strong><em>Il mio nome \u00e8 mai pi\u00f9<\/em><\/strong>\u201d con Luciano Ligabue e Jovanotti che proprio quest\u2019anno compie 25 anni e che Piero ha scelto di riportare ieri sera sul palco del concerto del Primo Maggio.<\/p>\n<p align=\"center\"><strong><u>\u00a0<\/u><\/strong><\/p>\n<p align=\"center\"><a href=\"https:\/\/voodoocomm.voxmail.it\/nl\/pvotor\/kegaey\/yinra3r\/uf\/5\/aHR0cHM6Ly93d3cuaW5zdGFncmFtLmNvbS9waWVyb3BlbHVmZmljaWFsZS8?_d=941&amp;_c=47dedf39\" target=\"_blank\" rel=\"noopener\" data-saferedirecturl=\"https:\/\/www.google.com\/url?q=https:\/\/voodoocomm.voxmail.it\/nl\/pvotor\/kegaey\/yinra3r\/uf\/5\/aHR0cHM6Ly93d3cuaW5zdGFncmFtLmNvbS9waWVyb3BlbHVmZmljaWFsZS8?_d%3D941%26_c%3D47dedf39&amp;source=gmail&amp;ust=1714751868446000&amp;usg=AOvVaw0L5qfYWiVdk5weCce-4q4I\"><strong>INSTAGRAM<\/strong><\/a><strong>\u00a0|\u00a0<\/strong><a href=\"https:\/\/voodoocomm.voxmail.it\/nl\/pvotor\/kegaey\/yinra3r\/uf\/6\/aHR0cHM6Ly93d3cuZmFjZWJvb2suY29tL3BpZXJvcGVsdWZmaWNpYWxlLw?_d=941&amp;_c=9ac998c4\" target=\"_blank\" rel=\"noopener\" data-saferedirecturl=\"https:\/\/www.google.com\/url?q=https:\/\/voodoocomm.voxmail.it\/nl\/pvotor\/kegaey\/yinra3r\/uf\/6\/aHR0cHM6Ly93d3cuZmFjZWJvb2suY29tL3BpZXJvcGVsdWZmaWNpYWxlLw?_d%3D941%26_c%3D9ac998c4&amp;source=gmail&amp;ust=1714751868446000&amp;usg=AOvVaw2-IVqbx_nNxA5sBlzYRHWo\"><strong>FACEBOOK<\/strong><\/a><strong>\u00a0|\u00a0<\/strong><a href=\"https:\/\/voodoocomm.voxmail.it\/nl\/pvotor\/kegaey\/yinra3r\/uf\/7\/aHR0cHM6Ly90d2l0dGVyLmNvbS9QaWVyb1BlbHU?_d=941&amp;_c=47761900\" target=\"_blank\" rel=\"noopener\" data-saferedirecturl=\"https:\/\/www.google.com\/url?q=https:\/\/voodoocomm.voxmail.it\/nl\/pvotor\/kegaey\/yinra3r\/uf\/7\/aHR0cHM6Ly90d2l0dGVyLmNvbS9QaWVyb1BlbHU?_d%3D941%26_c%3D47761900&amp;source=gmail&amp;ust=1714751868446000&amp;usg=AOvVaw00JmMIOHegIqwCeb7Bo6Sp\"><strong>TWITTER<\/strong><\/a><\/p>\n","protected":false},"excerpt":{"rendered":"<div class=\"mh-excerpt\"><p>Protagonista\u00a0 sul palco del Concerto del Primo Maggio PIERO PEL\u00d9 annuncia il suo club tour DESERTI TOUR 2024 da novembre in tutta Italia Durante questa <a class=\"mh-excerpt-more\" href=\"https:\/\/www.piuomenopop.it\/index.php\/2024\/05\/03\/piero-pelu-a-novembre-dal-vivo-nei-club-di-tutta-italia-con-il-deserti-tour-2024\/\" title=\"PIERO PELU&#8217;: a novembre dal vivo nei club di tutta Italia con il DESERTI TOUR 2024\">[&#8230;]<\/a><\/p>\n<\/div>","protected":false},"author":2,"featured_media":84948,"comment_status":"closed","ping_status":"closed","sticky":false,"template":"","format":"standard","meta":{"sfsi_plus_gutenberg_text_before_share":"","sfsi_plus_gutenberg_show_text_before_share":"","sfsi_plus_gutenberg_icon_type":"","sfsi_plus_gutenberg_icon_alignemt":"","sfsi_plus_gutenburg_max_per_row":"","footnotes":"","_links_to":"","_links_to_target":""},"categories":[5184,3],"tags":[14004,1279],"class_list":["post-84947","post","type-post","status-publish","format-standard","has-post-thumbnail","hentry","category-calendario-concerti","category-news","tag-deserti-tour-2024","tag-piero-pelu"],"aioseo_notices":[],"_links":{"self":[{"href":"https:\/\/www.piuomenopop.it\/index.php\/wp-json\/wp\/v2\/posts\/84947","targetHints":{"allow":["GET"]}}],"collection":[{"href":"https:\/\/www.piuomenopop.it\/index.php\/wp-json\/wp\/v2\/posts"}],"about":[{"href":"https:\/\/www.piuomenopop.it\/index.php\/wp-json\/wp\/v2\/types\/post"}],"author":[{"embeddable":true,"href":"https:\/\/www.piuomenopop.it\/index.php\/wp-json\/wp\/v2\/users\/2"}],"replies":[{"embeddable":true,"href":"https:\/\/www.piuomenopop.it\/index.php\/wp-json\/wp\/v2\/comments?post=84947"}],"version-history":[{"count":2,"href":"https:\/\/www.piuomenopop.it\/index.php\/wp-json\/wp\/v2\/posts\/84947\/revisions"}],"predecessor-version":[{"id":84950,"href":"https:\/\/www.piuomenopop.it\/index.php\/wp-json\/wp\/v2\/posts\/84947\/revisions\/84950"}],"wp:featuredmedia":[{"embeddable":true,"href":"https:\/\/www.piuomenopop.it\/index.php\/wp-json\/wp\/v2\/media\/84948"}],"wp:attachment":[{"href":"https:\/\/www.piuomenopop.it\/index.php\/wp-json\/wp\/v2\/media?parent=84947"}],"wp:term":[{"taxonomy":"category","embeddable":true,"href":"https:\/\/www.piuomenopop.it\/index.php\/wp-json\/wp\/v2\/categories?post=84947"},{"taxonomy":"post_tag","embeddable":true,"href":"https:\/\/www.piuomenopop.it\/index.php\/wp-json\/wp\/v2\/tags?post=84947"}],"curies":[{"name":"wp","href":"https:\/\/api.w.org\/{rel}","templated":true}]}}