{"id":85269,"date":"2024-05-22T18:46:43","date_gmt":"2024-05-22T16:46:43","guid":{"rendered":"https:\/\/www.piuomenopop.it\/?p=85269"},"modified":"2024-05-22T18:46:43","modified_gmt":"2024-05-22T16:46:43","slug":"la-prima-estate-presenta-la-sua-terza-edizione-dai-janes-addiction-a-peggy-gou-un-palco-unico-per-una-line-up-ambiziosa","status":"publish","type":"post","link":"https:\/\/www.piuomenopop.it\/index.php\/2024\/05\/22\/la-prima-estate-presenta-la-sua-terza-edizione-dai-janes-addiction-a-peggy-gou-un-palco-unico-per-una-line-up-ambiziosa\/","title":{"rendered":"LA PRIMA ESTATE presenta la sua terza edizione: dai Jane\u2019s Addiction a Peggy Gou, un palco unico per una line up ambiziosa"},"content":{"rendered":"<p align=\"center\"><strong>Dal 14 al 16 e dal 21 al 23 giugno a Lido di Camaiore (LU)<\/strong><\/p>\n<p align=\"center\"><strong>\u201cLA PRIMA ESTATE\u201d<\/strong><\/p>\n<p align=\"center\"><strong>Terza edizione<\/strong><\/p>\n<p align=\"center\"><em><strong>\u201cPi\u00f9 che un festival, una vacanza\u201d<\/strong><\/em><\/p>\n<p align=\"center\"><strong>***<\/strong><\/p>\n<p align=\"center\"><strong>PEGGY GOU \/ PAOLO NUTINI \/ FONTAINES D.C.<\/strong><\/p>\n<p align=\"center\"><strong>KASABIAN \/ PHOENIX \/ JANE\u2019S ADDICTION<\/strong><\/p>\n<p align=\"center\"><strong>DINOSAUR JR. \/ MICHAEL KIWANUKA \/ ANOTR \/ 2MANYDJS \/ TODD TERJE \/ SHAME \/ VENERUS \/<\/strong><\/p>\n<p align=\"center\"><strong>BLACK COUNTRY, NEW ROAD \/ MOTTA \/ SLEAFORD MODS \/ WU \u2013 LU \/ SWIM SCHOOL<\/strong><\/p>\n<p lang=\"en-GB\" align=\"center\">\n<p align=\"center\"><strong>Biglietti su\u00a0<a href=\"https:\/\/gdgpress.voxmail.it\/nl\/pvwqdx\/j0hi4b\/wx1ggd7\/uf\/3\/aHR0cDovL3d3dy5sYXByaW1hZXN0YXRlLml0Lw?_d=94K&amp;_c=804b9711\" target=\"_blank\" rel=\"noopener\" data-saferedirecturl=\"https:\/\/www.google.com\/url?q=https:\/\/gdgpress.voxmail.it\/nl\/pvwqdx\/j0hi4b\/wx1ggd7\/uf\/3\/aHR0cDovL3d3dy5sYXByaW1hZXN0YXRlLml0Lw?_d%3D94K%26_c%3D804b9711&amp;source=gmail&amp;ust=1716379851485000&amp;usg=AOvVaw3Sc5JdL0-kRwt4ah86CxXP\">www.LaPrimaEstate.it<\/a><\/strong><\/p>\n<p align=\"center\">\n<p align=\"center\">\n<p align=\"center\"><strong><img loading=\"lazy\" decoding=\"async\" class=\"CToWUd a6T\" tabindex=\"0\" src=\"https:\/\/ci3.googleusercontent.com\/meips\/ADKq_NZ-fd651RIar0u7sAGrBDKxJRx-uJ-G1L6uMS5W_55SRM7duJ3jTFUvGfi-n0qxQxbnvOEWIN8JISudIY39leqITN9BPXqIZvmX1gp5q1VVsDmjcZAxsdppvDhhFjUS_5ureLmNVGDlvI5DZV81RVEHVgM7k_4g3tu5237_tCdU-j_i5iVcygyxphSOuwp0qA2RqGiBZtRU_aC3b19m5E0=s0-d-e1-ft#https:\/\/gdgpress.voxmail.it\/rsp\/pvwqdx\/content\/alpe23_lana_del_ray_02_luglio_2023_stefano_dalle_luche_stz_4526-min.jpg?_d=94K&amp;_c=9dd4c8bb\" width=\"849\" height=\"564\" data-bit=\"iit\" \/><\/strong><\/p>\n<p align=\"center\"><em>Lnaa Del Rey a La Prime Estate 2023 &#8211; foto di Stefano Dalle Luche<\/em><\/p>\n<p align=\"center\"><img loading=\"lazy\" decoding=\"async\" class=\"CToWUd a6T\" tabindex=\"0\" src=\"https:\/\/ci3.googleusercontent.com\/meips\/ADKq_NapMgyHcapUyTodEIw0vd8yrq_G2qNm3lpkci-VI-WZyQAvhWgre8n0eONG3gX_vyJUCB_Rrjn3F1SY8yMfsUbv7bqx2Ip0eznM5EmI874qiwNOCSWBEvq7TDmbz4qwx-dLITKcNWA=s0-d-e1-ft#https:\/\/gdgpress.voxmail.it\/rsp\/pvwqdx\/content\/fotojet__7_.jpg?_d=94K&amp;_c=c0fe7b45\" width=\"700\" height=\"700\" data-bit=\"iit\" \/><\/p>\n<p align=\"center\"><em>Dall&#8217;alto a sinistra in senso orario: Jane&#8217;s Addiction, Michael Kiwanuka, Kasabian<\/em><\/p>\n<p align=\"center\"><img loading=\"lazy\" decoding=\"async\" class=\"CToWUd a6T\" tabindex=\"0\" src=\"https:\/\/ci3.googleusercontent.com\/meips\/ADKq_NYoN7n5DGkKNeXZG0evxXe5ciyS_KBjz8TU_BDfzdiLgHDaG3VKtNVMMq4dPPeyl5btCqq4dKB_5p4dYTj1UKHfBPBS28AtvGyMcXIv-BFZr7UYKSZgSnh0GJ035Oq3ebwyb1EVj1s=s0-d-e1-ft#https:\/\/gdgpress.voxmail.it\/rsp\/pvwqdx\/content\/fotojet__6_.jpg?_d=94K&amp;_c=1af937b6\" width=\"731\" height=\"731\" data-bit=\"iit\" \/><\/p>\n<p align=\"center\"><em>Dall&#8217;alto a sinistra in senso orario: Peggy Gou, Phoenix e Fontaines D.C.<\/em><\/p>\n<p align=\"justify\">\n<p align=\"justify\">Sei giorni e diciotto artisti,\u00a0<strong>una line up ambiziosa e dal respiro internazionale, esclusive italiane, un palco unico a pochi passi dal mare<\/strong>\u00a0per salutare l\u2019arrivo della stagione pi\u00f9 amata.<\/p>\n<p align=\"justify\"><strong>La Prima Estate<\/strong>\u00a0torna a<strong>\u00a0Lido di Camaiore (Lucca), dal 14 al 16 giugno e dal 21 al 23 giugno<\/strong>,\u00a0pronta a scaldare ancora una volta la sabbia della Versilia.<\/p>\n<p align=\"justify\">Per due weekend, dal venerd\u00ec alla domenica, si rinnova l\u2019appuntamento al\u00a0<strong>Parco BussolaDomani<\/strong>, nella convinzione di offrire un\u2019<strong>esperienza di alta qualit\u00e0 artistica<\/strong>\u00a0selezionata per veri\u00a0<em>music lovers<\/em>, lontani dalle classifiche e dai trend del momento. Un\u00a0<strong>cartellone ricercato per veri appassionati<\/strong>, capace di affiancare l\u2019alternative rock pi\u00f9 potente al cantautorato e al soul, passando per il post punk, l\u2019indie rock e l\u2019elettronica. Un\u2019esperienza in grado di andare oltre la semplice rassegna musicale.\u00a0<strong>\u201cPi\u00f9 che un festival, una vacanza\u201d<\/strong>\u00a0\u00e8 infatti il titolo con cui si presenta e conferma la sua terza edizione.<\/p>\n<p align=\"justify\">Dopo aver ospitato lo scorso anno concerti indimenticabili, come il live di\u00a0<strong>Lana Del Rey<\/strong>\u00a0annunciato a sorpresa e andato sold out in una settimana, il travolgente spettacolo dei\u00a0<strong>Jamiroquai<\/strong>\u00a0e dei\u00a0<strong>Bon Iver<\/strong>, la potenza esplosiva di un peso massimo del rap come\u00a0<strong>Nas<\/strong>, e prima ancora &#8211; nel 2022 &#8211; gli straordinari appuntamenti con\u00a0<strong>Anderson Paak<\/strong>,\u00a0<strong>Duran Duran<\/strong>,\u00a0<strong>The National<\/strong>\u00a0e\u00a0<strong>Bonobo<\/strong>, La Prima Estate si conferma anche in questa edizione una delle rassegne pi\u00f9 interessanti e sfaccettate in circolazione.<\/p>\n<p align=\"justify\">Ecco allora arrivare l\u2019icona della consolle\u00a0<strong>Peggy Gou<\/strong>, la dj sudcoreana incoronata tra le divinit\u00e0 dell\u2019elettronica in uscita a giugno con il suo album di debutto; il fascino ammaliante del cantautorato di\u00a0<strong>Paolo Nutini<\/strong>\u00a0e il morbido soul di\u00a0<strong>Michael Kiwanuka<\/strong>, per l\u2019<strong>unica data italiana<\/strong>. Ancora, da Versailles alla conquista del mondo intero, la\u00a0<em>coolness\u00a0<\/em>tutta francese dei\u00a0<strong>Phoenix<\/strong>.<\/p>\n<p align=\"justify\">Un cartellone che in questa edizione svela una decisa\u00a0<strong>anima rock<\/strong>, pronta a invadere la prima e ultima giornata del festival: i leggendari<strong>\u00a0Jane\u2019s Addiction<\/strong>\u00a0tornano con l\u2019<strong>unica data italiana dopo otto lunghi anni di assenza<\/strong>\u00a0dal nostro Paese, e regalano al pubblico\u00a0<em>\u201cLOLLA: LA STORIA DEL LOLLAPALOOZA\u201d<\/em>, il documentario che racconta la storia un rivoluzionario movimento musicale e culturale, disponibile su Paramount+ dal 22 maggio. Chiudono il festival altri due grandi nomi: i\u00a0<strong>Fontaines D.C<\/strong>., freschi del successo di\u00a0<em>Starburster<\/em>, lo strepitoso pezzo che anticipa l\u2019arrivo del nuovo disco; e il sound potente e incalzante dei pluripremiati\u00a0<strong>Kasabian<\/strong>, in procinto di pubblicare\u00a0<em>\u201cHappenings\u201d<\/em>, il nuovo album annunciato per l\u2019estate.<\/p>\n<p align=\"justify\">La Prima Estate inizia\u00a0<strong>venerd\u00ec<\/strong>\u00a0<strong>14 giugno<\/strong>\u00a0con i<strong>\u00a0Jane\u2019s Addiction<\/strong>\u00a0guidati da visionario Perry Farrel e in lizza per entrare quest\u2019anno nella Rock and Roll Hall of Fame; anticipati dagli alfieri statunitensi dell\u2019alternative rock\u00a0<strong>Dinosaur Jr<\/strong>; gli\u00a0<strong>Sleaford Mods<\/strong>\u00a0con l\u2019ultimo lavoro\u00a0<em>\u201cUK GRIM\u201d<\/em>; e la voce unica e coinvolgente di\u00a0<strong>Motta<\/strong>.<\/p>\n<p align=\"justify\">Un omaggio alla storia notturna della Versilia travolge il palco di BussolaDomani\u00a0<strong>sabato<\/strong>\u00a0<strong>15 giugno<\/strong>:\u00a0<strong>Kama Kama History<\/strong>. Alcuni dei dj che hanno fatto la storia del Kama Kama &#8211; punto di riferimento pioneristico per la musica house e vero brand del divertimento &#8211; tornano a Lido di Camaiore per riaccenderne lo spirito.<\/p>\n<p align=\"justify\"><strong>Domenica 16 giugno<\/strong>\u00a0chiudono il primo weekend i\u00a0<strong>Phoenix<\/strong>; l\u2019energia eclettica e raffinata di\u00a0<strong>Venerus<\/strong>; e il duo belga\u00a0<strong>2manydjs<\/strong>, capace di ridefinire la concezione moderna del Djing.<\/p>\n<p align=\"justify\">Il secondo weekend si apre<strong>\u00a0venerd\u00ec 21 giugno<\/strong>: protagonista\u00a0<strong>Peggy Gou<\/strong>\u00a0e una serata tutta da ballare, accanto al duo olandese\u00a0<strong>ANOTR\u00a0<\/strong>con il suo approccio innovativo alla musica house; e\u00a0<strong>Todd Terje<\/strong>, il dj norvegese capace di stregare i dancefloor.<\/p>\n<p align=\"justify\"><strong>Sabato 22 giugno<\/strong>\u00a0spazio a un altro grande nome internazionale:\u00a0<strong>Paolo Nutini<\/strong>, il cantautore scozzese dalla penna e voce inconfondibile. Prima di lui,\u00a0<strong>Michael Kiwanuka<\/strong>, artista pluripremiato che ha stregato pubblico e critica fin dall\u2019esordio con i suoi paesaggi sonori ultraterreni, ammaliante commistione di soul e pop, afrobeat e rock. Ancora, il rock sperimentale venato di post-punk e post-rock dei britannici\u00a0<strong>Black Country, New Road<\/strong>\u00a0nella loro\u00a0<strong>unica data italiana<\/strong>; e dalla Scozia i\u00a0<strong>Swim School<\/strong>, tra grunge anni \u201990, indie moderno e dream-pop.<\/p>\n<p align=\"justify\">Gran finale straripante di energia\u00a0<strong>domenica 23 giugno<\/strong>. Co-headliner della serata due delle band pi\u00f9 interessanti in circolazione: gli irlandesi\u00a0<strong>Fontaines D.C.<\/strong>\u00a0e il pop rock degli inglesi\u00a0<strong>Kasabian<\/strong>, gruppo con all\u2019attivo oltre 5,5 milioni di album venduti in tutto il mondo, un BRIT Award, sette NME Awards, quattro Q Awards.\u00a0Con loro, il live dei londinesi\u00a0<strong>Shame\u00a0<\/strong>con l\u2019ultimo album\u00a0<em>\u201cFood for Worms\u201d<\/em>; e\u00a0<strong>Wu-Lu<\/strong>, produttore, polistrumentista e cantante britannico carico di profondit\u00e0.<\/p>\n<p align=\"justify\"><em>&#8220;Con questa terza edizione stiamo continuando il percorso di crescita di un festival che prima non c\u2019era, dedicato esclusivamente agli appassionati della musica che sono mossi dalle vibrazioni e non dalle classifiche\u201d<\/em>: afferma\u00a0<strong>Mimmo D&#8217;Alessandro, CEO D&#8217;Alessandro e Galli<\/strong>.\u00a0<em>\u201cE in pi\u00f9 in una location unica, piena di storia musicale e di fronte al mare. Un festival che inaugura la stagione estiva musicale in Italia&#8221;.<\/em><\/p>\n<p align=\"justify\">Tra le attivit\u00e0 del festival, si rinnovano anche quest\u2019anno le mattine all\u2019insegna dello\u00a0<strong>Yoga e wellness<\/strong>\u00a0al Bagno Cavallone.<\/p>\n<p align=\"justify\">Torna poi\u00a0<strong>La Prima Estate Talk<\/strong>, la serie di incontri a cura di\u00a0<strong>Michele Boroni<\/strong>\u00a0con gli autori dei pi\u00f9 interessanti libri dedicati alla musica usciti negli ultimi mesi (presenti tra gli altri: Stefano Senardi, Luca De Gennaro, Marta Cagnola e Hamilton Santi\u00e0). Gli appuntamenti sono nella terrazza dello stabilimento balneare\u00a0<strong>Santeria Belmare<\/strong>, lo stesso luogo dove &#8211; in collaborazione con\u00a0<strong>SkyTg24<\/strong>\u00a0&#8211;\u00a0<strong>Valentina Clemente<\/strong>\u00a0intervister\u00e0 gli artisti della rassegna.<\/p>\n<p align=\"justify\">Per chi abbia voglia di scoprire pi\u00f9 a fondo i tesori della Versilia, da quest\u2019anno \u00e8 disponibile per il pubblico\u00a0<strong>\u201cLa Prima Estate in Versilia\u201d: un\u2019esclusiva guida digitale<\/strong>\u00a0&#8211; curata da\u00a0<strong>Saluti dalla Toscana\u00a0<\/strong>in collaborazione con il festival &#8211; che verr\u00e0 inviata via mail gratuitamente a tutti gli acquirenti del biglietto LPE e si collega a Google Maps per poter personalizzare ogni itinerario sul proprio smartphone. Una risorsa preziosa per scoprire i segreti di una terra ricca di storia, cultura e bellezze naturali con una mappa dettagliata dei suoi luoghi pi\u00f9 rappresentativi: dalle spiagge al fascino delle Apuane, dai ristoranti tipici alle boutique delle citt\u00e0 costiere.<\/p>\n<p align=\"justify\">Tra le novit\u00e0 di questa edizione il\u00a0<strong>palco dedicato ai talenti emergenti<\/strong>, preziosa opportunit\u00e0 per le voci meno conosciute, firmato da\u00a0<strong>Farma\u00e8<\/strong>, il brand commerciale di\u00a0<strong>Talea Group<\/strong>, leader in Italia nel settore Salute e Benessere. Farma\u00e8 conferma il suo ruolo di\u00a0<strong>Powering Partner\u00a0<\/strong>dell&#8217;evento per quest&#8217;anno e per le prossime due edizioni e sar\u00e0 presente attivamente con un&#8217;area dedicata dove dar\u00e0 la possibilit\u00e0 ai visitatori di immergersi in esperienze interattive.<\/p>\n<p align=\"justify\"><em>&#8220;Abbiamo deciso di partecipare a questa entusiasmante avventura musicale non solo perch\u00e9 ci unisce un consolidato affetto per il nostro territorio<\/em>\u00a0&#8211; dichiara\u00a0<strong>Alberto Maglione, Vicepresidente di Talea Group<\/strong>\u00a0&#8211;\u00a0<em>ma soprattutto perch\u00e9 La Prima Estate \u00e8 per noi un esempio di quello che intendiamo per &#8216;esperienza di benessere&#8217;. Quel benessere che, nel farci stare bene con noi stessi, ci porta a stare bene con gli altri. Non c\u2019\u00e8 niente di meglio, quindi, che partecipare a uno dei festival pi\u00f9 creativi ed esperienziali del panorama italiano, dove la nostra energia e vitalit\u00e0 si uniranno a tanti illustri brand del settore salute e benessere per creare un\u2019atmosfera unica nel suo genere nell\u2019Area Farma\u00e8\u201d.<\/em><\/p>\n<p align=\"justify\"><em>\u201cSiamo arrivati al terzo capitolo di quello che amo definire un vero miracolo musicale\u201d:<\/em>\u00a0sono le parole del\u00a0<strong>sindaco di Camaiore Marcello Pierucci<\/strong>.\u00a0<em>\u201cLa Prima Estate rappresenta la realizzazione di progetto che, nella sua genesi, poteva essere solo un\u2019illusione: riportare Lido di Camaiore e la Versilia alla ribalta nel panorama della musica internazionale, nella stessa area, quella di BussolaDomani, resa famosa nel mondo dal genio di Sergio Bernardini. Un palcoscenico naturale mozzafiato di cui conoscevamo la forza e il fascino e che, adesso, sta sprigionando tutto il suo potenziale. Questa terza edizione sar\u00e0 sicuramente un ulteriore step di crescita per un Festival innovativo e per il bellissimo territorio in cui sorge\u201d.<\/em><\/p>\n<p align=\"justify\"><strong>Per l\u2019ambiente<\/strong>, nasce da quest\u2019anno il\u00a0<strong>Bar del Riciclo<\/strong>: in cambio di sei bicchieri di birra o sei bottigliette di acqua vuote si ricever\u00e0 una birra o una bottiglietta in omaggio. Un\u2019iniziativa resa possibile dalla collaborazione tra\u00a0<strong>Warsteiner<\/strong>\u00a0e\u00a0<strong>Wami<\/strong>, con la supervisione e il patrocinio di\u00a0<strong>Corepla\u00a0<\/strong>(il Consorzio Nazionale per la Raccolta, il Riciclo e il Recupero degli Imballaggi in Plastica),\u00a0<strong>Pro Food Italia<\/strong>\u00a0ed\u00a0<strong>Ersu\u00a0<\/strong>(la societ\u00e0 di rifiuti di Camaiore).<\/p>\n<p align=\"justify\"><em>\u201cQuesto progetto<\/em>\u00a0\u2013 sottolineano da Corepla \u2013\u00a0<em>ha l\u2019obiettivo di incrementare la raccolta differenziata e punta a promuovere una cultura della sostenibilit\u00e0 attraverso un modello reale e concreto di economia circolare&#8221;.<\/em><\/p>\n<p align=\"justify\">Per incentivare la\u00a0<strong>mobilit\u00e0 dolce<\/strong>, grazie all\u2019accordo con\u00a0<strong>Bit<\/strong>, il pubblico avr\u00e0 a disposizione 2<strong>0 minuti gratuiti per le e-bike e i monopattini in sharing<\/strong>\u00a0presenti su tutto il territorio di Lido di Camaiore e Viareggio.<\/p>\n<p align=\"justify\">La Prima Estate conferma la volont\u00e0 di snellire le code in cassa e sceglie quest\u2019anno\u00a0<strong>card ricaricabili per cibo e bevande<\/strong>\u00a0grazie all\u2019iniziativa sostenuta da\u00a0<strong>Warsteiner<\/strong>\u00a0con\u00a0<strong>Event Solution Group<\/strong>: la propria card potr\u00e0 essere ritirata in uno dei tanti punti dedicati e ricaricata on line oppure in loco, in contanti o carta.<\/p>\n<p align=\"justify\">Powering partner de La Prima Estate \u00e8\u00a0<strong>Farma\u00e8<\/strong>; official partner:\u00a0<strong>Ticketone<\/strong>;\u00a0<strong>Warsteiner<\/strong>, birra ufficiale per il terzo anno consecutivo e acqua ufficiale\u00a0<strong>Wami<\/strong>;\u00a0<strong>Red Bull<\/strong>\u00a0e\u00a0<strong>Vuse<\/strong>.<\/p>\n<p align=\"justify\"><strong>Comune di Camaiore<\/strong>\u00a0e\u00a0<strong>Regione Toscana<\/strong>\u00a0sono i partner istituzionali.<\/p>\n<p align=\"justify\">Il\u00a0<strong>gruppo GEDI<\/strong>\u00a0\u00e8 partner della manifestazione garantendo il supporto dei suoi tre network radiofonici:\u00a0<strong>Radio Deejay, Radio Capital e M2O<\/strong>, con dirette in loco;\u00a0<strong>Sky Tg24<\/strong>\u00a0segue il festival con dirette, reportage e interviste.<\/p>\n<p align=\"center\">I biglietti per La Prima Estate sono in vendita su\u00a0<a href=\"https:\/\/gdgpress.voxmail.it\/nl\/pvwqdx\/j0hi4b\/wx1ggd7\/uf\/5\/aHR0cHM6Ly9sYXByaW1hZXN0YXRlLml0L3RpY2tldHMv?_d=94K&amp;_c=ddcf974d\" target=\"_blank\" rel=\"noopener\" data-saferedirecturl=\"https:\/\/www.google.com\/url?q=https:\/\/gdgpress.voxmail.it\/nl\/pvwqdx\/j0hi4b\/wx1ggd7\/uf\/5\/aHR0cHM6Ly9sYXByaW1hZXN0YXRlLml0L3RpY2tldHMv?_d%3D94K%26_c%3Dddcf974d&amp;source=gmail&amp;ust=1716379851485000&amp;usg=AOvVaw3Jk2-JeP5dX1F_-6nMHUkI\">www.laprimaestate.it<\/a>\u00a0e www.<a href=\"https:\/\/gdgpress.voxmail.it\/nl\/pvwqdx\/j0hi4b\/wx1ggd7\/uf\/6\/aHR0cHM6Ly93d3cudGlja2V0b25lLml0Lw?_d=94K&amp;_c=a54d6150\" target=\"_blank\" rel=\"noopener\" data-saferedirecturl=\"https:\/\/www.google.com\/url?q=https:\/\/gdgpress.voxmail.it\/nl\/pvwqdx\/j0hi4b\/wx1ggd7\/uf\/6\/aHR0cHM6Ly93d3cudGlja2V0b25lLml0Lw?_d%3D94K%26_c%3Da54d6150&amp;source=gmail&amp;ust=1716379851485000&amp;usg=AOvVaw1Asq9uNykw05Q3zBqBD-uL\">ticketone.it<\/a><\/p>\n<p><strong>PRIMO WEEKEND<\/strong>:<br \/>\nVenerd\u00ec 14 giugno |\u00a0<strong>JANE\u2019S ADDICTION &#8211; Dinosaur Jr. &#8211; Sleaford Mods &#8211; Motta<\/strong><\/p>\n<p>Sabato 15 giugno |\u00a0<strong>KAMA KAMA History<\/strong><\/p>\n<p>Domenica 16 giugno |\u00a0<strong>PHOENIX &#8211; 2manydjs dj set &#8211; Venerus<\/strong><\/p>\n<p>&nbsp;<\/p>\n<p><strong>SECONDO WEEKEND<\/strong>:<br \/>\nVenerd\u00ec 21 giugno |\u00a0<strong>PEGGY GOU &#8211; Anotr &#8211; Todd Terje<\/strong><\/p>\n<p>Sabato 22 giugno |\u00a0<strong>PAOLO NUTINI &#8211; Michael Kiwanuka &#8211; Black Country, New Road &#8211; Swim School<\/strong><\/p>\n<p>Domenica 23 giugno |\u00a0<strong>FONTAINES D.C. &#8211; KASABIAN &#8211; Shame- Wu-Lu<\/strong><\/p>\n","protected":false},"excerpt":{"rendered":"<div class=\"mh-excerpt\"><p>Dal 14 al 16 e dal 21 al 23 giugno a Lido di Camaiore (LU) \u201cLA PRIMA ESTATE\u201d Terza edizione \u201cPi\u00f9 che un festival, una <a class=\"mh-excerpt-more\" href=\"https:\/\/www.piuomenopop.it\/index.php\/2024\/05\/22\/la-prima-estate-presenta-la-sua-terza-edizione-dai-janes-addiction-a-peggy-gou-un-palco-unico-per-una-line-up-ambiziosa\/\" title=\"LA PRIMA ESTATE presenta la sua terza edizione: dai Jane\u2019s Addiction a Peggy Gou, un palco unico per una line up ambiziosa\">[&#8230;]<\/a><\/p>\n<\/div>","protected":false},"author":2,"featured_media":84638,"comment_status":"closed","ping_status":"closed","sticky":false,"template":"","format":"standard","meta":{"sfsi_plus_gutenberg_text_before_share":"","sfsi_plus_gutenberg_show_text_before_share":"","sfsi_plus_gutenberg_icon_type":"","sfsi_plus_gutenberg_icon_alignemt":"","sfsi_plus_gutenburg_max_per_row":"","footnotes":"","_links_to":"","_links_to_target":""},"categories":[5184,730,3],"tags":[12920],"class_list":["post-85269","post","type-post","status-publish","format-standard","has-post-thumbnail","hentry","category-calendario-concerti","category-festival","category-news","tag-la-prima-estate"],"aioseo_notices":[],"_links":{"self":[{"href":"https:\/\/www.piuomenopop.it\/index.php\/wp-json\/wp\/v2\/posts\/85269","targetHints":{"allow":["GET"]}}],"collection":[{"href":"https:\/\/www.piuomenopop.it\/index.php\/wp-json\/wp\/v2\/posts"}],"about":[{"href":"https:\/\/www.piuomenopop.it\/index.php\/wp-json\/wp\/v2\/types\/post"}],"author":[{"embeddable":true,"href":"https:\/\/www.piuomenopop.it\/index.php\/wp-json\/wp\/v2\/users\/2"}],"replies":[{"embeddable":true,"href":"https:\/\/www.piuomenopop.it\/index.php\/wp-json\/wp\/v2\/comments?post=85269"}],"version-history":[{"count":2,"href":"https:\/\/www.piuomenopop.it\/index.php\/wp-json\/wp\/v2\/posts\/85269\/revisions"}],"predecessor-version":[{"id":85271,"href":"https:\/\/www.piuomenopop.it\/index.php\/wp-json\/wp\/v2\/posts\/85269\/revisions\/85271"}],"wp:featuredmedia":[{"embeddable":true,"href":"https:\/\/www.piuomenopop.it\/index.php\/wp-json\/wp\/v2\/media\/84638"}],"wp:attachment":[{"href":"https:\/\/www.piuomenopop.it\/index.php\/wp-json\/wp\/v2\/media?parent=85269"}],"wp:term":[{"taxonomy":"category","embeddable":true,"href":"https:\/\/www.piuomenopop.it\/index.php\/wp-json\/wp\/v2\/categories?post=85269"},{"taxonomy":"post_tag","embeddable":true,"href":"https:\/\/www.piuomenopop.it\/index.php\/wp-json\/wp\/v2\/tags?post=85269"}],"curies":[{"name":"wp","href":"https:\/\/api.w.org\/{rel}","templated":true}]}}