{"id":85414,"date":"2024-05-29T19:18:35","date_gmt":"2024-05-29T17:18:35","guid":{"rendered":"https:\/\/www.piuomenopop.it\/?p=85414"},"modified":"2024-05-29T19:19:39","modified_gmt":"2024-05-29T17:19:39","slug":"the-libertines-tornano-live-in-italia-per-due-appuntamenti-speciali-per-presentere-il-nuovo-album-all-quiet-on-the-eastern-esplanade","status":"publish","type":"post","link":"https:\/\/www.piuomenopop.it\/index.php\/2024\/05\/29\/the-libertines-tornano-live-in-italia-per-due-appuntamenti-speciali-per-presentere-il-nuovo-album-all-quiet-on-the-eastern-esplanade\/","title":{"rendered":"THE LIBERTINES &#8211; Tornano live in Italia per due appuntamenti speciali per presentere il nuovo album &#8220;All Quiet On The Eastern Esplanade&#8221;"},"content":{"rendered":"<p style=\"text-align: center;\"><strong>THE LIBERTINES<\/strong><\/p>\n<p style=\"text-align: center;\"><strong>Tornano live\u00a0in Italia per due appuntamenti<br \/>\nspeciali per presentare il nuovo<\/strong>\u00a0<strong>album<br \/>\n&#8220;<\/strong><strong>All Quiet On The Eastern Esplanade<\/strong><strong>&#8220;<\/strong><\/p>\n<p style=\"text-align: center;\"><strong>1\u00a0luglio\u00a0|\u00a0<\/strong><strong>VILLA ADA FESTIVAL<\/strong><strong>\u00a0&#8211;\u00a0Roma<\/strong><br \/>\n<strong>2 luglio |\u00a0<\/strong><strong>MAGNOLIA<\/strong><strong>\u00a0&#8211;\u00a0Milano<\/strong><\/p>\n<p style=\"text-align: center;\"><strong>Prevendite:<\/strong>\u00a0<a href=\"https:\/\/astarteagency.us12.list-manage.com\/track\/click?u=3b9e2672184dbb7678ba36b45&amp;id=cde259108b&amp;e=2dbdabe9d8\" target=\"_blank\" rel=\"noopener\" data-saferedirecturl=\"https:\/\/www.google.com\/url?q=https:\/\/astarteagency.us12.list-manage.com\/track\/click?u%3D3b9e2672184dbb7678ba36b45%26id%3Dcde259108b%26e%3D2dbdabe9d8&amp;source=gmail&amp;ust=1717069788977000&amp;usg=AOvVaw1RnVnByZo5KugTWMKcGmwJ\">https:\/\/dice.fm\/<wbr \/>artist\/the-libertines-7896<\/a><\/p>\n<p>&nbsp;<\/p>\n<p>I\u00a0<strong>THE LIBERTINES<\/strong>\u00a0tornano in Italia per\u00a0<strong>due concerti speciali per presentare dal vivo i brani estratti dal nuovo album\u00a0<\/strong>&#8220;<strong>All Quiet On The Eastern Esplanade<\/strong>&#8220;.<br \/>\nIl gruppo indie rock formato da\u00a0<strong>Pete Doherty<\/strong>,\u00a0<strong>Carl Bar\u00e2t<\/strong>,\u00a0<strong>John Hassall<\/strong>\u00a0e\u00a0<strong>Gary Powell vi aspetta a\u00a0<\/strong><strong>Roma al Villa Ada Festival il 1 luglio e al Magnolia di Milano il 2 luglio<\/strong><strong>,\u00a0<\/strong>grazie a\u00a0<strong>nEw liFe promo<\/strong><strong>\u00a0<\/strong>e\u00a0<strong>ERocks Production.<br \/>\nBiglietti disponibili solo su DICE.<\/strong><\/p>\n<p>Dopo nove anni dal terzo album, i\u00a0<strong>The\u00a0Libertines<\/strong>, la band che insieme a The Strokes ha definito l&#8217;estetica indie\u00a0<em>sleaze<\/em>\u00a0all&#8217;inizio del millennio,\u00a0<strong>tornano con l&#8217;attesissimo quarto album<\/strong>, gi\u00e0 preceduto dalle hit radiofoniche &#8220;<em>Run Run Run<\/em>&#8220;, &#8220;<em>Shiver<\/em>&#8221; e &#8220;<em>Oh, Shit<\/em>&#8220;.<\/p>\n<p>La storia della scrittura di\u00a0<strong>All Quiet On The Eastern Esplanade<\/strong>\u00a0inizia nel settembre del 2022,\u00a0a Port Antonio\u00a0in Giamaica, dove\u00a0<strong>Doherty<\/strong>\u00a0e\u00a0<strong>Bar\u00e2t<\/strong>\u00a0si riuniscono e, lontani da ogni distrazione, l&#8217;alchimia\u00a0tra i due rinasce. A febbraio di quest\u2019anno poi, Peter e Carl si riuniscono a John and Gary a The Albion Rooms e,\u00a0<strong>racconta\u00a0Doherty<\/strong>,\u00a0\u201c<em>siamo davvero tornati insieme come band. \u00c8 stato un raro momento di pace e unione con il contributo di tutti i membri della band<\/em>\u201d.<br \/>\n<strong>Il nuovo disco \u00e8 infatti testimonianza di una band che si riunisce, di un ritrovata armonia generale e della volont\u00e0 di celebrare il proprio passato facendo ottima musica.<\/strong><\/p>\n<p>Secondo\u00a0<strong>Carl<\/strong>, \u00e8 il viaggio dei\u00a0<strong>The Libertines\u00a0<\/strong>che li ha portati a questo momento:\u00a0\u201c<em>Il nostro primo disco \u00e8 nato dall\u2019eccitazione e dall\u2019incredulit\u00e0 del fatto che ci fosse davvero permesso di stare in uno studio. Il secondo \u00e8 nato dal conflitto, il terzo dalla complessit\u00e0 mentre in questo sembra fossimo tutti davvero nello stesso posto, alla stessa velocit\u00e0 e davvero connessi<\/em>\u201d.<\/p>\n<p><strong>Peter<\/strong>:\u00a0\u201c<em>Siamo al settimo cielo e abbiamo fatto goal\u2026 sono contentissimo per i ragazzi!<\/em>\u201d\u00a0aggiunge poi pi\u00f9 seriamente\u00a0\u201c<em>Mi sento come se avessimo completato un cerchio come band, e finalmente possiamo far sentire a tutti queste canzoni perch\u00e9 ce ne sono di fortissime nel disco. Ci saranno altri dischi dei\u00a0Libertines? Lo spero!<\/em>\u201d.<\/p>\n","protected":false},"excerpt":{"rendered":"<div class=\"mh-excerpt\"><p>THE LIBERTINES Tornano live\u00a0in Italia per due appuntamenti speciali per presentare il nuovo\u00a0album &#8220;All Quiet On The Eastern Esplanade&#8220; 1\u00a0luglio\u00a0|\u00a0VILLA ADA FESTIVAL\u00a0&#8211;\u00a0Roma 2 luglio |\u00a0MAGNOLIA\u00a0&#8211;\u00a0Milano <a class=\"mh-excerpt-more\" href=\"https:\/\/www.piuomenopop.it\/index.php\/2024\/05\/29\/the-libertines-tornano-live-in-italia-per-due-appuntamenti-speciali-per-presentere-il-nuovo-album-all-quiet-on-the-eastern-esplanade\/\" title=\"THE LIBERTINES &#8211; Tornano live in Italia per due appuntamenti speciali per presentere il nuovo album &#8220;All Quiet On The Eastern Esplanade&#8221;\">[&#8230;]<\/a><\/p>\n<\/div>","protected":false},"author":2,"featured_media":85415,"comment_status":"closed","ping_status":"closed","sticky":false,"template":"","format":"standard","meta":{"sfsi_plus_gutenberg_text_before_share":"","sfsi_plus_gutenberg_show_text_before_share":"","sfsi_plus_gutenberg_icon_type":"","sfsi_plus_gutenberg_icon_alignemt":"","sfsi_plus_gutenburg_max_per_row":"","footnotes":"","_links_to":"","_links_to_target":""},"categories":[5184,3],"tags":[4071],"class_list":["post-85414","post","type-post","status-publish","format-standard","has-post-thumbnail","hentry","category-calendario-concerti","category-news","tag-the-libertines"],"aioseo_notices":[],"_links":{"self":[{"href":"https:\/\/www.piuomenopop.it\/index.php\/wp-json\/wp\/v2\/posts\/85414","targetHints":{"allow":["GET"]}}],"collection":[{"href":"https:\/\/www.piuomenopop.it\/index.php\/wp-json\/wp\/v2\/posts"}],"about":[{"href":"https:\/\/www.piuomenopop.it\/index.php\/wp-json\/wp\/v2\/types\/post"}],"author":[{"embeddable":true,"href":"https:\/\/www.piuomenopop.it\/index.php\/wp-json\/wp\/v2\/users\/2"}],"replies":[{"embeddable":true,"href":"https:\/\/www.piuomenopop.it\/index.php\/wp-json\/wp\/v2\/comments?post=85414"}],"version-history":[{"count":2,"href":"https:\/\/www.piuomenopop.it\/index.php\/wp-json\/wp\/v2\/posts\/85414\/revisions"}],"predecessor-version":[{"id":85417,"href":"https:\/\/www.piuomenopop.it\/index.php\/wp-json\/wp\/v2\/posts\/85414\/revisions\/85417"}],"wp:featuredmedia":[{"embeddable":true,"href":"https:\/\/www.piuomenopop.it\/index.php\/wp-json\/wp\/v2\/media\/85415"}],"wp:attachment":[{"href":"https:\/\/www.piuomenopop.it\/index.php\/wp-json\/wp\/v2\/media?parent=85414"}],"wp:term":[{"taxonomy":"category","embeddable":true,"href":"https:\/\/www.piuomenopop.it\/index.php\/wp-json\/wp\/v2\/categories?post=85414"},{"taxonomy":"post_tag","embeddable":true,"href":"https:\/\/www.piuomenopop.it\/index.php\/wp-json\/wp\/v2\/tags?post=85414"}],"curies":[{"name":"wp","href":"https:\/\/api.w.org\/{rel}","templated":true}]}}