{"id":85568,"date":"2024-06-07T13:42:07","date_gmt":"2024-06-07T11:42:07","guid":{"rendered":"https:\/\/www.piuomenopop.it\/?p=85568"},"modified":"2024-06-07T13:42:07","modified_gmt":"2024-06-07T11:42:07","slug":"il-13-giugno-ritmika-ospita-la-prima-tappa-del-tour-estivo-di-emma","status":"publish","type":"post","link":"https:\/\/www.piuomenopop.it\/index.php\/2024\/06\/07\/il-13-giugno-ritmika-ospita-la-prima-tappa-del-tour-estivo-di-emma\/","title":{"rendered":"Il 13 Giugno Ritmika ospita la prima tappa del tour estivo di Emma."},"content":{"rendered":"<p><span style=\"font-weight: 400;\">Gioved\u00ec 13 giugno, Ritmika ospita la prima tappa del tour estivo di Emma, <\/span><b>dopo il lancio del nuovo singolo \u201cFemme Fatale\u201d e il successo di \u201cApnea\u201d<\/b><span style=\"font-weight: 400;\">, il brano presentato al Festival di Sanremo 2024, scritto dalla stessa Emma insieme a Paolo Antonacci, Davide Petrella e Julien Boverod (in arte Jvli) che \u00e8 anche il produttore della canzone.\u00a0<\/span><\/p>\n<p><b>\u201cFemme Fatale\u201d \u00e8 un brano tutto da ballare.<\/b><span style=\"font-weight: 400;\"> Dai ritmi serrati ed ipnotici, con un ritornello dal sapore dance, l\u2019elettro pop di \u201cFemme Fatale\u201d si inserisce perfettamente nel percorso artistico e musicale che Emma ha intrapreso nell\u2019ultimo anno, confermando la sua versatilit\u00e0 e la capacit\u00e0 di reinventarsi mettendosi sempre alla prova. Il brano \u00e8 scritto da Jacopo Ettorre che ha composto la musica insieme a Jvli Starchild, produttori della canzone.\u00a0<\/span><\/p>\n<p><span style=\"font-weight: 400;\">\u201cFemme Fatale\u201d arriva ad un anno di distanza da \u201cMezzo Mondo\u201d (disco di platino), primo singolo che ha anticipato l\u2019uscita dell\u2019ultimo album di inediti \u201cSouvenir\u201d (disco d\u2019oro). \u00c8 stato un anno musicalmente molto intenso per Emma e ricco di grandi successi, tra cui il brano sanremese <\/span><b>\u201cApnea\u201d<\/b><span style=\"font-weight: 400;\"> (certificato platino) che <\/span><b>mantiene attualmente una posizione di grande rilievo nelle classifiche musicali e radiofoniche italiane<\/b><span style=\"font-weight: 400;\">: #14, a distanza di 3 mesi dall\u2019uscita. \u201cSouvenir\u201d invece, ad una settimana dall\u2019uscita, \u00e8 entrato direttamente al primo posto della classifica ufficiale FIMI\/GfK dei dischi pi\u00f9 venduti, rendendo <\/span><b>Emma la terza artista italiana donna ad arrivare al vertice della classifica nel 2023.\u00a0<\/b><\/p>\n<p><b>Opening act: Claudym. <\/b><span style=\"font-weight: 400;\">Una popstar senza essere star, una \u201c<\/span><i><span style=\"font-weight: 400;\">real bad girl\u201d<\/span><\/i><span style=\"font-weight: 400;\"> senza essere <\/span><i><span style=\"font-weight: 400;\">bad<\/span><\/i><span style=\"font-weight: 400;\">. Un\u2019autoironia innata, sua cifra stilistica, e l\u2019attitudine di chi sa prendersi non troppo sul serio ma fa sul serio, la musica di Claudym \u2013 alias di Claudia Maccechini &#8211; \u00e8 un unicum nel panorama musicale italiano. Artista a tutto tondo, cura ogni aspetto del suo progetto da quello musicale a quello creativo: dall\u2019identit\u00e0 visiva agli artwork delle copertine, dagli storyboard fino alla produzione dei videoclip. <\/span><b>Venerd\u00ec 8 marzo esce su tutte le piattaforme digitali per Island Records <\/b><b><i>Incidenti Di Percorso,<\/i><\/b><b> il primo album di Claudym, anticipato in radio dal brano <\/b><b><i>Pi\u00f9 di cos\u00ec<\/i><\/b><b>. <\/b><span style=\"font-weight: 400;\">Se nel 2022 con l\u2019ep d\u2019esordio <\/span><i><span style=\"font-weight: 400;\">Un-Popular <\/span><\/i><span style=\"font-weight: 400;\">si presentava da outsider della scena musicale raccontandosi senza censure e dando prova della sua versatilit\u00e0, con il suo primo album<\/span> <span style=\"font-weight: 400;\">Claudym allarga e definisce i propri orizzonti artistici, raccontando quegli incidenti di percorso e quelle deviazioni che scombinano i piani ma obbligano a reagire e scoprirsi.\u00a0<\/span><\/p>\n<p>&nbsp;<\/p>\n<p><span style=\"font-weight: 400;\">EMMA \u2013 BIO\u00a0<\/span><\/p>\n<p><span style=\"font-weight: 400;\">Artista versatile ed eclettica, Emma, all\u2019anagrafe Emmanuela Marrone, \u00e8 stata consacrata come una delle voci pi\u00f9 amate del panorama musicale italiano. Emma nasce a Firenze il 25 maggio 1984, vive la sua prima infanzia a Sesto Fiorentino e in seguito si trasferisce con la famiglia ad Aradeo (Puglia), terra d\u2019origine dei suoi genitori.\u00a0\u00a0<\/span><\/p>\n<p><span style=\"font-weight: 400;\">Il grande successo arriva dopo la vittoria del talent \u201cAmici\u201d, a marzo 2010. In seguito, partecipa in gara al Festival di Sanremo nel 2011, in coppia con i Mod\u00e0, conquistando la seconda posizione con il brano \u201c<\/span><i><span style=\"font-weight: 400;\">Arriver\u00e0<\/span><\/i><span style=\"font-weight: 400;\">\u201d, e nel 2012 trionfando con il brano \u201c<\/span><i><span style=\"font-weight: 400;\">Non \u00e8 l&#8217;inferno<\/span><\/i><span style=\"font-weight: 400;\">\u201d. Nel settembre 2011 esce l\u2019album <\/span><i><span style=\"font-weight: 400;\">\u201c<\/span><\/i><span style=\"font-weight: 400;\">Sar\u00f2 Libera\u201d (che entra direttamente alla prima posizione della classifica di vendite e in poche settimane viene certificato oro). Dopo la vittoria a Sanremo 2012, pubblica \u201cSar\u00f2 Libera Sanremo Edition\u201d, certificato doppio platino e premiato ai Wind Music Awards. Il singolo \u201c<\/span><i><span style=\"font-weight: 400;\">Cercavo Amore<\/span><\/i><span style=\"font-weight: 400;\">\u201d diventa una delle hit dell\u2019estate 2012 e il tour, partito in luglio e terminato a dicembre, registra il sold out in tutte le date.\u00a0\u00a0<\/span><\/p>\n<p><span style=\"font-weight: 400;\">Nel 2013 esce l\u2019album \u201cSchiena\u201d, anticipato dal singolo \u201c<\/span><i><span style=\"font-weight: 400;\">Amami<\/span><\/i><span style=\"font-weight: 400;\">\u201d di cui Emma \u00e8 autrice di testo e musica. Il disco propone 11 brani e si avvale della collaborazione di Mylious Johnson, gi\u00e0 batterista di star internazionali (Madonna e Pink). \u00a0L\u2019album \u00e8 il 5\u00b0 pi\u00f9 venduto del 2013 e debutta al primo posto in classifica FIMI conquistando a dicembre il doppio platino. Nel giugno 2013 viene premiata ai Wind Music Awards 2013 con il Premio CD Oro per \u201c<\/span><i><span style=\"font-weight: 400;\">Schiena<\/span><\/i><span style=\"font-weight: 400;\">\u201d e come Premio Digital Songs Platino per il singolo \u201c<\/span><i><span style=\"font-weight: 400;\">Amami<\/span><\/i><span style=\"font-weight: 400;\">\u201d e agli Mtv Awards nella categoria \u201c<\/span><i><span style=\"font-weight: 400;\">Wonder Woman<\/span><\/i><span style=\"font-weight: 400;\">\u201d. Nel settembre dello stesso anno riceve 6 nominations ai World Music Awards ed \u00e8 l\u2019unica donna candidata nella categoria \u201c<\/span><i><span style=\"font-weight: 400;\">Best Italian Act<\/span><\/i><span style=\"font-weight: 400;\">\u201d agli MTV Music Awards.\u00a0<\/span><\/p>\n<p><span style=\"font-weight: 400;\">Nel 2014 \u00e8 stata scelta, come rappresentante dell&#8217;Italia, all&#8217;Eurovision Song Contest 2014 con il brano \u201c<\/span><i><span style=\"font-weight: 400;\">La mia citt\u00e0<\/span><\/i><span style=\"font-weight: 400;\">\u201d. A luglio, con un concerto-evento all\u2019Arena di Verona accompagnata da un\u2019orchestra di 13 elementi, parte il tour \u201c<\/span><i><span style=\"font-weight: 400;\">Emma limited edition<\/span><\/i><span style=\"font-weight: 400;\">\u201d. A settembre dello stesso anno duetta con Pino Daniele all&#8217;<\/span><a href=\"http:\/\/it.wikipedia.org\/wiki\/Arena_di_Verona\"><span style=\"font-weight: 400;\">Arena di Verona<\/span><\/a><span style=\"font-weight: 400;\"> durante \u201c<\/span><i><span style=\"font-weight: 400;\">Concerto\u00a0Nero a met\u00e0<\/span><\/i><span style=\"font-weight: 400;\">\u201d. A novembre parte il nuovo tour \u201cEMMA 3.0\u201d.<\/span> <span style=\"font-weight: 400;\">Nel\u00a0<\/span><a href=\"http:\/\/it.wikipedia.org\/wiki\/2015\"><span style=\"font-weight: 400;\">2015<\/span><\/a><span style=\"font-weight: 400;\">\u00a0<\/span><a href=\"http:\/\/it.wikipedia.org\/wiki\/Carlo_Conti_(conduttore_televisivo)\"><span style=\"font-weight: 400;\">Carlo Conti<\/span><\/a><span style=\"font-weight: 400;\">, direttore artistico e conduttore della 65esima edizione del \u00a0<\/span><a href=\"http:\/\/it.wikipedia.org\/wiki\/Festival_di_Sanremo_2015\"><span style=\"font-weight: 400;\">Festival di Sanremo<\/span><\/a><span style=\"font-weight: 400;\">, la sceglie come volto femminile della kermesse canora accanto ad\u00a0<\/span><a href=\"http:\/\/it.wikipedia.org\/wiki\/Arisa\"><span style=\"font-weight: 400;\">Arisa<\/span><\/a><span style=\"font-weight: 400;\">\u00a0e a <\/span><a href=\"http:\/\/it.wikipedia.org\/wiki\/Roc%C3%ADo_Mu%C3%B1oz_Morales\"><span style=\"font-weight: 400;\">Roc\u00edo Mu\u00f1oz Morales<\/span><\/a><span style=\"font-weight: 400;\">. A giugno 2015 esce il brano \u201c<\/span><i><span style=\"font-weight: 400;\">Occhi profondi<\/span><\/i><span style=\"font-weight: 400;\">\u201d (doppio platino) che entra di diritto tra i brani di grande successo dell\u2019estate. A novembre esce \u201cAdesso\u201d, il quinto disco di inediti che in poche settimane raggiunge il traguardo di disco di Platino e che per la prima volta l\u2019ha vista impegnata anche nel ruolo di produttrice. \u201cAdesso\u201d (doppio platino) contiene tra gli altri, i singoli \u201c<\/span><i><span style=\"font-weight: 400;\">Arriver\u00e0 l\u2019amore<\/span><\/i><span style=\"font-weight: 400;\">\u201d e \u201c<\/span><i><span style=\"font-weight: 400;\">Io di te non ho paura<\/span><\/i><span style=\"font-weight: 400;\">\u201d che hanno scalato le classifiche italiane.\u00a0<\/span><\/p>\n<p><span style=\"font-weight: 400;\">Nel 2016 ha collaborato con Alvaro Soler nel brano \u201c<\/span><i><span style=\"font-weight: 400;\">Libre<\/span><\/i><span style=\"font-weight: 400;\">\u201d, contenuto nell\u2019album dell\u2019artista spagnolo, certificato platino. Il 2018 \u00e8 l\u2019anno di \u201cEssere Qui\u201d (certificato platino), il sesto album di inediti che vanta le collaborazioni musicali di Enrico \u201cNinja\u201d Matta, Paul Turner, Adriano Viterbini. Il disco, mixato e registrato da Matt Howe alle Officine Meccaniche di Milano, \u00e8 stato anticipato dal singolo, \u201c<\/span><i><span style=\"font-weight: 400;\">L\u2019isola<\/span><\/i><span style=\"font-weight: 400;\">\u201d, scritto da Roberto Angelini, Gigi Canu e Marco Baroni dei Planet Funk e in una sola settimana ha raggiunto i primi posti della classifica Airplay. Nel corso dell\u2019anno sono usciti anche i singoli <\/span><i><span style=\"font-weight: 400;\">\u201cEffetto Domino<\/span><\/i><span style=\"font-weight: 400;\">\u201d e <\/span><i><span style=\"font-weight: 400;\">\u201cMi parli Piano<\/span><\/i><span style=\"font-weight: 400;\">\u201d e a maggio parte il tour <\/span><i><span style=\"font-weight: 400;\">\u201cEssere qui<\/span><\/i><span style=\"font-weight: 400;\">\u201d nei palazzetti d\u2019Italia. Nel 2018, durante l\u2019<\/span><i><span style=\"font-weight: 400;\">Experience and Innocence tour <\/span><\/i><span style=\"font-weight: 400;\">degli U2 in Italia, Emma ha fatto sentire la sua voce sulle note del brano \u201c<\/span><i><span style=\"font-weight: 400;\">Women of the world\u201d<\/span><\/i><span style=\"font-weight: 400;\"> per #womenoftheworldtakeover in supporto all\u2019associazione ONE e alla campagna \u201c<\/span><i><span style=\"font-weight: 400;\">Poverty is Sexist<\/span><\/i><span style=\"font-weight: 400;\">\u201d. Bono ha ringraziato Emma dal palco per la collaborazione e per il suo impegno sul tema dei diritti delle donne.\u00a0<\/span><\/p>\n<p><span style=\"font-weight: 400;\">Nel 2019 Emma mette a segno una nuova collaborazione internazionale con i Thirty Seconds to Mars sul singolo <\/span><i><span style=\"font-weight: 400;\">\u201cLove is Madness<\/span><\/i><span style=\"font-weight: 400;\">\u201d. Ad ottobre esce il settimo disco di inediti \u201cFortuna\u201d, anticipato in radio dal singolo \u201c<\/span><i><span style=\"font-weight: 400;\">Io sono bella<\/span><\/i><span style=\"font-weight: 400;\">\u201d, scritto per lei da Vasco Rossi e per due settimane consecutive brano pi\u00f9 trasmesso dalle radio italiane. Dal disco sono stati estratti i grandi successo tra cui \u201c<\/span><i><span style=\"font-weight: 400;\">Stupida Allegria<\/span><\/i><span style=\"font-weight: 400;\">\u201d e <\/span><i><span style=\"font-weight: 400;\">\u201cLuci Blu<\/span><\/i><span style=\"font-weight: 400;\">\u201d. Con \u201cFortuna\u201d, Emma, nel suo decimo anniversario di carriera, torna pi\u00f9 matura e consapevole con un disco positivo, dal sound moderno e un nuovo linguaggio vocale. \u201cFortuna\u201d entra direttamente al primo posto della classifica dei dischi pi\u00f9 venduti ed \u00e8 certificato oro. A gennaio 2020 esce il singolo \u201c<\/span><i><span style=\"font-weight: 400;\">Pezzo Di Cuore<\/span><\/i><span style=\"font-weight: 400;\">\u201d (certificato platino), primo duetto inedito insieme ad Alessandra Amoroso, che riscontra subito grande successo. A causa dello stop da pandemia covid-19, Emma torna live a giugno 2021 con il \u201cFortuna Tour\u201d, per celebrare i suoi primi 10 anni di carriera, partendo ufficialmente dall\u2019Arena di Verona. A giugno esce il singolo \u201c<\/span><i><span style=\"font-weight: 400;\">Che sogno incredibile<\/span><\/i><span style=\"font-weight: 400;\">\u201d (certificato oro), prima collaborazione su un brano inedito insieme a Loredana Bert\u00e8. Il brano anticipa l\u2019uscita di \u201cBest of ME\u201d (25 giugno 2021), raccolta dei grandi successi di EMMA, alcuni dei quali riprodotti e riarrangiati in una veste inedita.\u00a0<\/span><\/p>\n<p><span style=\"font-weight: 400;\">Nel 2020 e nel 2021 ricopre il ruolo di giudice ad \u201cX-Factor\u201d Italia e negli stessi anni si approccia al mondo della recitazione facendo il suo esordio al cinema nel film di Gabriele Muccino \u201cGli anni pi\u00f9 belli\u201d e in tv con la serie Sky \u201cA casa tutti bene\u201d. A febbraio 2022, a distanza di 10 anni esatti dalla vittoria del Festival di Sanremo con il brano <\/span><i><span style=\"font-weight: 400;\">\u201cNon \u00e8 l\u2019inferno<\/span><\/i><span style=\"font-weight: 400;\">\u201d, torna in gara sul palco del Teatro Ariston per la 72esima edizione della Kermesse con il brano <\/span><i><span style=\"font-weight: 400;\">\u201cOgni volta \u00e8 cos\u00ec\u201d<\/span><\/i><span style=\"font-weight: 400;\"> (certificato platino), contenuto in un 45 giri esclusivo e da collezione. A giugno 2022, insieme a Fiorella Mannoia, Alessandra Amoroso, Giorgia, Elisa, Gianna Nannini e Laura Pausini, Emma \u00e8 stata una delle 7 protagoniste del pi\u00f9 grande evento musicale di sempre contro le violenze di genere, \u201cUna.Nessuna.Centomila. Il concerto\u201d, alla RCF Arena Reggio Emilia (Campovolo). Ad ottobre 2022, dopo essere stata scelta come protagonista da Stefano Chiantini per il suo nuovo progetto cinematografico \u201cIl Ritorno\u201d (nelle sale a dicembre 2022), Emma ha presentato in anteprima il film in occasione della Festa del Cinema di Roma 2022, all\u2019interno della sezione autonoma e parallela dedicata alle giovani generazioni, \u201cAlice nella citt\u00e0\u201d. A novembre 2022 esce su Prime Video \u201cSbagliata Ascendente Leone\u201d, il primo docu-film dedicato ad Emma. Nato da una sua idea, Emma racconta per la prima volta in prima persona s\u00e9 stessa, come artista e come donna.\u00a0<\/span><\/p>\n<p><span style=\"font-weight: 400;\">Ad aprile 2023, Emma torna con \u201c<\/span><i><span style=\"font-weight: 400;\">Mezzo Mondo<\/span><\/i><span style=\"font-weight: 400;\">\u201d (certificato platino) brano che segna la strada del suo nuovo ritorno musicale e che \u00e8 stato certificato platino. A giugno esce \u201c<\/span><i><span style=\"font-weight: 400;\">Taxi sulla luna<\/span><\/i><span style=\"font-weight: 400;\">\u201d insieme a Tony Effe, brano certificato triplo platino. A settembre 2023 pubblica \u201c<\/span><i><span style=\"font-weight: 400;\">Iniziamo dalla fine<\/span><\/i><span style=\"font-weight: 400;\">\u201d (certificato oro), singolo che avvicina sempre di pi\u00f9 al nuovo disco di inediti \u201cSouvenir\u201d, uscito ad ottobre 2023. L\u2019album (certificato oro) ad una settimana dall\u2019uscita, \u00e8 entrato direttamente al primo posto della classifica ufficiale FIMI\/GfK dei dischi pi\u00f9 venduti, rendendo EMMA la terza artista donna ad arrivare al vertice della classifica nel 2023. Il terzo singolo estratto dal disco \u00e8 \u201c<\/span><i><span style=\"font-weight: 400;\">Amore Cane<\/span><\/i><span style=\"font-weight: 400;\">\u201d feat Lazza (certificato oro): il brano &#8211; entrato in top10 EarOne &#8211; consacra il rapporto d&#8217;amicizia e professionale tra i due artisti (Emma \u00e8 stata ospite di Lazza in occasione della serata delle cover del Festival di Sanremo 2023, duettando con lui sulle note del brano \u201cLa fine\u201d di Nesli). A novembre e dicembre Emma presenta live al suo pubblico l\u2019album con \u201cSouvenir in da club\u201d: 18 appuntamenti speciali in 8 club d\u2019Italia per ritrovarsi insieme ai propri fan e far conoscere interamente la vera anima del suo nuovo progetto discografico.\u00a0<\/span><\/p>\n<p><span style=\"font-weight: 400;\">Nel 2024 torna in gara al Festival di Sanremo con il brano <\/span><i><span style=\"font-weight: 400;\">\u201cApnea<\/span><\/i><span style=\"font-weight: 400;\">\u201d (certificato platino), riscontrando grande successo di pubblico. A febbraio Fabri Fibra sceglie Emma come voce femminile della sua \u201c<\/span><i><span style=\"font-weight: 400;\">In Italia 2024<\/span><\/i><span style=\"font-weight: 400;\">\u201d, una versione aggiornata del brano di successo del rapper realizzata per l\u2019occasione in collaborazione con Emma e Baby Gang. A maggio esce il nuovo singolo \u201cFemme Fatale\u201d e da giugno parte in tour nei principali Festival italiani. A novembre 2024 sar\u00e0 in concerto nei palazzetti di Milano, Roma e Bari per uno show unico, ad un anno dalla pubblicazione del disco di inediti \u201cSouvenir\u201d. Nel corso di oltre 10 anni di carriera Emma ha duettato e collaborato con i pi\u00f9 importanti artisti del panorama musicale italiano e ha ricevuto moltissimi riconoscimenti, tra cui 1 Venice Music Award, 1 TRL Award, 3 MTV Awards, 15 Wind Music Awards per le vendite dei suoi album, singoli e live, premiati come dischi d&#8217;oro, di platino e multiplatino. Oltre che varie candidature agli MTV Europe Music Awards e ai World Music Award. Instancabile dal punto di vista artistico e umano, Emma \u00e8 da sempre impegnata nel sociale come testimonial di importanti battaglie e non si \u00e8 mai tirata indietro nel sostenere cause importanti sia come portavoce di varie associazioni sia attraverso i temi trattati nei suoi brani.\u00a0<\/span><\/p>\n<p><span style=\"font-weight: 400;\">Emma e i social: oltre 6 milioni e 600 mila\u00a0follower su Instagram, pi\u00f9 di 2 milioni e 600 mila followers su X, pi\u00f9 di 605 milioni di visualizzazioni sul canale ufficiale Youtube, 8,5 milioni di like su TikTok.\u00a0<\/span><\/p>\n<p>&nbsp;<\/p>\n<p><span style=\"font-weight: 400;\">CLAUDYM \u2013 BIO\u00a0<\/span><\/p>\n<p><span style=\"font-weight: 400;\">Claudia Maccechini, in arte Claudym, \u00e8 una cantante e illustratrice milanese, considerata tra i nomi pi\u00f9 interessanti del nuovo pop made in Italy. La sua carriera musicale inizia con la pubblicazione dei primi brani, in lingua inglese, da indipendente. Grazie al suo talento viene notata da Universal \/ Island Records e nel 2021 entra nel loro roster, iniziando a scrivere in italiano. Claudym scrive e compone personalmente le sue canzoni, nelle quali affronta tematiche molto intime e personali ma allo stesso tempo comuni alla maggior parte degli ascoltatori, fondendo il nuovo pop con tappeti elettronici dal retrogusto internazionale.\u00a0<\/span><\/p>\n<p><span style=\"font-weight: 400;\">Dopo i primi singoli con Island, nel 2022 esce il suo primo EP \u201cUN-POPULAR\u201d, poliedrico ed eterogeneo esattamente come lei. L\u2019EP \u00e8 stato accolto positivamente dalla stampa, ma anche da VEVO, Tidal e Amazon Music: quest\u2019ultimo in particolare l\u2019ha selezionata per il loro programma globale \u201cAmazon Breakthrough\u201d, pensato per supportare la crescita degli artisti emergenti nel momento iniziale della loro carriera. Questo progetto ha visto Claudym protagonista di un\u2019esibizione live insieme agli altri due artisti Breakthrough, da cui sono poi stati tratti una versione live del suo EP e un documentario, uscito a ottobre su Prime Video. Nella primavera 2022 \u00e8 iniziato il suo tour italiano, a cui si sommano le date come opening act dei Pinguini Tattici Nucleari per due date a Firenze e una al Mediolanum Forum, tutte e tre sold out e la partecipazione al MI AMI.<\/span><span style=\"font-weight: 400;\">\u00a0<\/span><\/p>\n<p><span style=\"font-weight: 400;\">Claudym non si considera solo una musicista, perch\u00e9 cura ogni aspetto visivo delle sue copertine e dei suoi videoclip, partecipando attivamente alla produzione e agli storyboard. Inoltre la sua carriera artistica inizia come illustratrice, approcciandosi al mondo delle miniature: in breve i suoi lavori ottengono grande successo. Il suo talento la porta a collaborare con brand come Lavazza, Adidas, Vans e Superga. Sempre nel 2022, il 28 ottobre esce il nuovo singolo \u201cBugia\u201d, primo estratto dal nuovo progetto discografico. Nel 2023, \u00e8 tra le artiste selezionate dall\u2019autorevole network Keychange, nato per colmare il gender gap nell\u2019industria musicale, per l\u2019innovativo programma annuale di sviluppo dei talenti nella musica. Il 30 marzo esce il nuovo singolo e video \u201cJoanne\u201d, una dichiarazione d\u2019amore atipica, straordinariamente onesta, a un\u2019amica, ma anche a quella parte di noi stessi che fatichiamo di pi\u00f9 ad accettare. Seguono il 30 giugno l\u2019uscita di \u201cCose che si dicono\u201d, inserito nelle maggiori playlist editoriali (Indie italia, Caleido, Sanguegiovane, Novit\u00e0 pop, Scuola indie, Equal italia) e il 17 novembre di \u201cUomini Alfa\u201d, critica alla cultura patriarcale. Nel 2024, esce il 23 febbraio \u201cUna Settimana Da Dio (God\u2019s Plan)\u201d, ultimo singolo che anticipa l\u2019album d\u2019esordio \u201cIncidenti Di Percorso\u201d in uscita l\u20198 marzo per Island Records.<\/span><\/p>\n<p>&nbsp;<\/p>\n<p><span style=\"font-weight: 400;\">Ritmika \u00e8 un progetto prodotto da Fondazione Reverse. Con il patrocinio di Fondazione CRT. Sustainability Partner: Iren. Main sponsor: 45\u00b0 NORD. Creative Mind: Noir Studio. Fan Partner: Ticketswap. Ticketing Partner: Ticketmaster. Charity Partner: Air Down.\u00a0\u00a0\u00a0<\/span><\/p>\n<p>&nbsp;<\/p>\n<p><span style=\"font-weight: 400;\">Info\u00a0<\/span><\/p>\n<p><i><span style=\"font-weight: 400;\">Gioved\u00ec 13 giugno<\/span><\/i><\/p>\n<p><span style=\"font-weight: 400;\">PalaExpo Moncalieri<\/span><\/p>\n<p><span style=\"font-weight: 400;\">Piazza del Mercato 3 bis, Moncalieri (TO)<\/span><\/p>\n<p><b>Emma<\/b><\/p>\n<p><b>Opening act: Claudym<\/b><\/p>\n<p><span style=\"font-weight: 400;\">Biglietti: 37,95 euro + ddp<\/span><\/p>\n<p><span style=\"font-weight: 400;\">Biglietti su Ticketone, Dice, Ticketmaster<\/span><\/p>\n<p><span style=\"font-weight: 400;\">Inizio concerti: ore 21 \u2013 Apertura cancelli: ore 18<\/span><\/p>\n<p>&nbsp;<\/p>\n<p><b>www.ritmika.it | info@ritmika.it\u00a0<\/b><\/p>\n<p><b>FB <\/b><span style=\"font-weight: 400;\">ritmika.festival | <\/span><b>IG <\/b><span style=\"font-weight: 400;\">ritmika.festival<\/span><\/p>\n<p><span style=\"font-weight: 400;\">#ritmika2024 #ritmika<\/span><\/p>\n<p><b>YOUTUBE <\/b><span style=\"font-weight: 400;\">ritmikafestival<\/span><\/p>\n<p><b>TELEGRAM<\/b><span style=\"font-weight: 400;\"> ritmikafestival<\/span><\/p>\n<p>&nbsp;<\/p>\n<p><span style=\"font-weight: 400;\">Ufficio stampa<\/span><\/p>\n<p><span style=\"font-weight: 400;\">Fondazione Reverse<\/span><\/p>\n<p><span style=\"font-weight: 400;\">Simona Savoldi 339 6598721 | simona.savoldi@fondazionereverse.com\u00a0<\/span><\/p>\n<p>&nbsp;<\/p>\n<p><span style=\"font-weight: 400;\">Citt\u00e0 di Moncalieri<\/span><\/p>\n<p><span style=\"font-weight: 400;\">Lorenzo Mauro 347 8478027\u00a0| <\/span><a href=\"mailto:lorenzo.mauro@comune.moncalieri.to.it\"><span style=\"font-weight: 400;\">lorenzo.mauro@comune.moncalieri.to.it<\/span><\/a><\/p>\n","protected":false},"excerpt":{"rendered":"<div class=\"mh-excerpt\"><p>Gioved\u00ec 13 giugno, Ritmika ospita la prima tappa del tour estivo di Emma, dopo il lancio del nuovo singolo \u201cFemme Fatale\u201d e il successo di <a class=\"mh-excerpt-more\" href=\"https:\/\/www.piuomenopop.it\/index.php\/2024\/06\/07\/il-13-giugno-ritmika-ospita-la-prima-tappa-del-tour-estivo-di-emma\/\" title=\"Il 13 Giugno Ritmika ospita la prima tappa del tour estivo di Emma.\">[&#8230;]<\/a><\/p>\n<\/div>","protected":false},"author":45,"featured_media":85569,"comment_status":"closed","ping_status":"closed","sticky":false,"template":"","format":"standard","meta":{"sfsi_plus_gutenberg_text_before_share":"","sfsi_plus_gutenberg_show_text_before_share":"","sfsi_plus_gutenberg_icon_type":"","sfsi_plus_gutenberg_icon_alignemt":"","sfsi_plus_gutenburg_max_per_row":"","footnotes":"","_links_to":"","_links_to_target":""},"categories":[5184,730,3,939,2666,457],"tags":[14061,14060,13924,14059,13735,13119,2544],"class_list":["post-85568","post","type-post","status-publish","format-standard","has-post-thumbnail","hentry","category-calendario-concerti","category-festival","category-news","category-pop","category-pop-rock","category-rock","tag-citta-di-moncalieri","tag-claudym","tag-emma","tag-fondazione-reverse","tag-moncalieri","tag-ritmika","tag-torino"],"aioseo_notices":[],"_links":{"self":[{"href":"https:\/\/www.piuomenopop.it\/index.php\/wp-json\/wp\/v2\/posts\/85568","targetHints":{"allow":["GET"]}}],"collection":[{"href":"https:\/\/www.piuomenopop.it\/index.php\/wp-json\/wp\/v2\/posts"}],"about":[{"href":"https:\/\/www.piuomenopop.it\/index.php\/wp-json\/wp\/v2\/types\/post"}],"author":[{"embeddable":true,"href":"https:\/\/www.piuomenopop.it\/index.php\/wp-json\/wp\/v2\/users\/45"}],"replies":[{"embeddable":true,"href":"https:\/\/www.piuomenopop.it\/index.php\/wp-json\/wp\/v2\/comments?post=85568"}],"version-history":[{"count":1,"href":"https:\/\/www.piuomenopop.it\/index.php\/wp-json\/wp\/v2\/posts\/85568\/revisions"}],"predecessor-version":[{"id":85570,"href":"https:\/\/www.piuomenopop.it\/index.php\/wp-json\/wp\/v2\/posts\/85568\/revisions\/85570"}],"wp:featuredmedia":[{"embeddable":true,"href":"https:\/\/www.piuomenopop.it\/index.php\/wp-json\/wp\/v2\/media\/85569"}],"wp:attachment":[{"href":"https:\/\/www.piuomenopop.it\/index.php\/wp-json\/wp\/v2\/media?parent=85568"}],"wp:term":[{"taxonomy":"category","embeddable":true,"href":"https:\/\/www.piuomenopop.it\/index.php\/wp-json\/wp\/v2\/categories?post=85568"},{"taxonomy":"post_tag","embeddable":true,"href":"https:\/\/www.piuomenopop.it\/index.php\/wp-json\/wp\/v2\/tags?post=85568"}],"curies":[{"name":"wp","href":"https:\/\/api.w.org\/{rel}","templated":true}]}}