{"id":85777,"date":"2024-06-20T13:37:10","date_gmt":"2024-06-20T11:37:10","guid":{"rendered":"https:\/\/www.piuomenopop.it\/?p=85777"},"modified":"2024-06-20T13:38:29","modified_gmt":"2024-06-20T11:38:29","slug":"men-go-music-fest-paolo-benvegnu-chiude-il-festival-con-un-concerto-allalba-domenica-14-luglio","status":"publish","type":"post","link":"https:\/\/www.piuomenopop.it\/index.php\/2024\/06\/20\/men-go-music-fest-paolo-benvegnu-chiude-il-festival-con-un-concerto-allalba-domenica-14-luglio\/","title":{"rendered":"MEN\/GO MUSIC FEST: PAOLO BENVEGN\u00d9 chiude il festival con un concerto all&#8217;alba domenica 14 luglio"},"content":{"rendered":"<p align=\"center\"><strong>MEN\/GO MUSIC FEST<\/strong><\/p>\n<p align=\"center\"><strong>LA 20SIMA EDIZIONE<\/strong><\/p>\n<p align=\"center\"><strong><em>UN EVENTO SPECIALE CHIUDER\u00c0 IL FESTIVAL<\/em><\/strong><\/p>\n<p align=\"center\"><strong>PAOLO BENVEGN\u00d9<\/strong><\/p>\n<p align=\"center\"><strong>\u00a0<\/strong><strong><em>LIVE ALL\u2019ALBA E COLAZIONE<\/em><\/strong><strong><em>\u00a0<\/em><\/strong><\/p>\n<p align=\"center\"><u>DOMENICA 14 LUGLIO 2024<\/u><\/p>\n<p align=\"center\"><u>FORTEZZA MEDICEA &#8211; AREZZO<\/u><\/p>\n<p align=\"center\"><u>\u00a0<\/u><\/p>\n<p align=\"center\"><strong>BIGLIETTI DISPONIBILI:<\/strong><\/p>\n<p align=\"center\"><a href=\"https:\/\/voodoocomm.voxmail.it\/nl\/pvotor\/qvesev\/yinra3r\/uf\/1\/aHR0cHM6Ly93d3cudGlja2V0b25lLml0L2V2ZW50L3Bhb2xvLWJlbnZlZ251LWZvcnRlenphLW1lZGljZWEtMTg2OTg1NjIv?_d=95G&amp;_c=1223de8b\" target=\"_blank\" rel=\"noopener\" data-saferedirecturl=\"https:\/\/www.google.com\/url?q=https:\/\/voodoocomm.voxmail.it\/nl\/pvotor\/qvesev\/yinra3r\/uf\/1\/aHR0cHM6Ly93d3cudGlja2V0b25lLml0L2V2ZW50L3Bhb2xvLWJlbnZlZ251LWZvcnRlenphLW1lZGljZWEtMTg2OTg1NjIv?_d%3D95G%26_c%3D1223de8b&amp;source=gmail&amp;ust=1718969125498000&amp;usg=AOvVaw1dRIQzTd9BPZJjPnPHwY2G\">https:\/\/www.ticketone.it\/<wbr \/>event\/paolo-benvegnu-fortezza-<wbr \/>medicea-18698562\/<\/a><u><\/u><\/p>\n<p align=\"center\"><a href=\"https:\/\/voodoocomm.voxmail.it\/nl\/pvotor\/qvesev\/yinra3r\/uf\/4\/aHR0cHM6Ly9kcml2ZS5nb29nbGUuY29tL2RyaXZlL2ZvbGRlcnMvMUk2eUxxdnBBbE1UcGJWc1FpTGZtMmpBelpNV0R6bGh4P3VzcD1kcml2ZV9saW5r?_d=95G&amp;_c=11d0b29e\" target=\"_blank\" rel=\"noopener\" data-saferedirecturl=\"https:\/\/www.google.com\/url?q=https:\/\/voodoocomm.voxmail.it\/nl\/pvotor\/qvesev\/yinra3r\/uf\/4\/aHR0cHM6Ly9kcml2ZS5nb29nbGUuY29tL2RyaXZlL2ZvbGRlcnMvMUk2eUxxdnBBbE1UcGJWc1FpTGZtMmpBelpNV0R6bGh4P3VzcD1kcml2ZV9saW5r?_d%3D95G%26_c%3D11d0b29e&amp;source=gmail&amp;ust=1718969125498000&amp;usg=AOvVaw0SGezVeiN9U9WWVWn27Xst\"><u>\u00a0<\/u><\/a><\/p>\n<p>La ventesima edizione di <strong>MEN\/GO MUSIC FEST<\/strong>\u00a0si avvicina: il festival festegger\u00e0 questo importante compleanno con cinque giorni di musica al Parco il Prato di Arezzo dal 9 al 13 luglio, ma viene oggi annunciato\u00a0<strong>anche l\u2019evento speciale che chiuder\u00e0 la kermesse aretina<\/strong>.\u00a0<strong>Domenica 14 luglio, infatti, sar\u00e0 PAOLO BENVEGN\u00d9 a salutare il pubblico del Men\/Go con un concerto all\u2019alba alla Fortezza Medicea.\u00a0<\/strong>Biglietti disponibili al link:\u00a0<a href=\"https:\/\/voodoocomm.voxmail.it\/nl\/pvotor\/qvesev\/yinra3r\/uf\/5\/aHR0cHM6Ly93d3cudGlja2V0b25lLml0L2V2ZW50L3Bhb2xvLWJlbnZlZ251LWZvcnRlenphLW1lZGljZWEtMTg2OTg1NjIv?_d=95G&amp;_c=1817325c\" target=\"_blank\" rel=\"noopener\" data-saferedirecturl=\"https:\/\/www.google.com\/url?q=https:\/\/voodoocomm.voxmail.it\/nl\/pvotor\/qvesev\/yinra3r\/uf\/5\/aHR0cHM6Ly93d3cudGlja2V0b25lLml0L2V2ZW50L3Bhb2xvLWJlbnZlZ251LWZvcnRlenphLW1lZGljZWEtMTg2OTg1NjIv?_d%3D95G%26_c%3D1817325c&amp;source=gmail&amp;ust=1718969125499000&amp;usg=AOvVaw31LeHfzXVJiFxs0x65NA6n\">https:\/\/www.ticketone.it\/<wbr \/>event\/paolo-benvegnu-fortezza-<wbr \/>medicea-18698562\/<\/a><strong>\u00a0.<\/strong><\/p>\n<p>Un appuntamento che promette gi\u00e0 di essere magico, nell\u2019incantevole cornice della Fortezza e a un orario insolito:\u00a0<strong>il pubblico potr\u00e0 assistere al live del cantautore e godere delle luci dell\u2019alba (l\u2019inizio \u00e8 previsto alle 6.30 del mattino), consumando la colazione inclusa nel prezzo del biglietto.<\/strong><\/p>\n<p><strong>PAOLO BENVEGN\u00d9 arriva ad Arezzo dopo la pubblicazione di \u201c<em>\u00c8 INUTILE PARLARE D\u2019AMORE\u201d<\/em>, il suo ultimo lavoro discografico uscito per Woodworm e distribuito da Universal Music Italia.<\/strong><\/p>\n<p><em>Il Mare \u00e8 bellissimo ed \u00e8 il secondo estratto. Noi come naufraghi senza rotta e coscienza. Canzoni del pre-pensiero. Una colonna gialla \u00e8 tempestata di bellezza. Scagliare dardi incendiari senza mirare a niente. Senza rete. Senza inganno. In quel luogo, in quel tempo, breviari contro\u00a0la\u00a0Solitudine. Ogni sorriso \u00e8 un dono. Nelle stanze del suono. Un filo rosso di intuizioni. Suonare al posto dei cannoni. Entrare per condivisione. Uscire senza la Ragione. Canzoni scritte in un monolocale. Per chi sa amare ci\u00f2 che\u00a0\u00e8\u00a0inattuale. &#8211;\u00a0<strong>Paolo Benvegn\u00f9<\/strong><\/em><\/p>\n<p><strong><em>\u201c\u00c8 INUTILE PARLARE D\u2019AMORE\u201d<\/em><\/strong><strong>,<em>\u00a0<\/em><\/strong>anticipato dal singolo<strong>\u00a0<em>\u201cCanzoni brutte&#8221;<\/em><\/strong>\u00a0e contenente due speciali collaborazioni con\u00a0<strong>BRUNORI SAS\u00a0<\/strong>nel brano<strong>\u00a0<em>\u201cL\u2019oceano\u201d<\/em><\/strong>\u00a0e<strong>\u00a0NERI MARCOR\u00c8 i<\/strong>n\u00a0<strong><em>\u201c27\/12\u201d<\/em><\/strong>, segue la pubblicazione dell\u2019EP\u00a0<strong><em>\u201cSOLO FIORI\u201d<\/em><\/strong>, che \u00e8 valso a Benvegn\u00f9 un grande plauso da parte della critica e la presenza nella cinquina di finalisti delle Targhe Tenco 2023 nella categoria \u201cMigliore canzone singola\u201d.<\/p>\n<p><strong>Quella del 14 luglio ad Arezzo sar\u00e0 un\u2019opportunit\u00e0 unica di ascoltare questo lavoro in un contesto suggestivo.<\/strong><\/p>\n<p>Nei cinque giorni precedenti, al\u00a0<strong>Parco il Prato<\/strong>, una line-up come sempre eclettica ed estremamente contemporanea, quella di\u00a0<strong>MEN\/GO MUSIC FEST 2024<\/strong>, che accoglie alcuni dei tour pi\u00f9 attesi dell\u2019estate e offre uno spaccato accurato e ricercato della scena musicale attuale.<\/p>\n<p>Partenza esplosiva\u00a0<strong>marted\u00ec 9 lug<\/strong>lio con\u00a0<strong>OVERA, VENERE GOMMOSA, COCA PUMA, CACAO MENTAL, AFRICA UNITE, SUD SOUND SYSTEM<\/strong>.\u00a0<strong>Mercoled\u00ec 10 luglio<\/strong>\u00a0sar\u00e0 la volta di\u00a0<strong>NOVELLA, MILLEALICE, LAMANTE, MARTA DEL GRANDI, ELE A, ROSE VILLAIN<\/strong>;\u00a0<strong>gioved\u00ec 11 luglio<\/strong>\u00a0saliranno sul palco\u00a0<strong>CAPALEO, FRAMBO X SCICCHI,<\/strong>\u00a0<strong>VISCONTI, IL MAGO DEL GELATO, THRU COLLECTED, MACE;<\/strong>\u00a0<strong>venerd\u00ec 12 luglio<\/strong>\u00a0toccher\u00e0 a\u00a0<strong>BARKEE BAY, SANTAMAREA, BIRTHH, STUDIO MURENA, MURA MASA DJSET, JOHN TALABOT<\/strong>\u00a0(dj set) e la serata conclusiva di\u00a0<strong>sabato 13 luglio<\/strong>\u00a0chiuderanno in bellezza\u00a0<strong>RONDINE, GAIA MORELLI, BLUEM, SARAFINE, DARGEN D\u2019AMICO, OKGIORGIO DJSET, COSMO, KLANG CLUB<\/strong>\u00a0(djset aftershow).<\/p>\n<p>Dopo i grandi numeri dello scorso anno, cresce l\u2019attesa per questa 20sima edizione di\u00a0<strong>MEN\/GO MUSIC FEST<\/strong>. Attraverso la musica e raccogliendo ad Arezzo alcuni tra i pi\u00f9 importanti artisti della scena attuale,\u00a0<strong>MEN\/GO MUSIC FEST\u00a0<\/strong>\u00e8 diventato negli anni, con la collaborazione alle Istituzioni, partner e sponsor dell\u2019evento, un appuntamento fondamentale per la promozione del turismo culturale, ambito ancora tutto da esplorare in Italia.<\/p>\n<p><strong>MEN\/GO MUSIC FEST<\/strong>\u00a0\u00e8 un progetto dell\u2019<strong>ASSOCIAZIONE MUSIC!<\/strong>\u00a0<strong>con il patrocinio, contributo e collaborazione organizzativa dell&#8217;Assessorato allo Sport e alle Politiche Giovanili del Comune di Arezzo, patrocinio e contributo di Regione Toscana, patrocinio e contributo del Consiglio Regionale della Toscana, collaborazione e il sostegno di Fondazione Arezzo Intour e Fondazione Guido d&#8217;Arezzo.\u202fMain Sponsor dell\u2019evento sono ESTRA, UNOAERRE, ATAM, KOZEL, CMG GERVASI.<\/strong><\/p>\n","protected":false},"excerpt":{"rendered":"<div class=\"mh-excerpt\"><p>MEN\/GO MUSIC FEST LA 20SIMA EDIZIONE UN EVENTO SPECIALE CHIUDER\u00c0 IL FESTIVAL PAOLO BENVEGN\u00d9 \u00a0LIVE ALL\u2019ALBA E COLAZIONE\u00a0 DOMENICA 14 LUGLIO 2024 FORTEZZA MEDICEA &#8211; <a class=\"mh-excerpt-more\" href=\"https:\/\/www.piuomenopop.it\/index.php\/2024\/06\/20\/men-go-music-fest-paolo-benvegnu-chiude-il-festival-con-un-concerto-allalba-domenica-14-luglio\/\" title=\"MEN\/GO MUSIC FEST: PAOLO BENVEGN\u00d9 chiude il festival con un concerto all&#8217;alba domenica 14 luglio\">[&#8230;]<\/a><\/p>\n<\/div>","protected":false},"author":2,"featured_media":83865,"comment_status":"closed","ping_status":"closed","sticky":false,"template":"","format":"standard","meta":{"sfsi_plus_gutenberg_text_before_share":"","sfsi_plus_gutenberg_show_text_before_share":"","sfsi_plus_gutenberg_icon_type":"","sfsi_plus_gutenberg_icon_alignemt":"","sfsi_plus_gutenburg_max_per_row":"","footnotes":"","_links_to":"","_links_to_target":""},"categories":[5184,3],"tags":[9180,335],"class_list":["post-85777","post","type-post","status-publish","format-standard","has-post-thumbnail","hentry","category-calendario-concerti","category-news","tag-men-go-music-fest","tag-paolo-benvegnu"],"aioseo_notices":[],"_links":{"self":[{"href":"https:\/\/www.piuomenopop.it\/index.php\/wp-json\/wp\/v2\/posts\/85777","targetHints":{"allow":["GET"]}}],"collection":[{"href":"https:\/\/www.piuomenopop.it\/index.php\/wp-json\/wp\/v2\/posts"}],"about":[{"href":"https:\/\/www.piuomenopop.it\/index.php\/wp-json\/wp\/v2\/types\/post"}],"author":[{"embeddable":true,"href":"https:\/\/www.piuomenopop.it\/index.php\/wp-json\/wp\/v2\/users\/2"}],"replies":[{"embeddable":true,"href":"https:\/\/www.piuomenopop.it\/index.php\/wp-json\/wp\/v2\/comments?post=85777"}],"version-history":[{"count":2,"href":"https:\/\/www.piuomenopop.it\/index.php\/wp-json\/wp\/v2\/posts\/85777\/revisions"}],"predecessor-version":[{"id":85779,"href":"https:\/\/www.piuomenopop.it\/index.php\/wp-json\/wp\/v2\/posts\/85777\/revisions\/85779"}],"wp:featuredmedia":[{"embeddable":true,"href":"https:\/\/www.piuomenopop.it\/index.php\/wp-json\/wp\/v2\/media\/83865"}],"wp:attachment":[{"href":"https:\/\/www.piuomenopop.it\/index.php\/wp-json\/wp\/v2\/media?parent=85777"}],"wp:term":[{"taxonomy":"category","embeddable":true,"href":"https:\/\/www.piuomenopop.it\/index.php\/wp-json\/wp\/v2\/categories?post=85777"},{"taxonomy":"post_tag","embeddable":true,"href":"https:\/\/www.piuomenopop.it\/index.php\/wp-json\/wp\/v2\/tags?post=85777"}],"curies":[{"name":"wp","href":"https:\/\/api.w.org\/{rel}","templated":true}]}}