{"id":85920,"date":"2024-06-24T18:14:02","date_gmt":"2024-06-24T16:14:02","guid":{"rendered":"https:\/\/www.piuomenopop.it\/?p=85920"},"modified":"2024-06-24T18:14:02","modified_gmt":"2024-06-24T16:14:02","slug":"sextonplugged-festival-si-avvicina-ledizione-in-programma-dal-3-al-7-luglio-a-sesto-al-reghena-pn","status":"publish","type":"post","link":"https:\/\/www.piuomenopop.it\/index.php\/2024\/06\/24\/sextonplugged-festival-si-avvicina-ledizione-in-programma-dal-3-al-7-luglio-a-sesto-al-reghena-pn\/","title":{"rendered":"SEXTO&#8217;NPLUGGED FESTIVAL: si avvicina l&#8217;edizione in programma dal 3 al 7 luglio a Sesto al Reghena (PN)"},"content":{"rendered":"<p align=\"center\"><i>SEXTO\u2019NPLUGGED FESTIVAL<\/i><\/p>\n<p align=\"center\"><b>SI AVVICINA LA 19\u00b0 EDIZIONE,\u00a0<\/b><\/p>\n<p align=\"center\"><b>IN PROGRAMMA DAL 3 AL 7 LUGLIO\u00a0<\/b><\/p>\n<p align=\"center\"><b>A SESTO AL REGHENA (PN), PIAZZA CASTELLO<\/b><\/p>\n<p align=\"center\"><img decoding=\"async\" class=\"CToWUd a6T\" tabindex=\"0\" src=\"https:\/\/ci3.googleusercontent.com\/meips\/ADKq_NaIv8OM1v2paUNTIeETZ1KOXV_sD-fsEC7RPrAS_ec-7wcw9LlQnris-gLBkhxBa_dqrPPX5SjKrtFr91gQ8WNK1-hRnBJksviI4TrIt2rqsQsrlrciyuhXeraxkAhOj7NtMOewG3sRsczzijbKM7YwOnUXh_wymLswePLBlwOq0U8mBA=s0-d-e1-ft#https:\/\/jalamediaactivities.img.musvc2.net\/static\/141628\/assets\/1\/Schermata%202024-03-13%20alle%2010.47.58.png\" alt=\"\" data-bit=\"iit\" \/><\/p>\n<p align=\"center\"><b>SLOWDIVE, COSMO, JADU HEART, BDRMM,<\/b><\/p>\n<p align=\"center\"><b>TONY ANN, I HATE MY VILLAGE,<\/b><\/p>\n<p align=\"center\"><b>A TOYS ORCHESTRA, MARTA DEL GRANDI<\/b><\/p>\n<p align=\"center\"><b>apertura casse ore 19.00 &#8211; aperture cancelli ore 20.00<\/b><\/p>\n<p align=\"center\">biglietti in vendita sui circuiti<\/p>\n<p align=\"center\">\u00a0Ticketone e Ticketmaster (online e offline)<\/p>\n<p align=\"center\">\n<p align=\"center\"><b>TRA GLI APPUNTAMENTI ESTIVI ITALIANI DI RILIEVO,<\/b><\/p>\n<p align=\"center\"><b>NEL CORSO DEGLI ANNI SI E&#8217;AGGIUDICATO IL RICONOSCIMENTO<\/b><\/p>\n<p align=\"center\"><b>DI\u00a0<i>BOUTIQUE FESTIVAL<\/i>.<\/b>\u00a0<b>IN PROGRAMMA DAL 3 AL 7 LUGLIO\u00a0<\/b><\/p>\n<p align=\"center\"><b>NELLA SUGGESTIVA CORNICE DI PIAZZA CASTELLO,<\/b><\/p>\n<p align=\"center\"><b>\u00a0NEL BORGO MEDIEVALE DI SESTO AL REGHENA (PN)<\/b><\/p>\n<p align=\"center\"><b>\u00a0<\/b><\/p>\n<p align=\"center\"><b><em>Slowdive<\/em><\/b><em>, la band di punta nel panorama shoegaze approda a\u00a0<b>Sexto \u2018Nplugged<\/b>\u00a0all\u2019interno di un lungo tour mondiale\u00a0<\/em><\/p>\n<p align=\"center\"><em>\u00a0<\/em><em>che sta segnando un sold out dopo l\u2019altro. C<\/em><em>on loro sul palco gli\u00a0<b>I Hate My Village<\/b>, la superband tra le pi\u00f9 amate nel panorama<\/em><\/p>\n<p align=\"center\"><em>\u00a0<\/em><em>indipendente italiano, che ritorna live con il nuovo album in arrivo in primavera.\u00a0<\/em><em><b>Cosmo<\/b>, artista pop e antipop al contempo,<\/em><\/p>\n<p align=\"center\"><em>sperimentatore, ci far\u00e0 ballare con un nuovo spettacolo che si tramuter\u00e0 come sempre in una energica festa collettiva.<\/em><\/p>\n<p align=\"center\"><em>\u00a0<\/em><em><b>Jadu Heart<\/b>\u00a0per\u00a0<b>la prima volta in Italia<\/b>, condividono il palco con\u00a0<b>BDRMM<\/b>\u00a0per una serata esplosiva all\u2019insegna<\/em><\/p>\n<p align=\"center\"><em>delle nuove band inglesi in ascesa ma gi\u00e0 riconosciute\u00a0<\/em><em>a livello internazionale, che riescono a fondere molti generi musicali<\/em><\/p>\n<p align=\"center\"><em>in un sound originale e unico.\u00a0<b>Tony Ann,<\/b>\u00a0la nuova promessa virtuosa della musica neoclassica, prosegue il tour mondiale<\/em><\/p>\n<p align=\"center\"><em>in questa data estiva dopo i due gi\u00e0 sold out di maggio a Milano. Una conferma con\u00a0<b>A Toys Orchestra<\/b><\/em><\/p>\n<p align=\"center\"><em><b>\u00a0<\/b>\u00a0e una veloce ascesa per\u00a0<b>Marta Del Grandi,\u00a0<\/b>entrambi tra le pi\u00f9 interessanti realt\u00e0 alternative e sperimentali del panorama italiano,<\/em><\/p>\n<p align=\"center\"><em>in una serata a ingresso gratuito<\/em><\/p>\n<p>&nbsp;<\/p>\n<p align=\"center\"><b>COSMO<\/b><\/p>\n<p align=\"center\"><b>mercoled\u00ec 3 luglio<\/b><\/p>\n<p align=\"center\"><b>prezzo del biglietto: 30 euro + prevendita<\/b><\/p>\n<p align=\"center\"><b><span style=\"color: #222222; font-family: Tahoma;\">inizio concerto ore 21.30\u00a0<\/span><\/b><\/p>\n<p align=\"center\"><b>\u00a0<\/b><\/p>\n<p align=\"center\"><img decoding=\"async\" class=\"CToWUd a6T\" tabindex=\"0\" src=\"https:\/\/ci3.googleusercontent.com\/meips\/ADKq_NaLigwyxD7_dBeQonNxQRuvlNbnAKjoAGFQoZ08u2yPbEHZf3HGghVSYmY4AIjElwUdV-6VULD2cfrhgGgaWAFn_qWKRrasi_uysz9k1gigjhph5Lrq-l20HRqLFTkL2V66OlLRkE7qRtPKZ5cDMp9YbMg3kkuOzDtV6nmH4rlC5KqVnA=s0-d-e1-ft#https:\/\/jalamediaactivities.img.musvc2.net\/static\/141628\/assets\/1\/Schermata%202024-04-04%20alle%2009.43.55.png\" alt=\"\" data-bit=\"iit\" \/><\/p>\n<p>A tre anni dall&#8217;ultimo album di studio,\u00a0<i>&#8216;Sulle Ali del Cavallo Bianco&#8217;<\/i>\u00a0\u00e8 il nuovo progetto discografico di\u00a0<b>Cosmo<\/b>. Pubblicato il 15 marzo su etichetta Sony Music \/ 42 Records, il disco si articola in undici tracce che, scritte, prodotte e suonate da\u00a0<b>Cosmo<\/b>\u00a0insieme ad Alessio Natalizia (aka Not Waving), cantano l&#8217;amore, le insicurezze e le paure dell&#8217;artista, tra canzone e dance, pop e clubbing.<\/p>\n<p>L&#8217;album \u00e8 stato preceduto da un misterioso cavallo bianco, un&#8217;installazione artistica posizionata nella settimana della pubblicazione del disco in stazione Centrale a Milano. Realizzata dal designer e art director Eenreeco, l&#8217;installazione permetteva di ascoltare la nuova musica di\u00a0<b>Cosmo<\/b>\u00a0attraverso un vero e proprio cubo emozionale di pareti specchiate, tra mistero ed interazione con il pubblico. In contemporanea, via MUBI, \u00e8 stato pubblicato\u00a0<i>&#8216;ANTIPOP&#8217;<\/i>, il film di Jacopo Farina che ripercorre la carriera artistica di\u00a0<b>Cosmo<\/b>, tracciandone un profilo da outsider a cavallo tra lirismo e frenesia, forma canzone e insistenza sul ritmo, mettendo in risalto lo spirito libero che attraversa la sua produzione musicale, qui compresa la trib\u00f9 di\u00a0<b>Cosmo<\/b>, ovvero la sua famiglia, i suoi amici, Ivrea, l&#8217;universo colorato del clubbing, la noia della provincia.<\/p>\n<p>Da sempre grande sperimentatore,\u00a0<b>Cosmo<\/b>\u00a0alterna brani da club ad altri pi\u00f9 pop, successi radiofonici che diventano delle hit. Nei suoi album si \u00e8 sempre messo a nudo, tra tumulti sociopolitici e disagi emotivi, ansie ed insicurezze che hanno guidato la sua verve creativa, senza tralasciare la sua passione per sonorit\u00e0 elettroniche. I suoi live sono energici, colorati, suonati in ogni nota, intensi, fino a trasformarsi in festa.<\/p>\n<p>Dopo aver fondato i Drink To Me nel 2002, intraprende il percorso solista nel 2013, risaltando sin da subito nel fitto panorama musicale italiano.<\/p>\n<p>Per la prima volta a\u00a0<b>Sexto&#8217;nplugged festival,<\/b>\u00a0<b>Cosmo<\/b>\u00a0inonder\u00e0 Piazza Castello con la sua energia e la sua musica, per un atteso appuntamento,\u00a0<b>mercoled\u00ec 3 luglio<\/b>.<\/p>\n<p><a href=\"https:\/\/jalamediaactivities.musvc2.net\/e\/tr?q=9%3dLVFbMZ%261%3dW%269%3dYNa%260%3dSHWS%26M%3dwPEH8_Nlue_YV_Jfyk_TU_Nlue_Xa54HFEqEv.D3G.EG_7wnr_GlXG8I0%266%3d2QDNrX.979%26ED%3dUFaO%26L8%3dXUTIfQT7v3pIWOWFZQ%260%3dMXOWuZxTHBwbK7MUGaTbu7wZJdxTpZvYqa1ascP8MWQULWwTqBxUqfR5O0TaM9Q6&amp;mupckp=mupAtu4m8OiX0wt\" target=\"_blank\" rel=\"noopener\" data-saferedirecturl=\"https:\/\/www.google.com\/url?q=https:\/\/jalamediaactivities.musvc2.net\/e\/tr?q%3D9%253dLVFbMZ%25261%253dW%25269%253dYNa%25260%253dSHWS%2526M%253dwPEH8_Nlue_YV_Jfyk_TU_Nlue_Xa54HFEqEv.D3G.EG_7wnr_GlXG8I0%25266%253d2QDNrX.979%2526ED%253dUFaO%2526L8%253dXUTIfQT7v3pIWOWFZQ%25260%253dMXOWuZxTHBwbK7MUGaTbu7wZJdxTpZvYqa1ascP8MWQULWwTqBxUqfR5O0TaM9Q6%26mupckp%3DmupAtu4m8OiX0wt&amp;source=gmail&amp;ust=1719327112605000&amp;usg=AOvVaw1cYwefeWLmMXx2BekrPxHz\">https:\/\/columbia.lnk.to\/Cosmo<\/a><\/p>\n<p align=\"center\">\n<p align=\"center\"><strong>TONY ANN<\/strong><\/p>\n<p align=\"center\"><strong>gioved\u00ec 4 luglio<\/strong><\/p>\n<p align=\"center\"><strong>prezzo del biglietto: 20 euro + prevendita<\/strong><\/p>\n<p align=\"center\"><b><span style=\"color: #222222; font-family: Tahoma;\">inizio concerto ore 21.30\u00a0<\/span><\/b><\/p>\n<p align=\"center\"><img decoding=\"async\" class=\"CToWUd a6T\" tabindex=\"0\" src=\"https:\/\/ci3.googleusercontent.com\/meips\/ADKq_Nbcz-3nGjNyUsSMfJ1roLAzoymv22ngp4B56wl7V3zYW2t39LX3j_OEp9yyYzTm6n29DbX-SluyvCJIa8_ThUoWp-3VCNts36HR9jgX374OjL7SoNTvZhhQAOLhbLzLO0rKwFK8b6tr2HURxBrXxrmN-YyyP45ZmDF30m33vQ0wwrQ2Aw=s0-d-e1-ft#https:\/\/jalamediaactivities.img.musvc2.net\/static\/141628\/assets\/1\/Schermata%202024-04-04%20alle%2009.44.11.png\" alt=\"\" data-bit=\"iit\" \/><\/p>\n<p>Virtuoso di professione,\u00a0<strong>Tony Ann<\/strong>\u00a0\u00e8 un pianista solista con idee grandiose. Fonde con effetti mozzafiato lo stile moderno e classico. Appassionato conoscitore d&#8217;armonia, Ann cerca costantemente nuovi modi non solo per oltrepassare i confini della musica neoclassica e strumentale, ma anche della musica popolare, utilizzando con maestria tutti gli ottantotto tasti a sua disposizione, regalando composizioni originali intrise di emozione e tecnica.<\/p>\n<p>Con oltre 100 milioni di visualizzazioni e un seguito complessivo di oltre 5 milioni di followers sui social media, Ann ha navigato con grande successo nel mondo online, introducendo le nuove generazioni alla musica neoclassica, in particolare attraverso la sua serie &#8220;#playthatword&#8221;. Utilizzando l&#8217;alfabeto scritto sulla sua tastiera, Ann ha creato composizioni originali basate su parole suggerite dal suo pubblico, molte delle quali sono state ufficialmente pubblicate.<\/p>\n<p>Quest&#8217;anno Ann ha pubblicato una trilogia di ep (&#8216;<i>Emotionally Blue&#8217;, &#8216;Orange&#8217;\u00a0<\/i>e\u00a0<i>&#8216;Red<\/i>&#8216;) in collaborazione con Decca Records France (Universal Music Group). Oltre al suo lavoro solista, Tony ama collaborare con altri musicisti &#8211; tra cui i brani pubblicati insieme a Don Diablo, Wrabel e L.Dre &#8211; dimostrando la sua elasticit\u00e0 musicale e la volont\u00e0 di immergersi in generi diversi come EDM, Lofi e Pop. Ann ha collaborato anche con The Chainsmokers per la scrittura dei singoli certificati Platino &#8216;<i>Sick Boy<\/i>&#8216;, &#8216;<i>Call You Mine (feat. Bebe Rexha<\/i>)&#8217; e il singolo Oro &#8216;<i>Side Effects (feat. Emily Warren)<\/i>&#8216;. In tour insieme alla band in qualit\u00e0 di tastierista ufficiale del tour nordamericano\u00a0<i>&#8216;Memories: Do Not Open&#8217;<\/i>, si \u00e8 esibito con loro anche a SNL e Good Morning America.<\/p>\n<p>Dopo una recente residenza di quattro spettacoli sold out alla Le 360 di Parigi,<strong>\u00a0Tony Ann<\/strong>\u00a0\u00e8 entusiasta di portare il suo spettacolo in Europa da aprile, toccando l&#8217;Italia a maggio per due concerti a Milano gi\u00e0 sold-out in prevendita, fino ad arrivare a<strong>\u00a0Sexto&#8217;nplugged Festival, per la prima volta, gioved\u00ec 4 luglio.<\/strong><\/p>\n<p>La data nasce dalla collaborazione con il rinomato festival letterario Dedica, che ha appena ospitato il pluripremiato scrittore Arturo P\u00e9rez-Reverte per 8 giorni all\u2019insegna di libri, musica, teatro, cinema e incontri legati all\u2019autore.<\/p>\n<p><a href=\"https:\/\/jalamediaactivities.musvc2.net\/e\/tr?q=A%3dDX0dEb%26u%3dY%261%3daHc%262%3dUBYK%26O%3dqR7J2_PdwY_aN_LZ1c_VO_PdwY_ZSQ6U.7IwWnHw.A2G_1yft_An%26q%3dG4Q97A.LrN%26rQ%3dFUDb%267M%3dAhEXIdEX0bHU9n5jCd%26u%3dVIBM7IAEXAgG6BgHbjcq8jdqX0YGbFgEVFfraGbMblfH9GYq5ChL5FcLWjBo0lgE&amp;mupckp=mupAtu4m8OiX0wt\" target=\"_blank\" rel=\"noopener\" data-saferedirecturl=\"https:\/\/www.google.com\/url?q=https:\/\/jalamediaactivities.musvc2.net\/e\/tr?q%3DA%253dDX0dEb%2526u%253dY%25261%253daHc%25262%253dUBYK%2526O%253dqR7J2_PdwY_aN_LZ1c_VO_PdwY_ZSQ6U.7IwWnHw.A2G_1yft_An%2526q%253dG4Q97A.LrN%2526rQ%253dFUDb%25267M%253dAhEXIdEX0bHU9n5jCd%2526u%253dVIBM7IAEXAgG6BgHbjcq8jdqX0YGbFgEVFfraGbMblfH9GYq5ChL5FcLWjBo0lgE%26mupckp%3DmupAtu4m8OiX0wt&amp;source=gmail&amp;ust=1719327112605000&amp;usg=AOvVaw1h1oU98pPU66p1wmEryC1w\">https:\/\/www.tonyann.com\/<\/a><\/p>\n<p>&nbsp;<\/p>\n<p align=\"center\"><strong>A TOYS ORCHESTRA + MARTA DEL GRANDI<\/strong><\/p>\n<p align=\"center\"><strong>venerd\u00ec 5 luglio<\/strong><\/p>\n<p align=\"center\"><strong>ingresso libero &#8211;\u00a0<b><span style=\"color: #222222; font-family: Tahoma;\">inizio concerti ore 21.00\u00a0<\/span><\/b><\/strong><\/p>\n<p align=\"center\"><strong>\u00a0<\/strong><\/p>\n<p align=\"center\"><strong><img decoding=\"async\" class=\"CToWUd a6T\" tabindex=\"0\" src=\"https:\/\/ci3.googleusercontent.com\/meips\/ADKq_NYnbhJOg6NzcXr2dtdWsCVZhg3Jm836oHEwtctXUPkzbHjnoBAARVJgwe5jutk9RJ_RxZ7oAds_YK5RDQcYxgNQxSwQZ2EvAtpgeeTKmPcf50nm1bL89S2cgbFm3rI_An9GK53nM8JALp67zah-J3hWhNq9JokUDcXTM15Pl75y2t6F0A=s0-d-e1-ft#https:\/\/jalamediaactivities.img.musvc2.net\/static\/141628\/assets\/1\/Schermata%202024-04-04%20alle%2009.44.18.png\" alt=\"\" data-bit=\"iit\" \/><\/strong><\/p>\n<p align=\"center\">\n<p align=\"center\">\u00a0Attivi dal 1998,\u00a0<strong>A Toys Orchestra\u00a0<\/strong>sono tra le pi\u00f9 interessanti realt\u00e0 alternative del panorama musicale italiano, tra alt-pop ed indie. A sei anni dall&#8217;ultima pubblicazione, sono tornati con\u00a0<i>&#8216;Midnight Again&#8217;<\/i>, il nuovo album che li porter\u00e0 per un atteso concerto a<strong>\u00a0Sexto&#8217;nplugged festival, venerd\u00ec 5 luglio.\u00a0<\/strong><\/p>\n<p>La band nasce ad Agropoli dall&#8217;unione tra Enzo Moretto, Ilaria D&#8217;Angelis e Raffaele Benevento. Dopo la partecipazione nel quinto volume della compilation &#8216;Soniche Avventure&#8217; e la vittoria del concorso &#8216;Gruppo Soniche&#8217; del 2000 indetto da Sony\/Fridge e Radio RockFM, nel giugno del 2001 pubblicano per Fridge Records il loro primo album,\u00a0<i>&#8216;Job&#8217;<\/i>.<\/p>\n<p>Nel 2003 il trio si lascia alle spalle l\u2019indie-rock pi\u00f9 tradizionale per abbracciare nuove influenze, pi\u00f9 votate all\u2019elettronica, con l\u2019ingresso di Fausto Ferrara ai synth. A ottobre 2004 arriva il secondo album\u00a0<i>&#8216;Cuckoo Boohoo&#8217;<\/i>, che ottiene un ottimo riscontro da parte della critica. Tre anni dopo esce il terzo capitolo discografico,\u00a0<i>&#8216;Technicolor Dreams<\/i>&#8216;. Prodotto da Dustin O\u2019Halloran (Devics), vince il premio PIMI come miglior album dell\u2019anno assegnato a Faenza in occasione del MEI.<\/p>\n<p>Ancora una volta il lavoro viene accolto calorosamente dalla critica specializzata tanto che diversi brani vengono inseriti nella colonna sonora del film di Jess Manafort\u00a0<i>&#8216;The Beautiful Ordinary&#8217;<\/i>\u00a0(2008), nella fiction televisiva\u00a0<i>&#8216;I Liceali&#8217;\u00a0<\/i>(2009) e nel film d\u2019esordio di Edoardo Leo\u00a0<i>&#8217;18 Anni Dopo<\/i>&#8216; (2010). Il tour promozionale registra molti sold out nei principali club italiani e nei ritagli tra una data e l\u2019altra la band lavora su nuovi brani che confluiscono, l&#8217;anno successivo, nell\u2019EP\u00a0<i>&#8216;Rita lin songs&#8217;<\/i>, un lavoro che comprende la cover dei Duran Duran di &#8216;The Chauffeur&#8217; e la versione in italiano di &#8216;Celentano&#8217;. Pochi mesi dopo arriva il quinto disco,\u00a0<i>&#8216;Midnight Revolution&#8217;<\/i>, grazie alla co-produzione Urtovox\/Ala Bianca Group, a cui segue un nuovo tour e una nuova sincronizzazione cinematografica nel film di Massimo Venier\u00a0<i>&#8216;Il Giorno In Pi\u00f9&#8217;<\/i>, con Fabio Volo che, colpito dal loro sound, sceglie di reclutarli come resident band nella sua trasmissione televisiva su Rai\u00a0<i>3 &#8216;Volo in diretta<\/i>&#8216;, per il quale il gruppo firma anche la colonna sonora.<\/p>\n<p>Il 2012 si rivela un anno ricco di impegni e soddisfazioni: dalla partecipazione al concertone del 1\u00b0 maggio a Roma, alla vittoria del premio PIVI e PIMI per il video di\u00a0<i>&#8216;Welcome to Babylon&#8217;<\/i>, passando per un tour nazionale di oltre 50 date e la sincronizzazione del brano &#8216;<i>Celentano&#8217;<\/i>\u00a0nel documentario\u00a0<i>&#8216;Terra Matta&#8217;<\/i>\u00a0di Costanza Quatriglio, vincitore di numerosi riconoscimenti tra cui il premio Civitas Vitae al festival del cinema di Venezia.<\/p>\n<p>A ottobre 2014 arriva il nuovo album,\u00a0<i>&#8216;Butterly Effect&#8217;<\/i>, registrato presso il Vox-Ton Studio di Berlino,\u00a0\u00a0a cui segue un lungo tour per tutto il 2015 e la prima parte del 2016, anno in cui la band viene contattata da Nada per suonare come backing band ufficiale per tutta la tourn\u00e9e relativo al suo nuovo album. Due anni pi\u00f9 tardi, esce il settimo capitolo discografico,\u00a0<i>&#8216;Lub Dub&#8217;<\/i>\u00a0prodotto insieme a Giacomo Fiorenza.<\/p>\n<p>Il 25 gennaio 2024, dopo un lungo periodo di pausa, la band pubblica\u00a0<i>&#8216;Life Starts Tomorrow<\/i>\u201d, il primo singolo tratto dal nuovo album,\u00a0<em>&#8216;Midnight Again&#8217;<\/em>, pubblicato a marzo su etichetta Santeria, un ritorno indie-folk-blues che chiude, forse, una trilogia iniziata 14 anni fa e che porter\u00e0<strong>\u00a0A Toys Orchestra\u00a0<\/strong>in concerto a\u00a0<strong>Sexto&#8217;nplugged festival venerd\u00ec 5 luglio.\u00a0<\/strong><\/p>\n<p><a href=\"https:\/\/jalamediaactivities.musvc2.net\/e\/tr?q=8%3dDW7aEa%26r%3dV%261%3dZEZ%262%3dT9VK%26N%3dnO7Iy_MdvV_XN_KWxc_UL_MdvV_WSP3R.nMuT6Hx8u8yO54.oO_5tYu_Ei%26j%3dH8L28E.GkO%26vL%3d9VHW%26zN%3dEc8YMY6n4g8YDWAVGY%26n%3d0DZ0AGV9dnYDXDTkeE5E7LcDAsb7Vna0cqbjZJTD8FTFVo9g6HTCWHYDWGYl6JXk&amp;mupckp=mupAtu4m8OiX0wt\" target=\"_blank\" rel=\"noopener\" data-saferedirecturl=\"https:\/\/www.google.com\/url?q=https:\/\/jalamediaactivities.musvc2.net\/e\/tr?q%3D8%253dDW7aEa%2526r%253dV%25261%253dZEZ%25262%253dT9VK%2526N%253dnO7Iy_MdvV_XN_KWxc_UL_MdvV_WSP3R.nMuT6Hx8u8yO54.oO_5tYu_Ei%2526j%253dH8L28E.GkO%2526vL%253d9VHW%2526zN%253dEc8YMY6n4g8YDWAVGY%2526n%253d0DZ0AGV9dnYDXDTkeE5E7LcDAsb7Vna0cqbjZJTD8FTFVo9g6HTCWHYDWGYl6JXk%26mupckp%3DmupAtu4m8OiX0wt&amp;source=gmail&amp;ust=1719327112605000&amp;usg=AOvVaw3HPOthixjYF5eaYWXKEC9X\">https:\/\/www.atoysorchestra.it\/<\/a><\/p>\n<p><b>\u00a0<\/b><\/p>\n<p><b>\u00a0<\/b><\/p>\n<p align=\"center\"><img decoding=\"async\" class=\"CToWUd a6T\" tabindex=\"0\" src=\"https:\/\/ci3.googleusercontent.com\/meips\/ADKq_NYbraPTnm6tzfcHLP7ZY8c0JjcMI_xSNqdED2SM6RxRdI0M7MkMTDsNlQUSMOr8d-6Hq7G0-S3sTTDCXIr-S_tEaebbUrKc8m2GqRHtoClotwQpYS5zBkvTnzXtn2z-rZuVHRpia4X1UG6FXn4CFTDnPNtkk7RloomzPwNALplK9FzHwQ=s0-d-e1-ft#https:\/\/jalamediaactivities.img.musvc2.net\/static\/141628\/assets\/1\/Schermata%202024-04-04%20alle%2009.44.27.png\" alt=\"\" data-bit=\"iit\" \/><\/p>\n<p><b>\u00a0<\/b><\/p>\n<p>Pubblicato a ottobre 2023,\u00a0<i>&#8216;Selva<\/i>&#8216; \u00e8 una suite di intrigante avant-pop che unisce sfaccettature emotive, arrangiamenti elettro-acustici ed un approccio sperimentale alla forma canzone. Ampiamente accolto dalla critica musicale, il disco \u00e8 il secondo lavoro di\u00a0<strong>Marta Del Grandi\u00a0<\/strong>per l&#8217;etichetta inglese Fire Records.<\/p>\n<p>Cantautrice e produttrice di Milano,\u00a0<strong>Marta Del Grandi<\/strong>\u00a0debutta nel 2021 con\u00a0<i>&#8216;Until We Fossilize<\/i>&#8216;, un disco che sin da subito ha mostrato le qualit\u00e0 che contraddistinguono l&#8217;artista, in punta di piedi tra il candore etereo di Julia Holter, la sensualit\u00e0 nordica di Bjork e le colonne sonore di Morricone, mostrando l\u2019ambizione di creare un universo completamente nuovo.<\/p>\n<p>Marta si spinge verso un sound pi\u00f9 corposo e variegato, in cui il dialogo della voce con synth, piano, chitarre, bassi, batteria, percussioni e fiati (clarinetto basso e sassofono baritono) forgia di traccia in traccia atmosfere diverse.<\/p>\n<p><i>&#8216;Selva&#8217;<\/i>\u00a0\u00e8 stato scritto principalmente in viaggio e quando \u00e8 arrivato il momento di registrare Marta \u00e8 tornata a Ghent, in Belgio, citt\u00e0 della sua formazione musicale. Co-prodotte da Bert Vliegen (Sophia, Whispering Sons) e con la partecipazione di un quartetto di musicisti che collaborano con Marta dal 2015, le sessioni hanno dato vita a uno spazio creativo ideale per la produzione di 12 canzoni di pop astuto e tentacolare, vivido e pienamente a fuoco.<\/p>\n<p>Musicista di formazione jazzistica,\u00a0<strong>Marta Del Grandi<\/strong>\u00a0studia al Conservatorio G. Verdi di Milano e in Belgio presso il Royal Conservatory of Ghent. Guidata da una forte passione per il viaggio e per la scoperta di luoghi e culture diverse in seguito si trasferir\u00e0 prima in Cina, per un breve periodo, e poi in Nepal, dove si fermer\u00e0 per due anni e mezzo a Kathmandu. Vivere in un luogo cos\u00ec diverso e farne una conoscenza profonda influenza molto il suo sguardo sul mondo e di conseguenza la musica e i testi che scrive per il suo debutto solista,\u00a0<i>&#8216;Until We Fossilize&#8217;<\/i>, un lavoro di avant-pop che vede coesistere stilemi folk-rock, atmosfere Lynchiane e arrangiamenti cinematici che ricordano le colonne sonore di Ennio Morricone. Nel 2023 segue il disco &#8216;<i>Selva<\/i>&#8216;, che viene acclamato da pubblico e critica collocandola tra i talenti emergenti pi\u00f9 in vista nel panorama nazionale.<\/p>\n<p>Per la prima volta a<strong>\u00a0Sexto&#8217;nplugged festival<\/strong>,\u00a0<strong>Marta Del Grandi<\/strong>\u00a0in concerto\u00a0<strong>venerd\u00ec 5 luglio<\/strong>, nella stessa sera con A Toys Orchestra.<\/p>\n<p><a href=\"https:\/\/jalamediaactivities.musvc2.net\/e\/tr?q=5%3dCTKXDX%266%3dS%26z%3dWSW%261%3dQMSJ%26K%3d2L6FC_Jcsj_UM_Hkub_RZ_Jcsj_TRMGO.r9B745wG44C.51C_Bsep_LhmHDA5JC_Jcsj_TRCuJ61-x7x-7B3z43%266%3dyKCNoR.876%269C%3dUCUN%26L5%3dRTTFZPTFQNWCTP%260%3dqQPZC4K5F5wWCUx6C6OZI3MbEQxZqRS5DVTXF2QTDQS8oWObDYRTDRR3H6OZKZ3m1uRW&amp;mupckp=mupAtu4m8OiX0wt\" target=\"_blank\" rel=\"noopener\" data-saferedirecturl=\"https:\/\/www.google.com\/url?q=https:\/\/jalamediaactivities.musvc2.net\/e\/tr?q%3D5%253dCTKXDX%25266%253dS%2526z%253dWSW%25261%253dQMSJ%2526K%253d2L6FC_Jcsj_UM_Hkub_RZ_Jcsj_TRMGO.r9B745wG44C.51C_Bsep_LhmHDA5JC_Jcsj_TRCuJ61-x7x-7B3z43%25266%253dyKCNoR.876%25269C%253dUCUN%2526L5%253dRTTFZPTFQNWCTP%25260%253dqQPZC4K5F5wWCUx6C6OZI3MbEQxZqRS5DVTXF2QTDQS8oWObDYRTDRR3H6OZKZ3m1uRW%26mupckp%3DmupAtu4m8OiX0wt&amp;source=gmail&amp;ust=1719327112606000&amp;usg=AOvVaw2KLPT--5AW1rbEf5Lixs7W\">https:\/\/www.firerecords.com\/<wbr \/>artists\/marta-del-grandi<\/a><\/p>\n<p align=\"center\"><b>\u00a0<\/b><\/p>\n<p align=\"center\">\n<p align=\"center\"><strong>BDRMM + JADU HEART<\/strong><\/p>\n<p align=\"center\"><strong>sabato 6 luglio<\/strong><\/p>\n<p align=\"center\"><strong>\u00a0prezzo del biglietto: 25 euro + prevendita<\/strong><\/p>\n<p align=\"center\"><strong><b><span style=\"color: #222222; font-family: Tahoma;\">inizio concerti ore 21.00\u00a0<\/span><\/b><\/strong><\/p>\n<p align=\"center\"><img decoding=\"async\" class=\"CToWUd a6T\" tabindex=\"0\" src=\"https:\/\/ci3.googleusercontent.com\/meips\/ADKq_NaXUwfXCKVWD8RGH6pPSc7Sle6oEYS7SQGZwNWForWcv5cV-9QYQDzqM55QNfWnOzWLYBJ8MCyFFrA8RR_s_bmkzKFCOZkmbUQCEK4Uh33bDxc7Lg9ljqaYT_jIwu_hIM2cFDj6vYtQYIjlSdClyOgT8uwMXSyybITGlb0G1h1xhi3r1g=s0-d-e1-ft#https:\/\/jalamediaactivities.img.musvc2.net\/static\/141628\/assets\/1\/Schermata%202024-04-04%20alle%2009.44.35.png\" alt=\"\" data-bit=\"iit\" \/><\/p>\n<p>&nbsp;<\/p>\n<p>Tra le band piu&#8217; rappresentative dello shoegaze britannico,\u00a0<strong>bdrmm<\/strong>\u00a0&#8211; reduci dai recenti concerti italiani da headliner a febbraio (tutti sold out), ampiamenti accolti da critica e pubblico \u2013 annunciano il loro ritorno per un atteso appuntamento estivo nella splendida cornice di Piazza Castello. Per la prima volta a\u00a0<strong>Sexto&#8217;nplugged Festival,<\/strong>\u00a0<strong>bdrmm<\/strong>\u00a0sono attesi\u00a0<strong>sabato 6 luglio<\/strong>.<\/p>\n<p>Band di quattro elementi con sede a Hull e Leeds, dal punto di vista musicale le loro influenze si rifanno a The Cure, Deerhunter e DIIV. Il gruppo indica i RIDE e i Radiohead tra i principali punti di riferimento. Ci sono anche echi di krautrock e post-punk, dai The Chameleons ai Protomartyr, oltre al proto-shoegaze di &#8216;<i>The Comforts Of Madness<\/i>&#8216; dei Pale Saints.<\/p>\n<p>Dopo essersi formata nel 2016, la band ha suonato incessantemente, supportando artisti del calibro di Fat White Family, Her&#8217;s e V**gra Boys. Il passaparola sui live della band \u00e8 cresciuto rapidamente e i loro primi dischi sono stati coverizzati da artisti del calibro di So Young e The Line Of Best Fit. Quando Steve Lamacq li fa passare nel suo programma Recommends della BBC Radio 6 Music, la band viene notata dai Sonic Cathedral. L&#8217;etichetta ha ristampato il primo singolo &#8216;<i>C:U<\/i>&#8216; su un 7&#8243; nell&#8217;ambito del Singles Club e lo ha seguito con l&#8217;EP compilation\u00a0<i>&#8216;If Not, When?<\/i>&#8216;, che ha registrato il tutto esaurito e ha conquistato legioni di nuovi fan, tra cui Lauren Laverne, Huw Stephens e John Kennedy.<\/p>\n<p>Alla fine del 2019 hanno registrato il disco di debutto di 10 tracce,\u00a0<i>&#8216;Bedroom&#8217;<\/i>, presso lo studio The Nave di Leeds con Alex Greaves (Working Mens Club, Bo Ningen), poi masterizzato a Brooklyn da Heba Kadry (Slowdive, Beach House). Pubblicato nel luglio del 2020, il disco \u00e8 un debutto estremamente riuscito e un vero passo avanti rispetto ai primi singoli, sia dal punto di vista sonoro che dei testi; parole come &#8220;<i>It&#8217;s not that I didn&#8217;t try and keep my shit together \/ This whole ordeal just took over&#8221;<\/i>\u00a0(dal brano &#8216;<i>Gush<\/i>&#8216;) sembrano adattarsi perfettamente ai tempi e parlare a un pubblico stanco della pandemia.<\/p>\n<p>Come conseguenza, &#8216;<i>Bedroom&#8217;<\/i>\u00a0diventa uno dei successi underground del lockdown, secondo The Guardian, con recensioni entusiastiche ovunque. Dopo aver fatto il pieno di ascolti, aver venduto una stampa dopo l&#8217;altra ed essere entrato nelle classifiche ufficiali del Regno Unito in tre diverse occasioni, \u00e8 finito nella Top 10 degli album del 2020 di Rough Trade.<\/p>\n<p>A fine giugno arriva\u00a0<i>&#8216;I Don&#8217;t Know&#8217;<\/i>, il secondo album che, come per il precedente, vede Alex Greaves alla produzione. Definito tra i migliori lavori del 2023, il disco, pubblicato per Rock Action (l&#8217;etichetta dei Mogwai) va ascoltato tutto d&#8217;un fiato, tra ipnotici beat, trip hop ed alternative rock, per un viaggio sonoro pieno di colori e sfumature, dove lo shoegaze \u00e8 ormai un lontano ricordo.<\/p>\n<p><a href=\"https:\/\/jalamediaactivities.musvc2.net\/e\/tr?q=5%3d4XNX5b%269%3dS%26q%3daVW%26r%3dUPSA%26O%3d5LwJF_JTwm_UD_LnuS_Vc_JTwm_TI61JpG.zG.xE_EsVt_Oh%26g%3dGHKy7O.FhN%266K%3d6URV%26wM%3dOb5XWX5XNV8UQX%26k3d5x%3dbR3BVzX8ZRV6YQT5cWUfbR4eYOSA0VSh6Oa95z8CWQTf8W5B7RVfbQ3gdN70bS37&amp;mupckp=mupAtu4m8OiX0wt\" target=\"_blank\" rel=\"noopener\" data-saferedirecturl=\"https:\/\/www.google.com\/url?q=https:\/\/jalamediaactivities.musvc2.net\/e\/tr?q%3D5%253d4XNX5b%25269%253dS%2526q%253daVW%2526r%253dUPSA%2526O%253d5LwJF_JTwm_UD_LnuS_Vc_JTwm_TI61JpG.zG.xE_EsVt_Oh%2526g%253dGHKy7O.FhN%25266K%253d6URV%2526wM%253dOb5XWX5XNV8UQX%2526k3d5x%253dbR3BVzX8ZRV6YQT5cWUfbR4eYOSA0VSh6Oa95z8CWQTf8W5B7RVfbQ3gdN70bS37%26mupckp%3DmupAtu4m8OiX0wt&amp;source=gmail&amp;ust=1719327112606000&amp;usg=AOvVaw073ShN6lV8aDhS1YH6Y7VR\">https:\/\/bdrmm.co.uk\/<\/a><\/p>\n<p><b>\u00a0<\/b><\/p>\n<p><img decoding=\"async\" class=\"CToWUd a6T aligncenter\" tabindex=\"0\" src=\"https:\/\/ci3.googleusercontent.com\/meips\/ADKq_NbxW7SvyRNOpzBNuGjjcFrl6hbYBQS5aKppqVxjLp-caF6wXkUE1LLeVHLzfqppp_wZNlCPFFTuOFudWr8IXmjkda3d3LqlnDMTK_NUK7HjIVvRmBZt9dE4dK83kivD_UtRcJqR-zfNELKpcvuQgzwg4bEK0dbo6hxaNbsWE_9oeyfUCg=s0-d-e1-ft#https:\/\/jalamediaactivities.img.musvc2.net\/static\/141628\/assets\/1\/Schermata%202024-04-04%20alle%2009.44.45.png\" alt=\"\" data-bit=\"iit\" \/><\/p>\n<p>&nbsp;<\/p>\n<p><strong>Jadu Heart\u00a0<\/strong>sono Diva-Sachy Jeffrey e Alex Headford, originari rispettivamente di Londra e Huddersfield. Seguendo le orme di band cult come Pixies, My Bloody Valentine e Belle and Sebastian, hanno creato il loro universo musicale, guadagnandosi una ricca fan base. Recensiti con entusiasmo da The Fader, The Times, Dazed, The Independent, Crack e molteplici hit su BBC 6Music (con una sessione a Maida Vale per BBC Radio 1), hanno raggiunto 300 milioni di streaming, con 250.000 nuovi ascolti ogni giorno. Pochi gruppi rock britannici possono vantare un tale successo di streaming, soprattutto su una label indie sconosciuta come VLF Records.<\/p>\n<p>Con alle spalle due EP e tre album, hanno esplorato diversi generi musicali, passando dallo shoegaze elettronico al psych-rock fino al grunge lo-fi, coprendo cos\u00ec un ampio spettro della musica alternativa. I loro show sono sperimentali e la loro melodia \u00e8 sempre accattivante. \u00c8 per questo, pi\u00f9 di ogni altra cosa, che hanno rapidamente esaurito le date del loro tour negli Stati Uniti e in Europa, attirando anche una delle maggiori affluenze al festival All Points East.<\/p>\n<p>Assistere a un concerto di\u00a0<strong>Jadu Heart\u00a0<\/strong>significa vedere una sala piena di persone cantare ogni parola delle loro canzoni, sperando che il loro fascino resti un piccolo segreto. Ma \u00e8 un segreto che sta diventando sempre pi\u00f9 noto.<\/p>\n<p>Il duo di Londra si esibir\u00e0<strong>\u00a0per la prima volta in Italia<\/strong>\u00a0proprio a\u00a0<strong>Sexto\u2019nplugged festival<\/strong>, nella stessa giornata con bdrmm,\u00a0<strong>sabato 6 luglio,<\/strong>\u00a0per un concerto dove presenteranno dal vivo l\u2019ultimo album di studio,\u00a0<i>\u2018Derealised\u2019<\/i>, il terzo in quattro anni.<\/p>\n<p><a href=\"https:\/\/jalamediaactivities.musvc2.net\/e\/tr?q=4%3d8W3W9a%26n%3dR%26u%3dZAV%26v%3dT5RE%26N%3djK1Iu_IXvR_TH_KStW_UH_IXvR_SMPyN.q4fLo8cI1.6qD_ytUq_9i%26f%3dD2Lx49.GgK%26pL%3d5RBW%26vJ%3d9c4UGY4U8W2h4c7RAY%26j%3d409dVGb3WhWdT8UA7i6dV990YkVB5CUeV0453E5cU89g4iahRFc5WE8g2DcAXibA&amp;mupckp=mupAtu4m8OiX0wt\" target=\"_blank\" rel=\"noopener\" data-saferedirecturl=\"https:\/\/www.google.com\/url?q=https:\/\/jalamediaactivities.musvc2.net\/e\/tr?q%3D4%253d8W3W9a%2526n%253dR%2526u%253dZAV%2526v%253dT5RE%2526N%253djK1Iu_IXvR_TH_KStW_UH_IXvR_SMPyN.q4fLo8cI1.6qD_ytUq_9i%2526f%253dD2Lx49.GgK%2526pL%253d5RBW%2526vJ%253d9c4UGY4U8W2h4c7RAY%2526j%253d409dVGb3WhWdT8UA7i6dV990YkVB5CUeV0453E5cU89g4iahRFc5WE8g2DcAXibA%26mupckp%3DmupAtu4m8OiX0wt&amp;source=gmail&amp;ust=1719327112606000&amp;usg=AOvVaw2tJZisSJypy8hnR-iOJgVx\">https:\/\/www.jaduheart.com\/<\/a><\/p>\n<p align=\"center\"><b>\u00a0<\/b><\/p>\n<p align=\"center\"><strong>SLOWDIVE + I HATE MY VILLAGE\u00a0<\/strong><\/p>\n<p align=\"center\"><strong>domenica 7 luglio<\/strong><\/p>\n<p align=\"center\"><strong>prezzo del biglietto: 40 euro + prevendita<\/strong><\/p>\n<p align=\"center\"><strong><b><span style=\"color: #222222; font-family: Tahoma;\">inizio concerti ore 21.00\u00a0<\/span><\/b><\/strong><\/p>\n<p><img decoding=\"async\" class=\"CToWUd a6T aligncenter\" tabindex=\"0\" src=\"https:\/\/ci3.googleusercontent.com\/meips\/ADKq_NZCnkoTy6Nx1hlU-45qFkTbqziQeqqk_LbtnwiUaoquw9dVUGoY1u9JFzm3eqL4LPKHviYH9wzVlVb8vlSLBijmFKh48zQMWn6e-qDhYrPf88p5qzit373p6dh-rU9vnFevDdKYQpRVFqVCFmB0sAYUvEhRS_ReY70vMqTo2bR--6xxXw=s0-d-e1-ft#https:\/\/jalamediaactivities.img.musvc2.net\/static\/141628\/assets\/1\/Schermata%202024-04-04%20alle%2009.44.51.png\" alt=\"\" data-bit=\"iit\" \/><\/p>\n<p>&nbsp;<\/p>\n<p>Dopo il doppio sold-out a Milano e Bologna a febbraio, gli\u00a0<strong>Slowdive<\/strong>\u00a0tornano sui palchi italiani per una serie di date estive che li porter\u00e0 in Piazza Castello\u00a0<strong>domenica 7 luglio<\/strong>\u00a0per un atteso concerto a\u00a0<strong>Sexton&#8217;nplugged festival<\/strong>, una preziosa occasione per ascoltare dal vivo l&#8217;acclamato\u00a0<i>&#8216;Everything Is Alive<\/i>&#8216;, l&#8217;ultimo album dei giganti dello shoegaze pubblicato a settembre.<\/p>\n<p>Sentito tributo alla madre di Rachel Goswell e al padre del batterista Simon Scott, entrambi deceduti nel 2020, il nuovo lavoro \u00e8 un\u2019esplorazione sonora della vita e della speranza, che riflette le profonde transizioni personali vissute dai membri della band. Spaziando tra paesaggi sonori psichedelici, pulsanti elementi elettronici anni &#8217;80 e viaggi ispirati a John Cale, si presenta immediatamente come qualcosa fatto per il futuro.<\/p>\n<p>\u201c<i>Everything Is Alive \u00e8 carico di esperienza, ma ogni nota \u00e8 equilibrata, saggia e necessariamente incline alla speranza. La sua unica alchimia incarna sottilmente tristezza e gratitudine, radicamento ed elevazione<\/i>\u201d. Ha dichiarato Rachel Goswell sul nuovo lavoro. \u201c<i>Non sarebbe giusto fare un disco davvero oscuro in questo momento. L\u2019album \u00e8 piuttosto eclettico dal punto di vista emotivo, ma d\u00e0 una sensazione di speranza<\/i>\u201d, ha aggiunto Neil Halstead.<\/p>\n<p>Inizialmente il nuovo progetto &#8216;<i>Everything Is Alive&#8217;<\/i>\u00a0viene concepito da Halstead, nel ruolo di autore e produttore, come un &#8220;disco elettronico pi\u00f9 minimale&#8221;, sperimentando con i sintetizzatori modulari. Il processo decisionale collettivo degli<strong>\u00a0Slowdive<\/strong>\u00a0ha infine riportato il gruppo verso le loro caratteristiche chitarre intrise di riverbero, assorbendo nelle composizioni l\u2019intenzione iniziale. &#8220;<i>Siamo sempre venuti da direzioni leggermente diverse, e i pezzi migliori sono quelli in cui ci incontriamo tutti nel mezzo<\/i>&#8220;, dice Halstead. &#8220;<i>Gli Slowdive sono la somma delle loro parti<\/i>&#8220;, aggiunge Goswell.<\/p>\n<p>Con questo nuovo album gli\u00a0<strong>Slowdive<\/strong>\u00a0dimostrano di essere i maestri del proprio genere, spingendo il loro lavoro verso l&#8217;esterno, al di l\u00e0 del singolare; il risultato finale \u00e8 un disco tanto emotivo e catartico quanto ottimista.<\/p>\n<p>Nata a Reading in Inghilterra nel 1989, la band fondata da Rachel Goswell (chitarra e voce) e Neil Halstead (chitarra e voce), il chitarrista Christian Savill, il bassista Nick Chaplin e il batterista Simon Scott, \u00e8 considerata tra i principali esponenti del genere shoegaze.<\/p>\n<p>Scioltisi nel 1995 e poi riunitisi nel 2014, con all\u2019attivo cinque album, due raccolte e cinque EP, hanno definito un pezzo di storia della musica rock britannica e non solo.<\/p>\n<p><a href=\"https:\/\/jalamediaactivities.musvc2.net\/e\/tr?q=6%3d4UHY5Y%263%3dT%26q%3dXPX%26r%3dRJTA%26L%3dyMwG0_KTtg_VD_IhvS_SW_KTtg_UINDP.vC6Pg0C8r7wBf0rE.fF4_KTtg_UI%265%3d4NvMtU.q6A%26Bv%3dTHX7%26K0%3dUCS4d2rKc9SKT7VHW9%269%3dt976Ka87w69VK8h2r9ARIaeXMb76PWCRJ77TQZgYQUhXJTBRHXC4vZgTP4gaH8B5&amp;mupckp=mupAtu4m8OiX0wt\" target=\"_blank\" rel=\"noopener\" data-saferedirecturl=\"https:\/\/www.google.com\/url?q=https:\/\/jalamediaactivities.musvc2.net\/e\/tr?q%3D6%253d4UHY5Y%25263%253dT%2526q%253dXPX%2526r%253dRJTA%2526L%253dyMwG0_KTtg_VD_IhvS_SW_KTtg_UINDP.vC6Pg0C8r7wBf0rE.fF4_KTtg_UI%25265%253d4NvMtU.q6A%2526Bv%253dTHX7%2526K0%253dUCS4d2rKc9SKT7VHW9%25269%253dt976Ka87w69VK8h2r9ARIaeXMb76PWCRJ77TQZgYQUhXJTBRHXC4vZgTP4gaH8B5%26mupckp%3DmupAtu4m8OiX0wt&amp;source=gmail&amp;ust=1719327112606000&amp;usg=AOvVaw2-Hjyogud6Yy7r-Qt1YWL0\">https:\/\/www.slowdiveofficial.<wbr \/>com\/<\/a><\/p>\n<p><b>\u00a0<\/b><\/p>\n<p><img decoding=\"async\" class=\"CToWUd a6T aligncenter\" tabindex=\"0\" src=\"https:\/\/ci3.googleusercontent.com\/meips\/ADKq_NZxPfFbi9Wxxk4cl75neLZRtlKDOtSV4zsaopbN0tUXL2p4ehv1uoywdshR9L3E3eZNl1KmQep8cA1qAfLsepHy_o-VJVNd6jWu-SXZzbMhzB5FKPlIUcv0yXcQ9OQUITccq_U_Unr9BE1gCP_68AI58WEVl5CAkIpF4BXH-3KZV3i7ig=s0-d-e1-ft#https:\/\/jalamediaactivities.img.musvc2.net\/static\/141628\/assets\/1\/Schermata%202024-04-04%20alle%2009.45.04.png\" alt=\"\" data-bit=\"iit\" \/><\/p>\n<p><b>\u00a0<\/b><\/p>\n<p><strong>I Hate My Village,<\/strong>\u00a0il supergruppo formato da Fabio Rondanini (Afterhours, Calibro 35)), Adriano Viterbini (BSBE), Alberto Ferrari (Verdena) e Marco Fasolo (Jennifer Gentle), annuncia il suo ritorno con un nuovo album ed una serie di primi concerti, tra qui l&#8217;appuntamento estivo a\u00a0<strong>Sexto&#8217;nplugged, domenica 7 luglio<\/strong>, nella stessa giornata con gli intramontabili Slowdive.<\/p>\n<p>Tra le band che pi\u00f9 ha incuriosito ed entusiasmato pubblico e stampa e, senza dubbio, uno dei gruppi rivelazione degli ultimi anni,\u00a0<strong>I Hate My Village<\/strong>\u00a0nascono nel 2019 con la pubblicazione dell&#8217;omonimo album (etichetta Tempesta), accolto sin da subito come un grande successo da parte di pubblico e critica e pi\u00f9 volte ristampato nel corso degli anni. La sua presentazione dal vivo, che inizialmente prevedeva solo una manciata di date, ha viaggiato attraverso la penisola con una miriade di concerti, fino all\u2019autunno dello stesso anno.<\/p>\n<p>Ad agosto 2021 arriva l&#8217;ep &#8216;<i>Gibbone<\/i>&#8216;, sempre con Tempesta, un lavoro che nasce da jam session registrate su una demo casalinga di quattro tracce. Il suono rispecchia ancora una volta la continua voglia di contaminarsi ed ampliare il proprio registro creativo, con ritmi che arrivano dall&#8217;Africa, note pop e psichedelia. &#8216;<i>Gibbone<\/i>&#8216;, con la sua immediatezza e spontaneit\u00e0, conferma ancora una volta il supergruppo tra le formazioni pi\u00f9 innovative e apprezzate sulla scena, riportandolo in tour sui palchi di tutta Italia.<\/p>\n<p>Il 21 marzo 2024 viene pubblicato, con la nuova etichetta Locomotiv Records,\u00a0<i>&#8216;Water Tanks<\/i>&#8216;, il primo singolo che anticipa il disco in arrivo nelle prossime settimane. Ipnotico e tentacolare, tribale e futuristico, il brano conferma la stravagante vena compositiva della band, tra le pi\u00f9 amate della scena indipendente italiana.<\/p>\n<p><a href=\"https:\/\/jalamediaactivities.musvc2.net\/e\/tr?q=8%3dDWMaEa%268%3dV%261%3dZUZ%262%3dTOVK%26N%3d4O7IE_Mdvl_XN_Kmxc_Ub_Mdvl_WSE5IxMD.0r_Kmxc_UbD_u4F0_zR_HDyEwBr%267%3d9P6OyW.18F%26D6%3dVMZG%26ME%3dW6n4wMUPeIUPVGXMYI%26A%3dz8qUQ9q516M6z0qUO9D81eEZNVp5VZE4xYKZP0oTN8s5OAs4UALXTAITO7LZM7E4&amp;mupckp=mupAtu4m8OiX0wt\" target=\"_blank\" rel=\"noopener\" data-saferedirecturl=\"https:\/\/www.google.com\/url?q=https:\/\/jalamediaactivities.musvc2.net\/e\/tr?q%3D8%253dDWMaEa%25268%253dV%25261%253dZUZ%25262%253dTOVK%2526N%253d4O7IE_Mdvl_XN_Kmxc_Ub_Mdvl_WSE5IxMD.0r_Kmxc_UbD_u4F0_zR_HDyEwBr%25267%253d9P6OyW.18F%2526D6%253dVMZG%2526ME%253dW6n4wMUPeIUPVGXMYI%2526A%253dz8qUQ9q516M6z0qUO9D81eEZNVp5VZE4xYKZP0oTN8s5OAs4UALXTAITO7LZM7E4%26mupckp%3DmupAtu4m8OiX0wt&amp;source=gmail&amp;ust=1719327112606000&amp;usg=AOvVaw2-j7BrQqK2su_blBl3viw_\">https:\/\/linktr.ee\/i_hate_my_<wbr \/>village<\/a><\/p>\n<p>&nbsp;<\/p>\n<p>&nbsp;<\/p>\n<p align=\"center\">biglietti in vendita sui circuiti<\/p>\n<p align=\"center\">\u00a0Ticketone e Ticketmaster (online e offline)<\/p>\n<p>&nbsp;<\/p>\n<p>Organizzato dall&#8217;<strong>Associazione Culturale Sexto<\/strong>,\u00a0<strong>Sexto&#8217;Nplugged<\/strong>\u00a0si \u00e8 consolidato come una delle proposte culturali di rilevanza nazionale. Giunto quest&#8217;anno alla sua\u00a0<strong>diciannovesima edizione<\/strong>, il festival sposa la commistione tra contesto storico e musica contemporanea anche con una serie di eventi collaterali ed iniziative originali che rendono Sexto un&#8217;esperienza diffusa in grado di spaziare tra musica, arte, cinema, design ed ecologia, grazie a location uniche ed alle collaborazioni volte a valorizzare il turismo culturale in ambito storico, naturalistico ed esperienziale.<\/p>\n<p>Negli ultimi anni\u00a0<strong>Sexto&#8217;Nplugged<\/strong>\u00a0\u00e8 diventato un punto di riferimento a livello nazionale per i\u00a0<strong>festival boutique<\/strong>, grazie alla sua location contenuta ma di grande impatto e valore storico, artistico e naturalistico, puntando alla qualit\u00e0, all&#8217;esclusivit\u00e0 e ad una fruizione esperienziale per lo spettatore. Importanti nella crescita le collaborazioni con realt\u00e0 imprenditoriali e artistiche, tra le pi\u00f9 rilevanti Cittadellarte e Terzo Paradiso di Michelangelo Pistoletto, artista indiscusso di fama internazionale.<\/p>\n<p>Oltre ai concerti presenti in\u00a0<strong>Piazza Castello<\/strong>\u00a0a\u00a0<strong>Sesto al Reghena (PN) dal 3 al 7 luglio<\/strong>,\u00a0<strong>Sexto&#8217;Nplugged<\/strong>, anche quest&#8217;anno sar\u00e0 attiva l&#8217;area\u00a0<i>Sexto Lounge,<\/i>\u00a0che verr\u00e0 allestita in Piazzetta Burovich. Ad ingresso gratuito, l&#8217;area si presenta come un salotto a cielo aperto ed ospiter\u00e0, prima e dopo i concerti, dei dj set tutti al femminile, mostre d\u2019arte e installazioni, oltre che la zona food and drink.<\/p>\n<p>L&#8217;impegno dell&#8217;Associazione Culturale Sexto prosegue per tutto l&#8217;anno, con eventi targati\u00a0<strong>Sexto&#8217;Nplugged<\/strong>\u00a0che spaziano dalle rassegne cinematografiche\/cineforum a concerti in collaborazione con club locali, Convergenze (il festival ad impatto green e spin off di\u00a0<strong>Sexto&#8217;Nplugged<\/strong>), eventi artistici e culturali che arricchiscono il territorio ed accompagnano al festival in programma in estate nella Piazza Castello di Sesto al Reghena (PN).<\/p>\n<p>&nbsp;<\/p>\n<p align=\"center\"><i>Con il sostegno di Regione Friuli Venezia Giulia, Fondazione Friuli<\/i><\/p>\n<p align=\"center\"><i>e Friuli Venezia Giulia Turismo.<\/i><\/p>\n<p align=\"center\"><i>Media Partner: Rumore\u00a0<\/i><\/p>\n<p align=\"center\"><a href=\"https:\/\/jalamediaactivities.musvc2.net\/e\/tr?q=8%3dLWHaMa%263%3dV%269%3dZPZ%260%3dTJVS%26N%3dyOEI0_Mlvg_XV_Khxk_UW_Mlvg_WaLvSEH5K7NxBz7.zO_Ctju_Mi%26u%3dHFLC8M.GvO%264L%3dJVPW%26AN%3dMcIYUYIYLWL6v4rVOY%26y%3dZ1bMVTWtbyZH6SXNZO7N8vWNdy6KdxbsANVvVRbM7PZH0Nat7P8MaLbPXw7P81bO&amp;mupckp=mupAtu4m8OiX0wt\" target=\"_blank\" rel=\"noopener\" data-saferedirecturl=\"https:\/\/www.google.com\/url?q=https:\/\/jalamediaactivities.musvc2.net\/e\/tr?q%3D8%253dLWHaMa%25263%253dV%25269%253dZPZ%25260%253dTJVS%2526N%253dyOEI0_Mlvg_XV_Khxk_UW_Mlvg_WaLvSEH5K7NxBz7.zO_Ctju_Mi%2526u%253dHFLC8M.GvO%25264L%253dJVPW%2526AN%253dMcIYUYIYLWL6v4rVOY%2526y%253dZ1bMVTWtbyZH6SXNZO7N8vWNdy6KdxbsANVvVRbM7PZH0Nat7P8MaLbPXw7P81bO%26mupckp%3DmupAtu4m8OiX0wt&amp;source=gmail&amp;ust=1719327112606000&amp;usg=AOvVaw1QNU8XOh2b0zi10PukhHzY\">https:\/\/sextonplugged.it<\/a><\/p>\n","protected":false},"excerpt":{"rendered":"<div class=\"mh-excerpt\"><p>SEXTO\u2019NPLUGGED FESTIVAL SI AVVICINA LA 19\u00b0 EDIZIONE,\u00a0 IN PROGRAMMA DAL 3 AL 7 LUGLIO\u00a0 A SESTO AL REGHENA (PN), PIAZZA CASTELLO SLOWDIVE, COSMO, JADU HEART, <a class=\"mh-excerpt-more\" href=\"https:\/\/www.piuomenopop.it\/index.php\/2024\/06\/24\/sextonplugged-festival-si-avvicina-ledizione-in-programma-dal-3-al-7-luglio-a-sesto-al-reghena-pn\/\" title=\"SEXTO&#8217;NPLUGGED FESTIVAL: si avvicina l&#8217;edizione in programma dal 3 al 7 luglio a Sesto al Reghena (PN)\">[&#8230;]<\/a><\/p>\n<\/div>","protected":false},"author":2,"featured_media":84559,"comment_status":"closed","ping_status":"closed","sticky":false,"template":"","format":"standard","meta":{"sfsi_plus_gutenberg_text_before_share":"","sfsi_plus_gutenberg_show_text_before_share":"","sfsi_plus_gutenberg_icon_type":"","sfsi_plus_gutenberg_icon_alignemt":"","sfsi_plus_gutenburg_max_per_row":"","footnotes":"","_links_to":"","_links_to_target":""},"categories":[5184,730,3],"tags":[536,14097,362,8170,14096,14099,14095,13959,2415,14098],"class_list":["post-85920","post","type-post","status-publish","format-standard","has-post-thumbnail","hentry","category-calendario-concerti","category-festival","category-news","tag-a-toys-orchestra","tag-bdrmm","tag-cosmo","tag-i-hate-my-village","tag-jadu-heart","tag-marta-del-grandi","tag-sesto-al-reghena","tag-sextonplugged-festival","tag-slowdive","tag-tony-ann"],"aioseo_notices":[],"_links":{"self":[{"href":"https:\/\/www.piuomenopop.it\/index.php\/wp-json\/wp\/v2\/posts\/85920","targetHints":{"allow":["GET"]}}],"collection":[{"href":"https:\/\/www.piuomenopop.it\/index.php\/wp-json\/wp\/v2\/posts"}],"about":[{"href":"https:\/\/www.piuomenopop.it\/index.php\/wp-json\/wp\/v2\/types\/post"}],"author":[{"embeddable":true,"href":"https:\/\/www.piuomenopop.it\/index.php\/wp-json\/wp\/v2\/users\/2"}],"replies":[{"embeddable":true,"href":"https:\/\/www.piuomenopop.it\/index.php\/wp-json\/wp\/v2\/comments?post=85920"}],"version-history":[{"count":2,"href":"https:\/\/www.piuomenopop.it\/index.php\/wp-json\/wp\/v2\/posts\/85920\/revisions"}],"predecessor-version":[{"id":85922,"href":"https:\/\/www.piuomenopop.it\/index.php\/wp-json\/wp\/v2\/posts\/85920\/revisions\/85922"}],"wp:featuredmedia":[{"embeddable":true,"href":"https:\/\/www.piuomenopop.it\/index.php\/wp-json\/wp\/v2\/media\/84559"}],"wp:attachment":[{"href":"https:\/\/www.piuomenopop.it\/index.php\/wp-json\/wp\/v2\/media?parent=85920"}],"wp:term":[{"taxonomy":"category","embeddable":true,"href":"https:\/\/www.piuomenopop.it\/index.php\/wp-json\/wp\/v2\/categories?post=85920"},{"taxonomy":"post_tag","embeddable":true,"href":"https:\/\/www.piuomenopop.it\/index.php\/wp-json\/wp\/v2\/tags?post=85920"}],"curies":[{"name":"wp","href":"https:\/\/api.w.org\/{rel}","templated":true}]}}