{"id":86127,"date":"2024-06-28T16:05:30","date_gmt":"2024-06-28T14:05:30","guid":{"rendered":"https:\/\/www.piuomenopop.it\/?p=86127"},"modified":"2024-06-28T16:05:30","modified_gmt":"2024-06-28T14:05:30","slug":"villa-ada-festival-musica-teatro-e-stand-up-comedy-tornano-nel-cuore-verde-di-roma","status":"publish","type":"post","link":"https:\/\/www.piuomenopop.it\/index.php\/2024\/06\/28\/villa-ada-festival-musica-teatro-e-stand-up-comedy-tornano-nel-cuore-verde-di-roma\/","title":{"rendered":"VILLA ADA FESTIVAL: musica, teatro e stand up comedy tornano nel cuore verde di Roma"},"content":{"rendered":"<p align=\"center\"><strong>Fino alla prima met\u00e0 di agosto oltre 30 date e due palchi.<\/strong><\/p>\n<p align=\"center\"><strong>VILLA ADA FESTIVAL<\/strong><\/p>\n<p align=\"center\"><strong>Musica, teatro e stand up comedy tornano nel cuore verde di Roma all\u2019insegna dell\u2019inclusione, della socialit\u00e0 e della sostenibilit\u00e0 ambientale.<\/strong><\/p>\n<p align=\"center\">\n<p align=\"center\"><strong>26 giugno\u00a0<\/strong><strong>ELIO E LE STORIE TESE \/\u00a027 giugno\u00a0YNGWIE MALMSTEEN\u00a0<\/strong><strong>\/\u00a028 giugno\u00a0MARGHERITA VICARIO \/\u00a029 giugno\u00a0POWER DUO FEST \/\u00a030 giugno\u00a0DIALOGUES FOR GAZA \/\u00a01 luglio\u00a0THE LIBERTINES \/\u00a02 luglio\u00a0PALAYE ROYAL \/\u00a03 luglio\u00a0GHEMON \/\u00a04 luglio\u00a0FEAR \/\u00a05 luglio\u00a0MOODYMANN \/\u00a07 luglio\u00a0VILLA ADA POSSE \/\u00a08 luglio\u00a0 EVERY CHILD IS MY CHILD e DE CORE PODCAST \/\u00a010 luglio\u00a0CORY HENRY \/\u00a011 luglio\u00a0QUADRO di TROISI \/\u00a012 luglio\u00a0NITRO + NELLO TAVER \/\u00a013 luglio\u00a0INNA CANTINA \/\u00a016 luglio\u00a0FABIO CELENZA \/\u00a017 luglio\u00a0IMMANUEL CASTO \/\u00a018 luglio\u00a0EX-OTAGO \/\u00a019 luglio\u00a0VALERIO LUNDINI E I VAZZANIKKI \/\u00a020 luglio\u00a0KRUDER &amp; DORFMEISTER \/\u00a022 luglio\u00a0VASCO BRONDI \/\u00a023 luglio\u00a0AMALFITANO \/\u00a024 luglio\u00a0LILLO AND AC\/HD + TOYS ORCHESTRA \/\u00a025 luglio\u00a0JAMES SENESE \/\u00a026 luglio\u00a0OCTAVE ONE, ODEN &amp; FATZO\u00a0<\/strong><strong>\/\u00a0<\/strong><strong>27 luglio\u00a0<\/strong><strong>LO STRETTO INDISPENSABILE \/\u00a0<\/strong><strong>28 luglio\u00a0<\/strong><strong>BOMBINO \/\u00a0<\/strong><strong>29 luglio\u00a0<\/strong><strong>EVA ALLYON \/\u00a0<\/strong><strong>30 luglio<\/strong><strong>\u00a0SABINA GUZZANTI<\/strong><strong>\u00a0<\/strong><strong>\/\u00a0<\/strong><strong>4 agosto\u00a0<\/strong><strong>INTI-ILLIMANI &amp; GIULIO WILSON \/\u00a0<\/strong><strong>7\u00a0<\/strong><strong>agosto\u00a0<\/strong><strong>FAT FREDDY\u2019S DROP\u00a0<\/strong><strong>\/<\/strong><strong>\u00a0<\/strong><strong>8 agosto\u00a0<\/strong><strong>SELTON<\/strong><\/p>\n<p align=\"center\"><strong>E<\/strong><\/p>\n<p align=\"center\"><strong>DAL 18 AL 20 LUGLIO\u00a0<\/strong><strong>TLON FEST NELL\u2019AREA FREE<\/strong><\/p>\n<p align=\"center\"><strong>Link prevendite:<\/strong><\/p>\n<p align=\"center\">\u00a0<strong>\u00a0<\/strong><strong><a href=\"https:\/\/www.ticketone.it\/artist\/villa-ada\/\" target=\"_blank\" rel=\"noopener\" data-saferedirecturl=\"https:\/\/www.google.com\/url?q=https:\/\/www.ticketone.it\/artist\/villa-ada\/&amp;source=gmail&amp;ust=1719669546336000&amp;usg=AOvVaw0eoMfTL1yuN18Xa_Ne4Xze\">https:\/\/www.ticketone.it\/<wbr \/>artist\/villa-ada\/<\/a><br \/>\n<\/strong><a href=\"https:\/\/gdgpress.voxmail.it\/nl\/pvwqdx\/qee0mb\/wx1ggd7\/uf\/1\/aHR0cHM6Ly9kaWNlLmZtL3ZlbnVlL3ZpbGxhLWFkYS1sMnlwP2xuZz1pdA?_d=95O&amp;_c=4c3c56e1\" target=\"_blank\" rel=\"noopener\" data-saferedirecturl=\"https:\/\/www.google.com\/url?q=https:\/\/gdgpress.voxmail.it\/nl\/pvwqdx\/qee0mb\/wx1ggd7\/uf\/1\/aHR0cHM6Ly9kaWNlLmZtL3ZlbnVlL3ZpbGxhLWFkYS1sMnlwP2xuZz1pdA?_d%3D95O%26_c%3D4c3c56e1&amp;source=gmail&amp;ust=1719669546336000&amp;usg=AOvVaw12_dXwrcSYHd_Y16ux2Flz\"><strong>https:\/\/dice.fm\/venue\/villa-<wbr \/>ada-l2yp?lng=it<\/strong><\/a><\/p>\n<p>Oltre 30 appuntamenti, due palchi e un\u2019area free sempre aperta dalle ore 18. Entra nel vivo\u00a0<strong>Villa Ada Festival<\/strong>, una delle rassegne pi\u00f9 amate della Capitale che anche in questa edizione schiera in cartellone musica, stand up comedy, teatro e dibattiti nel suggestivo scenario del\u00a0<strong>laghetto di Villa Ada<\/strong>, cuore verde della citt\u00e0.<\/p>\n<p><strong>Inclusivit\u00e0, socialit\u00e0 e sostenibilit\u00e0 ambientale<\/strong>\u00a0sono le tre parole chiave di questa estate per il progetto promosso da Roma Capitale &#8211; Assessorato alla Cultura, e vincitore dell&#8217;Avviso Pubblico biennale &#8220;Estate Romana 2023-2024&#8221; curato dal Dipartimento Attivit\u00e0 Culturali e realizzato in collaborazione con LEA e SIAE.<\/p>\n<p>Dopo i primi live di Piotta, Gio Evan, Savana Funk e Nobraino, il festival si prepara ad ospitare\u00a0<strong>Elio e le Storie Tese,<\/strong>\u00a0il\u00a0<strong>26 giugno, per la prima tappa del tour estivo<\/strong>\u00a0\u201cMi resta solo un dente e cerco di riavvitarlo\u201d: uno show tra il sacro e il profano che fotografa il nostro tempo in modo ironico e brillante; un viaggio nelle contraddizioni tutte italiane con musica, immagini, racconti e brani indimenticabili come\u00a0<em>La terra dei cachi<\/em>,\u00a0<em>Supergiovane<\/em>,\u00a0<em>Servi della gleba<\/em>\u00a0e\u00a0<em>Valzer transgenico<\/em>.<\/p>\n<p>Si cambia musica il\u00a0<strong>27 giugno<\/strong>\u00a0con lo svedese\u00a0<strong>Yngwie Malmsteen,<\/strong>\u00a0leggenda della chitarra elettrica da oltre quattro decenni. Dal grande schermo alla musica, ecco il\u00a0<strong>28 giugno Margherita Vicario:\u00a0<\/strong>la cantautrice, attrice e regista romana torna a casa con il suo\u00a0<strong>GLORIA! Tour 2024,<\/strong>\u00a0tra grandi hit del passato, canzoni del nuovo EP\u00a0<em>Showtime\u00a0<\/em>e assaggi della colonna sonora<em>\u00a0<\/em>del suo film\u00a0<strong><em>GLORIA!<\/em><\/strong>. Il\u00a0<strong>29 giugno<\/strong>\u00a0\u00e8 la volta del\u00a0<strong>Power Duo Fest,\u00a0<\/strong>all\u2019interno di<strong>\u00a0Electric Duo Project\u00a0<\/strong>in collaborazione con<strong>\u00a0Rccb Init\u00a0<\/strong>e la produzione di<strong>\u00a0Villa Ada Fest.\u00a0<\/strong><strong>Il primo festival dei power duo italiani<\/strong>\u00a0vede sei band in rappresentanza delle pi\u00f9 svariate sfumature del rock. Headliner della serata i partenopei\u00a0<strong>The Devils<\/strong>.<\/p>\n<p>Giugno si chiude con l\u2019appuntamento\u00a0<strong>\u201cDialogues for Gaza\u201d,<\/strong>\u00a0giornata dedicata alla cultura e alla storia del popolo palestinese con incontri, talk, letture e musica, ideata e curata da Giorgia Cardaci e Antonio de Matteo a sostegno dei progetti di Oxfam Italia e Medici Senza Frontiere.<\/p>\n<p><strong>Il 1\u00b0 luglio<\/strong>\u00a0sul palco i\u00a0<strong>The Libertine,\u00a0<\/strong>il gruppo indie rock formato da\u00a0<strong>Pete Doherty<\/strong>,\u00a0<strong>Carl Bar\u00e2t<\/strong>,\u00a0<strong>John Hassall<\/strong>\u00a0e\u00a0<strong>Gary Powell;\u00a0<\/strong>e il\u00a0<strong>2 luglio<\/strong>\u00a0arriva il glam rock dei\u00a0<strong>Palye Royal,\u00a0<\/strong>band adrenalinica, elettrizzante e dall\u2019estetica travolgente, amatissima dalla stampa internazionale. Il\u00a0<strong>3 luglio<\/strong>\u00a0luci accese sul palco per\u00a0<strong>Ghemon<\/strong>: con\u00a0<strong>\u201cUna cosetta cos\u00ec\u201d<\/strong>\u00a0l\u2019artista promette di conquistare il pubblico tra canzoni inedite, cover inaspettate e profonde riflessioni.<\/p>\n<p>Il\u00a0<strong>4 luglio i Fear,\u00a0<\/strong>iconica band nel mondo punk anni Ottanta, saranno gli haedliner di una giornata all\u2019insegna del punk, che<strong>\u00a0<\/strong>vedr\u00e0 alternarsi 16 band\u00a0 tra cui i Raw Power, i No More Lies e i Cheapheads.<\/p>\n<p>Direttamente da Detroit, il\u00a0<strong>5 luglio<\/strong>\u00a0atterra a Villa Ada\u00a0<strong>Moodymann,<\/strong>\u00a0producer tra i pi\u00f9 innovativi e ricercati al mondo, ospite a Villa Ada Festival per\u00a0<strong>Invincible Fest e Sound Zero.\u00a0<\/strong>Al suo fianco i\u00a0<strong>SOUL CLAP\u00a0<\/strong>e il loro ritmo fatto di house, influenze vintage disco ed electro-funk.<\/p>\n<p>Il\u00a0<strong>7 luglio<\/strong>\u00a0una serata a ritmo di reggae con Aldan, Ginko e Raina della\u00a0<strong>Villa Ada Posse<\/strong>\u00a0e\u00a0<strong>Baracca Sound, Germana Aka Rastalady\u00a0<\/strong>e la\u00a0<strong>Madhouse Band<\/strong>.\u00a0<strong>Luned\u00ec 8 luglio<\/strong>\u00a0dalle\u00a0<strong>18.00<\/strong>\u00a0grande serata dedicata alla solidariet\u00e0 con l\u2019evento\u00a0<strong>Every Child Is My Child + De Core Festival.<\/strong>\u00a0Un appuntamento ideato da\u00a0<strong>Alessandro Pieravanti<\/strong>\u00a0e accolto con entusiasmo da\u00a0<strong>Anna Foglietta<\/strong>, presidente di Every Child Is My Child, che vede sul palco artiste e artisti, da Caterina Guzzanti a Rocco Papaleo, dagli Assalti Frontali a Tosca D\u2019Aquino (e tanti altri), per raccogliere fondi a sostegno dei progetti dell\u2019associazione, da sempre attenta alle esigenze dei bambini che vivono in contesti di difficolt\u00e0.<\/p>\n<p>Polistrumentista, maestro della tastiera a tutto tondo,\u00a0<strong>Cory Henry<\/strong>\u00a0arriva al festival il\u00a0<strong>10 luglio.\u00a0<\/strong>\u00a0La vastit\u00e0 del suo universo musicale \u00e8 testimoniato dal suo ultimo disco \u201cOperation Funk\u201d (nomination ai Grammy per \u201cBest Progressive R&amp;B Album\u201d), e la produzione dell\u2019album di Rosal\u00eca \u201cMotomami\u201d, che ha vinto il Latin Grammy come Album of the Year.<\/p>\n<p><strong>L\u201911 luglio<\/strong><strong>\u00a0\u00e8 la volta de Il Quadro di Troisi,<\/strong>\u00a0con il nuovo album \u201cLa commedia\u201d, dove gli elementi che caratterizzano la musica del trio formato da\u00a0<strong>Eva Geist, Donato Dozzy e Pietro Micioni<\/strong>\u00a0&#8211; un approccio alla forma canzone che si riallaccia a una certa tradizione italiana e un suono spiccatamente \u201celettronico\u201d &#8211; si fondono ancora di pi\u00f9, dando vita a un mix inedito.<\/p>\n<p>Tra rap e freestyle il protagonista del\u00a0<strong>12 luglio<\/strong>\u00a0\u00e8\u00a0<strong>Nello Taver che divide il palco con Nitro;\u00a0<\/strong>mentre<strong>\u00a0Inna Cantina\u00a0<\/strong>il<strong>\u00a013 luglio\u00a0<\/strong>gioca in casa e presenta \u201cReggaediazepine\u201d, un nuovo album animato a pieno dalla cultura raggamuffin.<\/p>\n<p>Vera e propria web star per i suoi doppiaggi comico-nonsense di rockstar internazionali, come ad esempio Mick Jagger, Keith Richards e Steven Tyler,\u00a0<strong>Fabio Celenza \u00e8 in scena il 16 luglio,<\/strong>\u00a0con un progetto ibrido e difficile da incasellare. Un live show con una band (basso, batteria, tastiere), per suonare le musiche realizzate per alcuni dei suoi video pi\u00f9 famosi, senza rinunciare ovviamente ai suoi doppiaggi, tutti realizzati dal vivo e con il supporto delle immagini originali.<\/p>\n<p>Il\u00a0<strong>17 luglio<\/strong>\u00a0l\u2019appuntamento \u00e8 con la stand-up comedy di\u00a0<strong>Immanuel Casto<\/strong>\u00a0con il suo spettacolo \u201c<strong>Non erano battute\u201d.\u00a0<\/strong>Un grande e atteso ritorno con un nuovo album dopo 4 anni porta gli\u00a0<strong>Ex-Otago\u00a0<\/strong>a Roma, il\u00a0<strong>18 luglio,\u00a0<\/strong>con\u00a0<strong>Auguri &#8211; tour Estate 2024.\u00a0<\/strong>Musica e comedy il\u00a0<strong>19 luglio<\/strong>\u00a0con\u00a0<strong>Valerio Lundini e i Vazzanikki,\u00a0<\/strong>che saranno on stage con\u00a0<strong>Innamorati della vita tour.<\/strong><\/p>\n<p>Parallelamente ai live sul main stage, nell\u2019area free,<strong>\u00a0dal 18 al 20 luglio<\/strong>\u00a0torna\u00a0<strong>\u201cTLON FEST: pensare la musica\u201d<\/strong>, il mini festival culturale di\u00a0<strong>Andrea Colamedici\u00a0<\/strong>e<strong>\u00a0Maura Gancitano<\/strong>\u00a0giunto alla quinta edizione che, attraverso speech, dialoghi e performance live, offre ai partecipanti l&#8217;opportunit\u00e0 di riflettere sulla musica come veicolo di questioni filosofiche e sociali.<\/p>\n<p>Tra i nomi pi\u00f9 importanti della scena dance ed elettronica sbarcano il\u00a0<strong>20 luglio<\/strong>\u00a0a Villa Ada\u00a0<strong>Kruder &amp; Dorfmeister.\u00a0<\/strong>Il loro album \u201c<strong>1995\u201d<\/strong>\u00a0ha rappresentato la quintessenza della musica anni Novanta, \u00a0il loro stile stravagante unito a un groove sensuale fa in modo che siano considerati, a ragione, dei classici del genere.<\/p>\n<p><strong>Il songwriting denso e lucido di Vasco Brondi sar\u00e0 protagonista il 22 luglio<\/strong>: reduce dal successo dell\u2019ultimo lavoro\u00a0<strong>\u201cUn segno di Vita\u201d<\/strong>, entrato al terzo posto della classifica Fimi, il cantautore porter\u00e0 sul palco le nuove canzoni e quelle degli album precedenti, in un ideale viaggio nel tempo dal 2008 al 2024.<\/p>\n<p>Il\u00a0<strong>23 luglio<\/strong>\u00a0ancora cantautorato, con un\u2019anima rock\u2019n\u2019roll: \u00e8 la volta di\u00a0<strong>Amalfitano.<\/strong>\u00a0L\u2019artista che nel suo ultimo album \u201cTienimi la mano, Diva!\u201d, prodotto da Fabio Rizzo e Donato Di Trapani, ha collaborato con Francesco Bianconi.<\/p>\n<p><strong>Rock Up Comedy<\/strong>\u00a0\u00e8 l\u2019esilarante show di\u00a0<strong>Lillo and AC\/HD,<\/strong>\u00a0in scena il\u00a0<strong>24 luglio,\u00a0<\/strong>con<strong>\u00a0<\/strong>musica e risate per un pubblico di tutte le et\u00e0. Nell\u2019area free, lo stesso giorno, ecco<strong>\u00a0A Toys Orchestra<\/strong>\u00a0con il nuovo \u201cMidnight Again\u201d. La formazione &#8211; amatissima nel panorama indipendente italiano e internazionale &#8211; ha conquistato con le sue colonne sonore il mondo del cinema e della tv.<\/p>\n<p>Il sassofonista partenopeo\u00a0<strong>James Senese,<\/strong>\u00a0\u00e8 il protagonista della serata del\u00a0<strong>25 luglio.\u00a0<\/strong>\u00a0Sul palco porter\u00e0 i brani del suo ventunesimo album \u201cStiamo cercando il mondo\u201d, ultimo capitolo di una lunga carriera mai corrotta dalle mode del momento, nel quale l\u2019artista napoletano continua a indicare la strada attraverso la quale trovare la libert\u00e0.<\/p>\n<p>Il<strong>\u00a026 luglio Villa Ada Festival, Invincible Fest e Soundzero\u00a0<\/strong>di nuovo insieme\u00a0per portare sul palco\u00a0<strong>Octave One,\u00a0<\/strong>pilastri della scena techno di Detroit; e\u00a0<strong>Oden &amp; Fatzo<\/strong>, trio parigino dai live luminosi e psichedelici.<\/p>\n<p>Il\u00a0<strong>27 luglio<\/strong>\u00a0la magia del mondo Disney incontra quella del laghetto di Villa Ada per ballare sotto le stelle:\u00a0<strong>l<\/strong><strong>o stretto indispensabile<\/strong>\u00a0\u00e8 la rock band per cantare, piangere e urlare i classici Disney preferiti.\u00a0<strong>Il 28 luglio\u00a0<\/strong>appuntamento con<strong>\u00a0Bombino,\u00a0<\/strong>la stella del desert blues con il suo groove denso e magmatico.<\/p>\n<p>Il\u00a0<strong>29 luglio\u00a0<\/strong>ecco una delle musiciste afro-peruviane pi\u00f9 importanti della scena musicale,\u00a0<strong>Eva Allyon;\u00a0<\/strong>mentre<strong>\u00a0<\/strong>il\u00a0<strong>30 luglio<\/strong>\u00a0il palco si accende per\u00a0<strong>Sabina Guzzanti<\/strong>\u00a0e i suoi monologhi taglienti e sarcastici dedicati a politica e attualit\u00e0.<\/p>\n<p>Tre al momento gli appuntamenti in programma ad agosto: il<strong>\u00a04 con l\u2019Agua Tour Mondiale\u00a0<\/strong>della leggendaria band cilena<strong>\u00a0Inti-Illimani\u00a0<\/strong>con il<strong>\u00a0<\/strong>cantautore italiano<strong>\u00a0Giulio Wilson,\u00a0<\/strong>insieme<strong>\u00a0<\/strong>per una irresistibile festa latina; il\u00a0<strong>6 con\u00a0<\/strong><strong>i<\/strong>\u00a0<strong>Fat Freddy\u2019s Drop\u00a0<\/strong>e la loro combinazione psichedelica di dub, reggae, soul, jazz, rhythm and blues<strong>\u00a0<\/strong>e l\u2019<strong>8<\/strong>\u00a0con l\u2019energia contagiosa dei\u00a0<strong>Selton,\u00a0<\/strong>\u00a0band brasiliana ma di casa a Milano, che presenta a Villa Ada il nuovo album \u201cGringo Vol. 1\u201d.<\/p>\n<p>&nbsp;<\/p>\n<p align=\"center\"><strong>VILLA ADA FESTIVAL<\/strong><\/p>\n<p align=\"center\">Via di Ponte Salario, 28, 00199 Roma<\/p>\n<p align=\"center\">\n<p align=\"center\"><strong>Dalle ore 18 apertura Area Free<\/strong><\/p>\n<p align=\"center\"><strong>Dalle ore 19 apertura botteghino e dalle ore 20 apertura porte Main Stage<\/strong><\/p>\n<p align=\"center\"><strong>Dalle ore 21.00 concerti nel Main Stage (area a pagamento)<\/strong><\/p>\n<p align=\"center\"><strong>Villa Ada Festival resta aperta fino a tarda notte<\/strong><\/p>\n<p>&nbsp;<\/p>\n<p align=\"center\"><strong>Prevendite disponibili ai link:<\/strong><\/p>\n<p align=\"center\"><strong><a href=\"https:\/\/www.ticketone.it\/artist\/villa-ada\/\" target=\"_blank\" rel=\"noopener\" data-saferedirecturl=\"https:\/\/www.google.com\/url?q=https:\/\/www.ticketone.it\/artist\/villa-ada\/&amp;source=gmail&amp;ust=1719669546336000&amp;usg=AOvVaw0eoMfTL1yuN18Xa_Ne4Xze\">https:\/\/www.ticketone.it\/<wbr \/>artist\/villa-ada\/<\/a><\/strong><a href=\"https:\/\/gdgpress.voxmail.it\/nl\/pvwqdx\/qee0mb\/wx1ggd7\/uf\/2\/aHR0cHM6Ly9kaWNlLmZtL3ZlbnVlL3ZpbGxhLWFkYS1sMnlwP2xuZz1pdA?_d=95O&amp;_c=d7bd7295\" target=\"_blank\" rel=\"noopener\" data-saferedirecturl=\"https:\/\/www.google.com\/url?q=https:\/\/gdgpress.voxmail.it\/nl\/pvwqdx\/qee0mb\/wx1ggd7\/uf\/2\/aHR0cHM6Ly9kaWNlLmZtL3ZlbnVlL3ZpbGxhLWFkYS1sMnlwP2xuZz1pdA?_d%3D95O%26_c%3Dd7bd7295&amp;source=gmail&amp;ust=1719669546336000&amp;usg=AOvVaw3aFwQzlD-Rr1L7wrL4Eim9\"><strong><br \/>\n<\/strong><\/a><\/p>\n<p align=\"center\"><a href=\"https:\/\/gdgpress.voxmail.it\/nl\/pvwqdx\/qee0mb\/wx1ggd7\/uf\/3\/aHR0cHM6Ly9kaWNlLmZtL3ZlbnVlL3ZpbGxhLWFkYS1sMnlwP2xuZz1pdA?_d=95O&amp;_c=1c434d7d\" target=\"_blank\" rel=\"noopener\" data-saferedirecturl=\"https:\/\/www.google.com\/url?q=https:\/\/gdgpress.voxmail.it\/nl\/pvwqdx\/qee0mb\/wx1ggd7\/uf\/3\/aHR0cHM6Ly9kaWNlLmZtL3ZlbnVlL3ZpbGxhLWFkYS1sMnlwP2xuZz1pdA?_d%3D95O%26_c%3D1c434d7d&amp;source=gmail&amp;ust=1719669546336000&amp;usg=AOvVaw2Q7FJH8IaJkwWS-ao8f6s9\"><strong>https:\/\/dice.fm\/venue\/villa-<wbr \/>ada-l2yp?lng=it<\/strong><\/a><\/p>\n<p align=\"center\">\n<p align=\"center\">Sito web:\u00a0<a href=\"https:\/\/gdgpress.voxmail.it\/nl\/pvwqdx\/qee0mb\/wx1ggd7\/uf\/4\/aHR0cHM6Ly93d3cudmlsbGFhZGFmZXN0aXZhbC5pdC8?_d=95O&amp;_c=fe8c856a\" target=\"_blank\" rel=\"noopener\" data-saferedirecturl=\"https:\/\/www.google.com\/url?q=https:\/\/gdgpress.voxmail.it\/nl\/pvwqdx\/qee0mb\/wx1ggd7\/uf\/4\/aHR0cHM6Ly93d3cudmlsbGFhZGFmZXN0aXZhbC5pdC8?_d%3D95O%26_c%3Dfe8c856a&amp;source=gmail&amp;ust=1719669546336000&amp;usg=AOvVaw3SNCp5UIDc1LEj-R20eO_5\">https:\/\/www.villaadafestival.<wbr \/>it<\/a><\/p>\n<p align=\"center\">Facebook:\u00a0<a href=\"https:\/\/gdgpress.voxmail.it\/nl\/pvwqdx\/qee0mb\/wx1ggd7\/uf\/5\/aHR0cHM6Ly93d3cuZmFjZWJvb2suY29tL1ZpbGxhQWRhMjAyMi8?_d=95O&amp;_c=2e2156d5\" target=\"_blank\" rel=\"noopener\" data-saferedirecturl=\"https:\/\/www.google.com\/url?q=https:\/\/gdgpress.voxmail.it\/nl\/pvwqdx\/qee0mb\/wx1ggd7\/uf\/5\/aHR0cHM6Ly93d3cuZmFjZWJvb2suY29tL1ZpbGxhQWRhMjAyMi8?_d%3D95O%26_c%3D2e2156d5&amp;source=gmail&amp;ust=1719669546336000&amp;usg=AOvVaw1WNlHKjrLFaNAx5njYixny\">https:\/\/www.facebook.com\/<wbr \/>villaadafestival.roma<\/a><\/p>\n<p align=\"center\">Instagram:\u00a0<a href=\"https:\/\/gdgpress.voxmail.it\/nl\/pvwqdx\/qee0mb\/wx1ggd7\/uf\/6\/aHR0cHM6Ly93d3cuaW5zdGFncmFtLmNvbS92aWxsYS5hZGEuZmVzdGl2YWwv?_d=95O&amp;_c=15f46491\" target=\"_blank\" rel=\"noopener\" data-saferedirecturl=\"https:\/\/www.google.com\/url?q=https:\/\/gdgpress.voxmail.it\/nl\/pvwqdx\/qee0mb\/wx1ggd7\/uf\/6\/aHR0cHM6Ly93d3cuaW5zdGFncmFtLmNvbS92aWxsYS5hZGEuZmVzdGl2YWwv?_d%3D95O%26_c%3D15f46491&amp;source=gmail&amp;ust=1719669546336000&amp;usg=AOvVaw3jnIZHFEnYmQXzZ9lg4qk5\">https:\/\/www.instagram.com\/<wbr \/>villa.ada.festival\/<\/a><\/p>\n<p align=\"center\">\n<p align=\"center\">Mail:\u00a0<a href=\"https:\/\/gdgpress.voxmail.it\/nl\/pvwqdx\/qee0mb\/wx1ggd7\/uf\/7\/bWFpbHRvOmluZm9AdmlsbGFhZGFmZXN0aXZhbC5pdA?_d=95O&amp;_c=17658cf3\" target=\"_blank\" rel=\"noopener\" data-saferedirecturl=\"https:\/\/www.google.com\/url?q=https:\/\/gdgpress.voxmail.it\/nl\/pvwqdx\/qee0mb\/wx1ggd7\/uf\/7\/bWFpbHRvOmluZm9AdmlsbGFhZGFmZXN0aXZhbC5pdA?_d%3D95O%26_c%3D17658cf3&amp;source=gmail&amp;ust=1719669546336000&amp;usg=AOvVaw2UkuihrN95mBjnNOUQssxl\">info@villaadafestival.it<\/a><\/p>\n","protected":false},"excerpt":{"rendered":"<div class=\"mh-excerpt\"><p>Fino alla prima met\u00e0 di agosto oltre 30 date e due palchi. VILLA ADA FESTIVAL Musica, teatro e stand up comedy tornano nel cuore verde <a class=\"mh-excerpt-more\" href=\"https:\/\/www.piuomenopop.it\/index.php\/2024\/06\/28\/villa-ada-festival-musica-teatro-e-stand-up-comedy-tornano-nel-cuore-verde-di-roma\/\" title=\"VILLA ADA FESTIVAL: musica, teatro e stand up comedy tornano nel cuore verde di Roma\">[&#8230;]<\/a><\/p>\n<\/div>","protected":false},"author":2,"featured_media":86128,"comment_status":"closed","ping_status":"closed","sticky":false,"template":"","format":"standard","meta":{"sfsi_plus_gutenberg_text_before_share":"","sfsi_plus_gutenberg_show_text_before_share":"","sfsi_plus_gutenberg_icon_type":"","sfsi_plus_gutenberg_icon_alignemt":"","sfsi_plus_gutenburg_max_per_row":"","footnotes":"","_links_to":"","_links_to_target":""},"categories":[5184,730,3],"tags":[14121],"class_list":["post-86127","post","type-post","status-publish","format-standard","has-post-thumbnail","hentry","category-calendario-concerti","category-festival","category-news","tag-villa-ada-festival"],"aioseo_notices":[],"_links":{"self":[{"href":"https:\/\/www.piuomenopop.it\/index.php\/wp-json\/wp\/v2\/posts\/86127","targetHints":{"allow":["GET"]}}],"collection":[{"href":"https:\/\/www.piuomenopop.it\/index.php\/wp-json\/wp\/v2\/posts"}],"about":[{"href":"https:\/\/www.piuomenopop.it\/index.php\/wp-json\/wp\/v2\/types\/post"}],"author":[{"embeddable":true,"href":"https:\/\/www.piuomenopop.it\/index.php\/wp-json\/wp\/v2\/users\/2"}],"replies":[{"embeddable":true,"href":"https:\/\/www.piuomenopop.it\/index.php\/wp-json\/wp\/v2\/comments?post=86127"}],"version-history":[{"count":1,"href":"https:\/\/www.piuomenopop.it\/index.php\/wp-json\/wp\/v2\/posts\/86127\/revisions"}],"predecessor-version":[{"id":86129,"href":"https:\/\/www.piuomenopop.it\/index.php\/wp-json\/wp\/v2\/posts\/86127\/revisions\/86129"}],"wp:featuredmedia":[{"embeddable":true,"href":"https:\/\/www.piuomenopop.it\/index.php\/wp-json\/wp\/v2\/media\/86128"}],"wp:attachment":[{"href":"https:\/\/www.piuomenopop.it\/index.php\/wp-json\/wp\/v2\/media?parent=86127"}],"wp:term":[{"taxonomy":"category","embeddable":true,"href":"https:\/\/www.piuomenopop.it\/index.php\/wp-json\/wp\/v2\/categories?post=86127"},{"taxonomy":"post_tag","embeddable":true,"href":"https:\/\/www.piuomenopop.it\/index.php\/wp-json\/wp\/v2\/tags?post=86127"}],"curies":[{"name":"wp","href":"https:\/\/api.w.org\/{rel}","templated":true}]}}