{"id":8645,"date":"2016-11-09T19:27:13","date_gmt":"2016-11-09T18:27:13","guid":{"rendered":"http:\/\/www.piuomenopop.it\/?p=8645"},"modified":"2018-01-01T17:48:31","modified_gmt":"2018-01-01T16:48:31","slug":"razzi-totali-la-citta-del-niente-release-date-18-11-16","status":"publish","type":"post","link":"https:\/\/www.piuomenopop.it\/index.php\/2016\/11\/09\/razzi-totali-la-citta-del-niente-release-date-18-11-16\/","title":{"rendered":"RAZZI TOTALI &#8211; LA CITTA&#8217; DEL NIENTE [RELEASE DATE 18.11.16]"},"content":{"rendered":"<p style=\"text-align: center;\"><span style=\"font-size: 14pt;\"><strong>RAZZI TOTALI<\/strong><\/span><br \/>\n<strong>presentano il nuovo album<\/strong><br \/>\n<em><strong>\u201cLA CITTA&#8217; DEL NIENTE\u201d<\/strong><\/em><\/p>\n<p><img loading=\"lazy\" decoding=\"async\" class=\"alignnone size-full wp-image-8646 aligncenter\" src=\"http:\/\/www.piuomenopop.it\/wp-content\/uploads\/2016\/11\/Copertina-300x300.jpg\" alt=\"copertina-300x300\" width=\"300\" height=\"300\" srcset=\"https:\/\/www.piuomenopop.it\/wp-content\/uploads\/2016\/11\/Copertina-300x300.jpg 150w, https:\/\/www.piuomenopop.it\/wp-content\/uploads\/2016\/11\/Copertina-300x300-60x60.jpg 60w\" sizes=\"auto, (max-width: 300px) 100vw, 300px\" \/><br \/>\nA 10 anni di distanza dall&#8217;ultimo disco &#8220;Il cambio di stagione&#8221;, mossi dalla voglia di comunicare lasciando da parte la nostalgia post-adolescenziale,<br \/>\ntornano i <strong><a href=\"https:\/\/www.facebook.com\/RazziTotali\/\" target=\"_blank\">Razzi Totali<\/a><\/strong>, <strong>combo storico del Punk Italiano dei tempi d&#8217;oro<\/strong>.<br \/>\nIl Ritorno del combo trentino scrive un nuovo importante capitolo del punk nostrano presentandoci <em><strong>&#8220;La Citta del niente&#8221;<\/strong><\/em>, un concept album composto da 21 pezzi suddivisi in 4 parti in cui i Razzi Totali si presentano al pubblico con gli occhi disillusi di chi ha passato abbondantemente i 30 e ne ha viste e vissute parecchie.<br \/>\nCon \u201cLa citt\u00e0 del niente\u201d i Razzi Totali danno vita ad un immaginario popolato da diversi caratteri, metafore e specchio della quotidianit\u00e0 di ognuno di noi.<br \/>\n<strong>Analisi ineccepibile dei nostri tempi fatta da 4 punk rockers innamorati della vita e della melodia<\/strong> alle quali non vogliono rinunciare per nulla al mondo, bench\u00e8 oggi non sia pi\u00f9 com&#8217;era ieri e si sia costretti a vivere, per l&#8217;appunto, nella Citt\u00e0 del niente.<br \/>\nSuonato impeccabilmente, prodotto come si deve fare con un disco di sano punk rock, questo concept \u00e8 un susseguirsi sberle in faccia e tanti spunti per riflettere senza troppo prendersi sul serio.<\/p>\n<p style=\"text-align: center;\"><strong>Release Date: 18.11.16<\/strong><\/p>\n<p>Label: <a href=\"http:\/\/www.indiebox.org\/\" target=\"_blank\">INDIEBOX MUSIC<\/a><br \/>\nDistribuito da : SELF DISTRIBUZIONE \/ARTIST FIRST<br \/>\nRegistrato e prodotto presso: <a href=\"http:\/\/www.indieboxmusichall.org\/\" target=\"_blank\">INDIEBOX MUSIC HALL<\/a><\/p>\n","protected":false},"excerpt":{"rendered":"<div class=\"mh-excerpt\"><p>RAZZI TOTALI presentano il nuovo album \u201cLA CITTA&#8217; DEL NIENTE\u201d A 10 anni di distanza dall&#8217;ultimo disco &#8220;Il cambio di stagione&#8221;, mossi dalla voglia di <a class=\"mh-excerpt-more\" href=\"https:\/\/www.piuomenopop.it\/index.php\/2016\/11\/09\/razzi-totali-la-citta-del-niente-release-date-18-11-16\/\" title=\"RAZZI TOTALI &#8211; LA CITTA&#8217; DEL NIENTE [RELEASE DATE 18.11.16]\">[&#8230;]<\/a><\/p>\n<\/div>","protected":false},"author":1,"featured_media":8647,"comment_status":"closed","ping_status":"closed","sticky":false,"template":"","format":"standard","meta":{"sfsi_plus_gutenberg_text_before_share":"","sfsi_plus_gutenberg_show_text_before_share":"","sfsi_plus_gutenberg_icon_type":"","sfsi_plus_gutenberg_icon_alignemt":"","sfsi_plus_gutenburg_max_per_row":"","footnotes":"","_links_to":"","_links_to_target":""},"categories":[3,8,20],"tags":[263,1412],"class_list":["post-8645","post","type-post","status-publish","format-standard","has-post-thumbnail","hentry","category-news","category-uscite","category-punk","tag-indiebox","tag-razzi-totali"],"aioseo_notices":[],"_links":{"self":[{"href":"https:\/\/www.piuomenopop.it\/index.php\/wp-json\/wp\/v2\/posts\/8645","targetHints":{"allow":["GET"]}}],"collection":[{"href":"https:\/\/www.piuomenopop.it\/index.php\/wp-json\/wp\/v2\/posts"}],"about":[{"href":"https:\/\/www.piuomenopop.it\/index.php\/wp-json\/wp\/v2\/types\/post"}],"author":[{"embeddable":true,"href":"https:\/\/www.piuomenopop.it\/index.php\/wp-json\/wp\/v2\/users\/1"}],"replies":[{"embeddable":true,"href":"https:\/\/www.piuomenopop.it\/index.php\/wp-json\/wp\/v2\/comments?post=8645"}],"version-history":[{"count":2,"href":"https:\/\/www.piuomenopop.it\/index.php\/wp-json\/wp\/v2\/posts\/8645\/revisions"}],"predecessor-version":[{"id":8649,"href":"https:\/\/www.piuomenopop.it\/index.php\/wp-json\/wp\/v2\/posts\/8645\/revisions\/8649"}],"wp:featuredmedia":[{"embeddable":true,"href":"https:\/\/www.piuomenopop.it\/index.php\/wp-json\/wp\/v2\/media\/8647"}],"wp:attachment":[{"href":"https:\/\/www.piuomenopop.it\/index.php\/wp-json\/wp\/v2\/media?parent=8645"}],"wp:term":[{"taxonomy":"category","embeddable":true,"href":"https:\/\/www.piuomenopop.it\/index.php\/wp-json\/wp\/v2\/categories?post=8645"},{"taxonomy":"post_tag","embeddable":true,"href":"https:\/\/www.piuomenopop.it\/index.php\/wp-json\/wp\/v2\/tags?post=8645"}],"curies":[{"name":"wp","href":"https:\/\/api.w.org\/{rel}","templated":true}]}}