{"id":86886,"date":"2024-07-16T17:34:38","date_gmt":"2024-07-16T15:34:38","guid":{"rendered":"https:\/\/www.piuomenopop.it\/?p=86886"},"modified":"2024-07-16T17:35:20","modified_gmt":"2024-07-16T15:35:20","slug":"ostia-antica-festival-al-via-domani-17-luglio-con-vinicio-capossela-tra-i-nuovi-nomi-max-giusti-neri-marcore-e-serena-dandini","status":"publish","type":"post","link":"https:\/\/www.piuomenopop.it\/index.php\/2024\/07\/16\/ostia-antica-festival-al-via-domani-17-luglio-con-vinicio-capossela-tra-i-nuovi-nomi-max-giusti-neri-marcore-e-serena-dandini\/","title":{"rendered":"OSTIA ANTICA FESTIVAL al via domani, 17 luglio, con Vinicio Capossela, tra i nuovi nomi Max Giusti, Neri Marcor\u00e8 e Serena Dandini"},"content":{"rendered":"<div>\n<p style=\"text-align: center;\"><b>La prima edizione della rassegna di RTI Teatro Romano Ostia Antica<\/b><\/p>\n<\/div>\n<div style=\"text-align: center;\">\n<p><b>OSTIA ANTICA FESTIVAL\u00a0\u00a0<\/b><\/p>\n<\/div>\n<div style=\"text-align: center;\">\n<p><b>AL VIA IL 17 LUGLIO CON VINICIO CAPOSSELA<\/b><\/p>\n<\/div>\n<div style=\"text-align: center;\">\n<p><b>Torna ad animarsi di arte e musica lo straordinario palcoscenico del Teatro Romano. Ai nomi gi\u00e0 annunciati si aggiungono Max Giusti, Blonde Redhead, Neri Marcor\u00e8 e Serena Dandini.\u00a0\u00a0<\/b><\/p>\n<\/div>\n<div style=\"text-align: center;\">\n<p><b>VINICIO CAPOSSELA IL\u00a017 LUGLIO, GORAN BREGOVI\u0106 IL\u00a022 LUGLIO, MAX GIUSTI IL\u00a028 LUGLIO, BLONDE REDHEAD IL\u00a026 AGOSTO, PATTI SMITH IL\u00a03 SETTEMBRE, FLAVIA MASTRELLA E ANTONIO REZZA IL\u00a06 SETTEMBRE, \u00a0CARMEN CONSOLI IL\u00a07 SETTEMBRE, NERI MARCOR\u00c8 IL\u00a021 SETTEMBRE, IL VARIET\u00c0 DI SERENA DANDINI IL\u00a028 SETTEMBRE\u00a0<\/b><\/p>\n<\/div>\n<div style=\"text-align: center;\">\n<p><b>Biglietti in prevendita su Ticketone\u00a0\u00a0<\/b><\/p>\n<\/div>\n<div>\n<p style=\"text-align: center;\"><b><a href=\"https:\/\/gdgpress.voxmail.it\/nl\/pvwqdx\/ks0web\/kb5yfm\/uf\/1\/aHR0cHM6Ly93d3cudGlja2V0b25lLml0L2FydGlzdC9vc3RpYS1hbnRpY2EtZmVzdGl2YWwv?_d=96E&amp;_c=9735e679\" target=\"_blank\" rel=\"noreferrer noopener\" data-saferedirecturl=\"https:\/\/www.google.com\/url?q=https:\/\/gdgpress.voxmail.it\/nl\/pvwqdx\/ks0web\/kb5yfm\/uf\/1\/aHR0cHM6Ly93d3cudGlja2V0b25lLml0L2FydGlzdC9vc3RpYS1hbnRpY2EtZmVzdGl2YWwv?_d%3D96E%26_c%3D9735e679&amp;source=gmail&amp;ust=1721229723188000&amp;usg=AOvVaw0IsPKnnh0LmclMfWX0no7F\">https:\/\/www.ticketone.it\/<wbr \/>artist\/ostia-antica-festival\/<\/a>\u00a0<\/b><\/p>\n<div>\n<p>Una storia lunga pi\u00f9 di duemila anni che continua a vivere in un dialogo costante tra passato e presente, archeologia e contemporaneit\u00e0.\u00a0Torna ad animarsi di arte e note lo straordinario palcoscenico del\u00a0<b>Teatro Romano di Ostia Antica<\/b>\u00a0con\u00a0<b>Ostia Antica Festival,<\/b>\u00a0la rassegna tra musica e teatro che quest\u2019anno firma la sua prima edizione con la neonata\u00a0<i><b>RTI Teatro Romano Ostia Antica<\/b><\/i>.<\/p>\n<\/div>\n<div>\n<p>Riflettori accesi dal\u00a0<b>17 luglio<\/b>\u00a0con la classe senza tempo di\u00a0<b>Vinicio Capossela,<\/b>\u00a0che passa il testimone musicale a\u00a0<b>Goran Bregovi\u0107<\/b>\u00a0(22 luglio),\u00a0<b>Blonde Redhead<\/b>\u00a0(26 agosto), fino alla sacerdotessa del rock\u00a0<b>Patti Smith<\/b>\u00a0(sul palco il 3 settembre per una delle due date speciali in Italia) e\u00a0<b>Carmen Consoli<\/b>\u00a0(7 settembre). Inaugura la prosa\u00a0<b>Max Giusti<\/b>\u00a0il 28 luglio con il suo frizzantissimo \u201cBollicine\u201d, il duo\u00a0<b>Rezza \u2013 Mastrella<\/b>\u00a0\u00e8 in cartellone il 6 settembre,\u00a0<b>Neri Marcor\u00e8<\/b>\u00a0e l\u2019omaggio a Giorgio Gaber calca la scena il 21 settembre e a\u00a0<b>Serena Dandini<\/b>\u00a0\u00e8 affidata la chiusura del cartellone il 28 settembre.<\/p>\n<\/div>\n<div>\n<p>\u201c<i>Anche quest\u2019anno, specialmente quest\u2019anno anzi, con rinnovato slancio il Parco archeologico di Ostia antica apre la sua stagione teatrale all\u2019insegna di un\u00a0<b>perfetto connubio fra tradizione e innovazione<\/b><\/i>\u201d: afferma il Direttore del Parco archeologico di Ostia Antica\u00a0<b>Alessandro D\u2019Alessio<\/b>. \u201c<i>Con un nuovo<\/i>\u00a0<i>partner privato (dunque non un \u201csemplice\u201d concessionario di servizi come in passato) &#8211; RTI Teatro Romano Ostia Antica &#8211; selezionato con apposita procedura pubblica, abbiamo pensato a una programmazione che possa adattarsi alla storia del nostro glorioso teatro. Dai nostoi (per dirla con i lirici), rovine e altri crolli di Vinicio Capossela, che apre la stagione, al caleidoscopico melting pot sonoro di Goran Bregovi\u0107 (polifonica eco di quel che fu la romana Ostia); da \u2018Pasolini and the sea\u2019 di Patti Smith (\u00e8 a tutti nota la drammatica intersezione tra il grande poeta e regista e il litorale di Roma) a quell\u2019incomparabile istrione che fu Giorgio Gaber, qui magnificato da Neri Marcor\u00e8, siamo molto orgogliosi della\u00a0<b>qualit\u00e0\u00a0<\/b>di quest\u2019anno\u201d.<\/i><\/p>\n<\/div>\n<div>\n<p>\u00c8 un atteso ritorno quello di\u00a0<b>Vinicio Capossela<\/b>\u00a0a Ostia Antica Festival, pensato proprio per questo luogo. Il\u00a0<b>17 luglio<\/b>\u00a0il premio Tenco 2023 inaugura la rassegna con un imperdibile appuntamento dal vivo:\u00a0<i><b>Antichi Tasti. De reditu suo. Ritorni, rovine e altri crolli.<\/b><\/i>\u00a0A distanza di 18 anni dallo storico\u00a0<b>concerto del 2006<\/b>\u00a0&#8211; l&#8217;estate del tour di\u00a0<b>\u201cOvunque Proteggi\u201d<\/b>\u00a0&#8211; l\u2019artista ripercorre dunque le tracce di quel disco, a cui si aggiunge parte di<b>\u00a0\u201cCamera a sud\u201d<\/b>, in occasione del trentennale dell&#8217;uscita.\u00a0Un concerto unico che vuole provare a far risuonare\u00a0<b>le urgenze attuali insieme a quelle che da sempre soffocano la pacifica convivenza umana, un viaggio tra le proprie rovine personali messe in musica.<\/b><\/p>\n<\/div>\n<div>\n<p>Il\u00a0<b>22 luglio<\/b>\u00a0travolge il pubblico l\u2019energia di\u00a0<b>Goran Bregovi\u0107<\/b>, compositore bosniaco e musicista di fama internazionale, con la sua\u00a0<b>Orchestra per i Matrimoni e Funerali.<\/b>\u00a0Per anni l\u2019idolo della giovent\u00f9 jugoslava, Bregovic porta in scena un vorticoso spettacolo che mescola le sonorit\u00e0 di una fanfara tzigana con le polifonie tradizionali bulgare, chitarra elettrica e percussioni tradizionali con delle accentuazioni rock, per un ritmo a cui \u00e8 impossibile resistere.<\/p>\n<\/div>\n<div>\n<p>Serata \u201cfrizzantissima\u201d il\u00a0<b>28 luglio<\/b>\u00a0con le\u00a0<b>\u201cBollicine\u201d<\/b>\u00a0dello showman\u00a0<b>Max Giusti.<\/b>\u00a0Grazie all\u2019esperienza del Marchese del Grillo, diretta da Massimo Romeo Piparo, ha capito che le cose vanno dette, chiare e tonde, senza filtri, come faceva lui. Ed \u00e8 cos\u00ec che all\u2019apice della sua maturit\u00e0, personale e professionale,\u00a0<b>Giusti \u00e8 pronto a dire le sue verit\u00e0 pi\u00f9 scomode:<\/b>\u00a0i danni che ha creato il patriarcato alle donne ma anche agli stessi uomini, l\u2019amore che \u00e8 sempre pi\u00f9 a tempo determinato, crescere figli con in testa dei modelli totalmente superati, essere un volto tv quando tutti dicono di guardare solo le serie. Un flusso di coscienza irresistibile e un viaggio nei nostri tempi che porter\u00e0 l\u2019attore a dimostrare al pubblico che la gabbia del politicamente corretto, di cui tanto si parla, in realt\u00e0 non \u00e8 mai esistita.<\/p>\n<\/div>\n<div>\n<p>Tra dream pop e art rock il\u00a0<b>26 agosto<\/b>\u00a0Ostia Antica Festival torna a suonare con i\u00a0<b>Blonde Redhead.<\/b>\u00a0Il trio indie italo-giapponese, composto da\u00a0<b>Kazu Makino, Simone e Amedeo Pace,<\/b>\u00a0porta in scena i brani dell\u2019ultimo album\u00a0<i>\u201cSit Down for Dinner\u201d<\/i>, uscito l\u2019anno scorso. Scritto e registrato nell\u2019arco di cinque anni tra New York, Milano e la Toscana, \u00e8 il decimo disco con cui la band festeggia trent\u2019anni di carriera. Un lavoro discografico con tematiche profonde, tipiche dell\u2019et\u00e0 adulta, che conferma lo stile tanto inconfondibile quanto inclassificabile dei tre musicisti.<\/p>\n<\/div>\n<div>\n<p>Il\u00a0<b>3 settembre<\/b>\u00a0sale sul palco la sacerdotessa del rock\u00a0<b>Patti Smith<\/b>\u00a0con\u00a0<b>\u201cPasolini and the sea\u201d.<\/b>\u00a0Un amore profondo lega la cantautrice, poetessa, fotografa e pittrice a Pier Paolo Pasolini che, proprio a Ostia, fu brutalmente assassinato la notte del 2 novembre 1975. In uno scenario tra i pi\u00f9 evocativi, capace di mantenere il fascino originale dei tempi passati, ecco risuonare la voce di un\u2019icona moderna come Patti Smith, il cui segno distintivo inflessibilmente coerente \u00e8 diventato il tratto indelebile della sua espressione artistica che l\u2019ha resa tra gli artisti pi\u00f9 influenti di tutti i tempi.<\/p>\n<\/div>\n<div>\n<p>Il\u00a0<b>6 settembre<\/b>\u00a0\u00e8 la volta di\u00a0<b>Amistade,<\/b>\u00a0l\u2019opera multimediale di\u00a0<b>Flavia Mastrella<\/b>\u00a0e\u00a0<b>Antonio Rezza,<\/b>\u00a0co-prodotta dal Teatro di Sardegna, che si avvale di nuove tecnologie, videomapping e proiezioni. Frammenti sonori raccontano di concerti e pensieri di\u00a0<b>Fabrizio De Andr\u00e9,<\/b>\u00a0che si alternano e si amalgamano con i concetti, la voce e il corpo di Antonio Rezza in scena con\u00a0<b>Ivan Bellavista.<\/b>\u00a0Un lavoro di contaminazione tra la poetica di Fabrizio De Andr\u00e9 e quella di Fratto_X, che affronta il plagio attraverso una narrazione dirompente, dove l\u2019assenza d\u00e0 spettacolo e il corpo fasciato da scie luminose crea figure antropomorfe.<\/p>\n<\/div>\n<div>\n<p>Il\u00a0<b>7 settembre<\/b>\u00a0arriva\u00a0<b>Carmen Consoli,<\/b>\u00a0con\u00a0<b>\u201cTerra ca nun senti\u201d.\u00a0<\/b>Il concerto-evento con cui\u00a0<i>la Cantantessa<\/i>\u00a0ha omaggiato la tradizione musicale siciliana lo scorso anno al Teatro Greco di Siracusa, \u00e8 ora un tour mondiale partito da\u00a0<b>New York<\/b>\u00a0il 22 maggio. Dopo\u00a0<b>San Francisco, Los Angeles<\/b>\u00a0e\u00a0<b>Miami,<\/b>\u00a0e ancora Canada\u00a0<b>(Montreal)<\/b>\u00a0e\u00a0<b>Spagna<\/b>\u00a0(al prestigioso La Mar de M\u00fasicas Festival\u202fdi\u00a0<b>Cartagena<\/b>), eccola ad Ostia Antica Festival. In scaletta i suoi successi pi\u00f9 amati incontrano brani della tradizione siciliana, oltre alle canzoni di artisti meravigliosi quali Franco Battiato e Rosa Balistreri. Una personale narrazione in note della Sicilia con i suoi paesaggi, le sue storie e i suoi personaggi.<\/p>\n<\/div>\n<div>\n<p>Il\u00a0<b>21 settembre<\/b>\u00a0\u00e8 di scena l\u2019omaggio di\u00a0<b>Neri Marcor\u00e9<\/b>\u00a0al Signor G con\u00a0<b>\u201cGaber monologhi e canzoni\u201d<\/b>. Uno spettacolo dedicato alle molteplici figure dell\u2019artista milanese: l&#8217;innovatore musicale, il dissacratore di miti e mode, il poeta della parola. Una serata per rivivere l\u2019ironia, lo sguardo pacifico e la maschera beffarda dell\u2019intellettuale che fu, tra monologhi e canzoni, dalle pi\u00f9 famose alle meno note.<\/p>\n<\/div>\n<div>\n<p>Il\u00a0<b>28 settembre<\/b>\u00a0spazio al format teatrale ideato e condotto da\u00a0<b>Serena Dandini \u201cVieni avanti cretina. Next!\u201d.<\/b>\u00a0Il variet\u00e0 tra provocazione e comicit\u00e0 dove \u201cla cretineria\u201d e l\u2019emancipazione delle donne diventano elementi essenziali dello show. Uno spettacolo per rivendicare la stupidera femminile e dimostrare come \u201cdietro a una stupida spesso si nasconda una donna troppo intelligente\u201d.<\/p>\n<\/div>\n<div>\n<p>Il raggruppamento RTI Teatro Romano Ostia Antica, nato per la gestione e valorizzazione del Teatro Romano Antico di Ostia, \u00e8 costituito da imprese che vantano una decennale esperienza nella programmazione e realizzazione di attivit\u00e0 di spettacolo e gestione di strutture sceniche e nella gestione di contenitori culturali: Bass Culture srl come capoguppo, GE.SER.T. e C. srl, Beat Production, Knock srl e Mania Teatro srls. Grazie alla versatilit\u00e0 delle diverse imprese coinvolte, si possono portare in scena tutte le arti performative. A testimonianza, ecco alcuni spettacoli e manifestazioni, anche di lunga durata, nell\u2019ambito dei \u201cLuoghi della Cultura\u201d come: Parco Archeologico di Egnazia; Parco Schuster presso il sito UNESCO di San Paolo Fuori le Mura; Ville Storiche di Roma, fra cui Villa Ada; Museo Montemartini &#8211; Basilica di Massenzio.<\/p>\n<\/div>\n<div>\n<p>&nbsp;<\/p>\n<\/div>\n<div>\n<p><b>OSTIA ANTICA FESTIVAL \u2013 TEATRO ROMANO\u00a0<\/b><\/p>\n<\/div>\n<div>\n<p><b>PARCO ARCHEOLOGICO &#8211; VIALE DEI ROMAGNOLI 717 &#8211; 00119 &#8211; OSTIA ANTICA\u00a0\u00a0<\/b><\/p>\n<\/div>\n<div>\n<p>Ostia Antica Festival:\u00a0<a href=\"https:\/\/gdgpress.voxmail.it\/nl\/pvwqdx\/ks0web\/kb5yfm\/uf\/3\/aHR0cHM6Ly9vc3RpYWFudGljYWZlc3RpdmFsLml0Lw?_d=96E&amp;_c=e8c98c5f\" target=\"_blank\" rel=\"noreferrer noopener\" data-saferedirecturl=\"https:\/\/www.google.com\/url?q=https:\/\/gdgpress.voxmail.it\/nl\/pvwqdx\/ks0web\/kb5yfm\/uf\/3\/aHR0cHM6Ly9vc3RpYWFudGljYWZlc3RpdmFsLml0Lw?_d%3D96E%26_c%3De8c98c5f&amp;source=gmail&amp;ust=1721229723188000&amp;usg=AOvVaw1Mpf7XVQJgiru36xBntbss\">https:\/\/ostiaanticafestival.<wbr \/>it\/<\/a><\/p>\n<\/div>\n<div>\n<p>Facebook:\u00a0\u00a0<a href=\"https:\/\/gdgpress.voxmail.it\/nl\/pvwqdx\/ks0web\/kb5yfm\/uf\/4\/aHR0cHM6Ly93d3cuZmFjZWJvb2suY29tL29zdGlhLmFudGljYS5mZXN0aXZhbA?_d=96E&amp;_c=aeeca47d\" target=\"_blank\" rel=\"noreferrer noopener\" data-saferedirecturl=\"https:\/\/www.google.com\/url?q=https:\/\/gdgpress.voxmail.it\/nl\/pvwqdx\/ks0web\/kb5yfm\/uf\/4\/aHR0cHM6Ly93d3cuZmFjZWJvb2suY29tL29zdGlhLmFudGljYS5mZXN0aXZhbA?_d%3D96E%26_c%3Daeeca47d&amp;source=gmail&amp;ust=1721229723188000&amp;usg=AOvVaw0x2R2o7alZkpoMtPqePfsj\">https:\/\/www.facebook.com\/<wbr \/>ostia.antica.festival<\/a><\/p>\n<\/div>\n<div>\n<p>Instagram:\u00a0<a href=\"https:\/\/gdgpress.voxmail.it\/nl\/pvwqdx\/ks0web\/kb5yfm\/uf\/5\/aHR0cHM6Ly93d3cuaW5zdGFncmFtLmNvbS9vc3RpYS5hbnRpY2EuZmVzdGl2YWwv?_d=96E&amp;_c=36997a1c\" target=\"_blank\" rel=\"noreferrer noopener\" data-saferedirecturl=\"https:\/\/www.google.com\/url?q=https:\/\/gdgpress.voxmail.it\/nl\/pvwqdx\/ks0web\/kb5yfm\/uf\/5\/aHR0cHM6Ly93d3cuaW5zdGFncmFtLmNvbS9vc3RpYS5hbnRpY2EuZmVzdGl2YWwv?_d%3D96E%26_c%3D36997a1c&amp;source=gmail&amp;ust=1721229723188000&amp;usg=AOvVaw0F59-qpr4PuAo6lWtlOk2a\">https:\/\/www.instagram.com\/<wbr \/>ostia.antica.festival\/<\/a><\/p>\n<\/div>\n<\/div>\n","protected":false},"excerpt":{"rendered":"<div class=\"mh-excerpt\"><p>La prima edizione della rassegna di RTI Teatro Romano Ostia Antica OSTIA ANTICA FESTIVAL\u00a0\u00a0 AL VIA IL 17 LUGLIO CON VINICIO CAPOSSELA Torna ad animarsi <a class=\"mh-excerpt-more\" href=\"https:\/\/www.piuomenopop.it\/index.php\/2024\/07\/16\/ostia-antica-festival-al-via-domani-17-luglio-con-vinicio-capossela-tra-i-nuovi-nomi-max-giusti-neri-marcore-e-serena-dandini\/\" title=\"OSTIA ANTICA FESTIVAL al via domani, 17 luglio, con Vinicio Capossela, tra i nuovi nomi Max Giusti, Neri Marcor\u00e8 e Serena Dandini\">[&#8230;]<\/a><\/p>\n<\/div>","protected":false},"author":2,"featured_media":86888,"comment_status":"closed","ping_status":"closed","sticky":false,"template":"","format":"standard","meta":{"sfsi_plus_gutenberg_text_before_share":"","sfsi_plus_gutenberg_show_text_before_share":"","sfsi_plus_gutenberg_icon_type":"","sfsi_plus_gutenberg_icon_alignemt":"","sfsi_plus_gutenburg_max_per_row":"","footnotes":"","_links_to":"","_links_to_target":""},"categories":[730,3],"tags":[14161,8565,14160,14162,3922],"class_list":["post-86886","post","type-post","status-publish","format-standard","has-post-thumbnail","hentry","category-festival","category-news","tag-max-giusti","tag-neri-marcore","tag-ostia-antica-festival","tag-serena-dandini","tag-vinicio-capossela"],"aioseo_notices":[],"_links":{"self":[{"href":"https:\/\/www.piuomenopop.it\/index.php\/wp-json\/wp\/v2\/posts\/86886","targetHints":{"allow":["GET"]}}],"collection":[{"href":"https:\/\/www.piuomenopop.it\/index.php\/wp-json\/wp\/v2\/posts"}],"about":[{"href":"https:\/\/www.piuomenopop.it\/index.php\/wp-json\/wp\/v2\/types\/post"}],"author":[{"embeddable":true,"href":"https:\/\/www.piuomenopop.it\/index.php\/wp-json\/wp\/v2\/users\/2"}],"replies":[{"embeddable":true,"href":"https:\/\/www.piuomenopop.it\/index.php\/wp-json\/wp\/v2\/comments?post=86886"}],"version-history":[{"count":1,"href":"https:\/\/www.piuomenopop.it\/index.php\/wp-json\/wp\/v2\/posts\/86886\/revisions"}],"predecessor-version":[{"id":86887,"href":"https:\/\/www.piuomenopop.it\/index.php\/wp-json\/wp\/v2\/posts\/86886\/revisions\/86887"}],"wp:featuredmedia":[{"embeddable":true,"href":"https:\/\/www.piuomenopop.it\/index.php\/wp-json\/wp\/v2\/media\/86888"}],"wp:attachment":[{"href":"https:\/\/www.piuomenopop.it\/index.php\/wp-json\/wp\/v2\/media?parent=86886"}],"wp:term":[{"taxonomy":"category","embeddable":true,"href":"https:\/\/www.piuomenopop.it\/index.php\/wp-json\/wp\/v2\/categories?post=86886"},{"taxonomy":"post_tag","embeddable":true,"href":"https:\/\/www.piuomenopop.it\/index.php\/wp-json\/wp\/v2\/tags?post=86886"}],"curies":[{"name":"wp","href":"https:\/\/api.w.org\/{rel}","templated":true}]}}