{"id":87143,"date":"2024-08-06T17:40:35","date_gmt":"2024-08-06T15:40:35","guid":{"rendered":"https:\/\/www.piuomenopop.it\/?p=87143"},"modified":"2024-08-06T17:40:35","modified_gmt":"2024-08-06T15:40:35","slug":"elio-e-le-storie-tese-torneranno-sui-palchi-a-settembre-con-lo-spettacolo-mi-resta-un-solo-dente-e-cerco-di-riavvitarlo","status":"publish","type":"post","link":"https:\/\/www.piuomenopop.it\/index.php\/2024\/08\/06\/elio-e-le-storie-tese-torneranno-sui-palchi-a-settembre-con-lo-spettacolo-mi-resta-un-solo-dente-e-cerco-di-riavvitarlo\/","title":{"rendered":"ELIO E LE STORIE TESE torneranno sui palchi a settembre con lo spettacolo &#8220;Mi resta un solo dente e cerco di riavvitarlo&#8221;"},"content":{"rendered":"<p style=\"font-weight: 400; text-align: center;\"><strong>Dopo il successo della prima parte del tour estivo<\/strong><\/p>\n<p style=\"font-weight: 400; text-align: center;\"><strong>ELIO E LE STORIE TESE<\/strong><\/p>\n<p style=\"font-weight: 400; text-align: center;\"><strong>\u00a0<\/strong><\/p>\n<p style=\"font-weight: 400; text-align: center;\"><strong>\u00a0<\/strong><\/p>\n<p style=\"font-weight: 400; text-align: center;\"><strong>TORNANO IN TOUR A SETTEMBRE<\/strong><\/p>\n<p style=\"font-weight: 400; text-align: center;\"><strong>CON LO SPETTACOLO<\/strong><\/p>\n<p style=\"font-weight: 400; text-align: center;\"><strong>&#8220;<\/strong><strong><em>MI RESTA UN SOLO DENTE E CERCO DI RIAVVITARLO<\/em><\/strong><strong>&#8220;<\/strong><\/p>\n<p style=\"font-weight: 400;\">\n<p style=\"font-weight: 400;\"><strong>\u00a0<\/strong><\/p>\n<p style=\"font-weight: 400;\"><strong>&#8220;<em>Mi resta un solo dente e cerco di riavvitarlo<\/em>&#8221; \u00e8 il nuovo spettacolo di ELIO E LE STORIE TESE che sta affascinando il pubblico di tutta Italia.\u00a0<\/strong>Dopo il successo del tour nei teatri, con oltre 40 date esaurite, e della prima parte del tour estivo con oltre 15 date nelle pi\u00f9 belle location open air italiane,\u00a0<strong>a grande richiesta il complessino torna sui palchi a settembre!<\/strong><\/p>\n<p style=\"font-weight: 400;\"><strong>\u00a0<\/strong><\/p>\n<p style=\"font-weight: 400;\">Queste le date a settembre:<\/p>\n<p style=\"font-weight: 400;\">4 settembre,\u00a0<strong>Carmagnola (TO)<\/strong>, Foro Festival<\/p>\n<p style=\"font-weight: 400;\">6 settembre,\u00a0<strong>Cremona<\/strong>, Piazza del Comune<\/p>\n<p style=\"font-weight: 400;\">7 settembre,\u00a0<strong>Roma<\/strong>, Casa del Jazz, in occasione della Festa del Fatto Quotidiano<\/p>\n<p style=\"font-weight: 400;\">8 settembre,\u00a0<strong>San Giovanni a Piro (SA)<\/strong>, Porto Turistico di Scaro, nell\u2019ambito del Festival Equinozio d\u2019Autunno<\/p>\n<p style=\"font-weight: 400;\">10 settembre,\u00a0<strong>Teramo<\/strong>, Piazza Martiri della Libert\u00e0<\/p>\n<p style=\"font-weight: 400;\">\n<p style=\"font-weight: 400;\">I biglietti sono disponibili sui circuiti di prevendita abituali.<\/p>\n<p style=\"font-weight: 400;\"><strong>\u00a0<\/strong><\/p>\n<p style=\"font-weight: 400;\"><strong>&#8220;<em>Mi resta un solo dente e cerco di riavvitarlo<\/em>&#8221; \u00e8 uno show\u00a0<\/strong><strong>tra il sacro e il profano<\/strong>,\u00a0che si apre come una messa laica, in cui vari personaggi di attualit\u00e0 vengono invitati a pregare per i fan degli EelST, e che si chiude con la certificazione che tutto \u00e8 stato suonato in diretta\u00a0<em>\u00abSenza basi, senza campionamenti, senza autotune, insomma senza un cazzo, tutto fatto in casa\u00bb.<\/em><\/p>\n<p style=\"font-weight: 400;\">Elio e le Storie Tese, vestiti di bianco, su\u00a0<strong>una scenografia studiata nel dettaglio,<\/strong><strong>\u00a0<\/strong>con la<strong>\u00a0preziosa regia di<\/strong><strong>\u00a0Giorgio Gallione<\/strong>, sanno\u00a0<strong>raccontare il nostro tempo in modo ironico e affascinante<\/strong>. Da \u201c<em>La terra dei cachi<\/em>\u201d a\u00a0<em>\u201cSupergiovane\u201d<\/em>, da \u201c<em>Servi della gleba<\/em>\u201d a \u201c<em>Valzer transgenico<\/em>\u201d il repertorio del complessino \u00e8 sempre attuale, perch\u00e9 in fondo la mentalit\u00e0 italiana non cambia mai<strong>, c\u2019\u00e8 sempre un buon motivo per scandalizzarsi<\/strong>.<\/p>\n<p style=\"font-weight: 400;\">Lo spettacolo unisce alla musica i racconti e le immagini originali di una creativit\u00e0 senza limiti, per\u00a0<strong>un viaggio attraverso le contraddizioni del nostro paese<\/strong>\u00a0condotto con maestria e humour senza pari dagli Elio e le Storie Tese.<\/p>\n<p style=\"font-weight: 400;\">\n<p style=\"font-weight: 400;\">Sul palco:\u00a0<strong>Elio, Faso, Cesareo, Vittorio Cosma, Jantoman, Paola Folli, Mangoni<\/strong>\u00a0e, per la prima volta ben\u00a0<strong>due batteristi<\/strong>\u00a0(che sostituiscono per questo tour Christian Meyer).<\/p>\n<p style=\"font-weight: 400;\">\n<p style=\"font-weight: 400;\">Radio Deejay \u00e8 la radio ufficiale del tour.<\/p>\n<p style=\"font-weight: 400;\">Il tour \u00e8 prodotto da Hukapan e Imarts.<\/p>\n<p style=\"font-weight: 400;\">Costumi a cura di Paolo Marcati. Realizzazione costumi Sartoria Contemporanea di Luca Rondoni.<\/p>\n<p style=\"font-weight: 400;\"><strong>\u00a0<\/strong><\/p>\n<p style=\"font-weight: 400;\"><em>\u00ab\u201dMi resta un solo dente e cerco di riavvitarlo&#8221;<\/em><em>\u00a0<\/em><em>\u00e8 un picaresco viaggio musicale nel repertorio vecchio\u2026 (e anche no\u2026!) di Elio e le Storie Tese. Una radiografia folle e ragionata della nostrana Terra dei Cachi 2023 dove gergo, ironia, incursioni surreali e filosofia assurdista disegnano un bel paese italiota grottesco e contemporaneo, popolato di bellimbusti modaioli e adrenalinici o di improbabili ammaestratori di cozze, di onorevoli poco onorati o di coltivatori biologico\/transgenici, di bizzarri animali da bestiario fantastico o da hippies ormai imbolsiti e fuori tempo massimo. Canzoni, monologhi, scherzi musicali, performance strumentali virtuosistiche e sciagurate, come \u00e8 nello stile mitico e identitario del gruppo. Grande capacit\u00e0 musicale e talento compositivo al servizio di un racconto deflagrato e sempre sorprendente, dove metodo e follia, genio e sregolatezza incrociano continuamente strade e ispirazioni. Un concerto teatrale senza un attimo di tregua, dove lo sguardo dissacrante e giocoso di Elio e le Storie Tese genera comicit\u00e0 e paradosso. Uno sberleffo ironico e autoironico, dove il Riso o il Comico non sono mai digestivi, ma piuttosto sovversione del senso comune, strumenti del pensiero divergente, ludica e ragionata aggressione alla noia. Uno sguardo beffardo e esilarante che attraverso la musica e le canzoni crea divertimento, spiazzamento e stupore\u2026 perch\u00e9, dice il poeta, senza lo stupore c\u2019\u00e8 soltanto l\u2019ovvio<\/em>\u00bb\u00a0<strong>Giorgio Gallione.<\/strong><\/p>\n<p style=\"font-weight: 400;\">\n<p style=\"font-weight: 400;\">Si ringrazia lo studio grafico che cura l&#8217;immagine di Elio e le Storie Tese, Jekyll e Hyde,\u00a0<a href=\"http:\/\/www.jeh.it\/\" data-saferedirecturl=\"https:\/\/www.google.com\/url?q=http:\/\/www.jeh.it&amp;source=gmail&amp;ust=1723044377759000&amp;usg=AOvVaw0ovMz_fZYcvwL07JtISWvG\">www.jeh.it<\/a>.<\/p>\n","protected":false},"excerpt":{"rendered":"<div class=\"mh-excerpt\"><p>Dopo il successo della prima parte del tour estivo ELIO E LE STORIE TESE \u00a0 \u00a0 TORNANO IN TOUR A SETTEMBRE CON LO SPETTACOLO &#8220;MI <a class=\"mh-excerpt-more\" href=\"https:\/\/www.piuomenopop.it\/index.php\/2024\/08\/06\/elio-e-le-storie-tese-torneranno-sui-palchi-a-settembre-con-lo-spettacolo-mi-resta-un-solo-dente-e-cerco-di-riavvitarlo\/\" title=\"ELIO E LE STORIE TESE torneranno sui palchi a settembre con lo spettacolo &#8220;Mi resta un solo dente e cerco di riavvitarlo&#8221;\">[&#8230;]<\/a><\/p>\n<\/div>","protected":false},"author":2,"featured_media":86290,"comment_status":"closed","ping_status":"closed","sticky":false,"template":"","format":"standard","meta":{"sfsi_plus_gutenberg_text_before_share":"","sfsi_plus_gutenberg_show_text_before_share":"","sfsi_plus_gutenberg_icon_type":"","sfsi_plus_gutenberg_icon_alignemt":"","sfsi_plus_gutenburg_max_per_row":"","footnotes":"","_links_to":"","_links_to_target":""},"categories":[5184,3],"tags":[201],"class_list":["post-87143","post","type-post","status-publish","format-standard","has-post-thumbnail","hentry","category-calendario-concerti","category-news","tag-elio-e-le-storie-tese"],"aioseo_notices":[],"_links":{"self":[{"href":"https:\/\/www.piuomenopop.it\/index.php\/wp-json\/wp\/v2\/posts\/87143","targetHints":{"allow":["GET"]}}],"collection":[{"href":"https:\/\/www.piuomenopop.it\/index.php\/wp-json\/wp\/v2\/posts"}],"about":[{"href":"https:\/\/www.piuomenopop.it\/index.php\/wp-json\/wp\/v2\/types\/post"}],"author":[{"embeddable":true,"href":"https:\/\/www.piuomenopop.it\/index.php\/wp-json\/wp\/v2\/users\/2"}],"replies":[{"embeddable":true,"href":"https:\/\/www.piuomenopop.it\/index.php\/wp-json\/wp\/v2\/comments?post=87143"}],"version-history":[{"count":3,"href":"https:\/\/www.piuomenopop.it\/index.php\/wp-json\/wp\/v2\/posts\/87143\/revisions"}],"predecessor-version":[{"id":87146,"href":"https:\/\/www.piuomenopop.it\/index.php\/wp-json\/wp\/v2\/posts\/87143\/revisions\/87146"}],"wp:featuredmedia":[{"embeddable":true,"href":"https:\/\/www.piuomenopop.it\/index.php\/wp-json\/wp\/v2\/media\/86290"}],"wp:attachment":[{"href":"https:\/\/www.piuomenopop.it\/index.php\/wp-json\/wp\/v2\/media?parent=87143"}],"wp:term":[{"taxonomy":"category","embeddable":true,"href":"https:\/\/www.piuomenopop.it\/index.php\/wp-json\/wp\/v2\/categories?post=87143"},{"taxonomy":"post_tag","embeddable":true,"href":"https:\/\/www.piuomenopop.it\/index.php\/wp-json\/wp\/v2\/tags?post=87143"}],"curies":[{"name":"wp","href":"https:\/\/api.w.org\/{rel}","templated":true}]}}