{"id":88050,"date":"2024-10-30T18:22:13","date_gmt":"2024-10-30T17:22:13","guid":{"rendered":"https:\/\/www.piuomenopop.it\/?p=88050"},"modified":"2024-10-30T18:22:15","modified_gmt":"2024-10-30T17:22:15","slug":"live-photo-report-brucia-fest-vol-2-a-cosenza-due-giorni-di-controcultura-punk-hardcore-e-d-i-y","status":"publish","type":"post","link":"https:\/\/www.piuomenopop.it\/index.php\/2024\/10\/30\/live-photo-report-brucia-fest-vol-2-a-cosenza-due-giorni-di-controcultura-punk-hardcore-e-d-i-y\/","title":{"rendered":"[LIVE PHOTO REPORT] BRUCIA! FEST VOL.2 a Cosenza due giorni di controcultura punk hardcore e D.I.Y"},"content":{"rendered":"<div><\/div>\n<div>Parole di\u00a0<b><a href=\"\/\/www.instagram.com\/tegolina_88\" target=\"_blank\" rel=\"noopener\">Francesca Ciardullo<\/a>\u00a0<\/b><\/div>\n<div>Foto di\u00a0<b><a href=\"https:\/\/www.instagram.com\/__pete_____\" target=\"_blank\" rel=\"noopener\">Pietro Bitonte<\/a>\u00a0<\/b><\/div>\n<p>&nbsp;<\/p>\n<p>Il 25 e 26 ottobre il <strong>BRUCIA! Fest<\/strong> ha celebrato una seconda entusiasmante edizione negli spazi dell\u2019<strong>Auditorium Popolare Cosenza<\/strong>. Abbiamo visto esibirsi una vasta gamma di band del panorama underground italiano, da formazioni pi\u00f9 giovani a formazioni pi\u00f9 esperte, da pi\u00f9 locals a meno locals, ma l\u2019esperienza \u00e8 andata sicuramente oltre la musica.<\/p>\n<p>Una nutrita area di banchetti dedicata al merchandising e alle autoproduzioni e diverse iniziative hanno accompagnato i live in questi due giorni di festival organizzato da <a href=\"https:\/\/www.facebook.com\/madproductionsss\" target=\"_blank\" rel=\"noopener\"><strong>M.A.D. Productions<\/strong><\/a>: dalla presentazione del quinto volume della foto-zine SHV-SHP (fanzine fotografica D.I.Y. presentata da Matias Biglieri con il collega Alessandro Aiello e prodotta da <strong>BiZed Photozines<\/strong> ed <strong>Inferno Store Roma<\/strong> che racconta i concerti della scena underground italiana), al laboratorio di xilografia curato da <strong>L.A.M.A. Cosenza<\/strong> (nella fattispecie da Elisa Trapuzzano), passando per la proiezione del cortometraggio su M.A.D. Productions realizzato da Francesco Aiello.<\/p>\n<p>A salire per primi sul palco la sera del 25 sono i montani <strong>Boonekamp<\/strong>: la cantante Nat Vescio, il chitarrista Saverio Marasco e il batterista Giovanni Astorino.<\/p>\n<p>Il set del trio del Reventino si muove fra hardcore e noise distorto, fra ritmi potenti e canzoni veloci, ed \u00e8 un mix fra i quattro brani che compongono il primo EP del 2022 \u201cViaggio premio\u201d (\u201cArea giochi\u201d, \u201cSudoku\u201d, \u201cJ.Lux (ragazza silenziosa)\u201d, \u201cA vrt\u201d) e alcuni nuovi brani dell\u2019 EP che uscir\u00e0 l\u2019inverno prossimo come \u201cSpazi vitali\u201d e \u201cLa candidata\u201d.<\/p>\n<p>Quanto cuore e genuinit\u00e0 ci mettano i Boonekamp lo si capisce guardando a tanti dettagli, penso alla musicassetta rosso fuoco di \u201cViaggio Premio\u201d e anche alla t-shirt di Nat su cui spicca un cruciale &#8220;Rave&amp;Sazizza&#8221;.<\/p>\n<p><a href=\"https:\/\/www.piuomenopop.it\/?attachment_id=88053\" rel=\"attachment wp-att-88053\"><img loading=\"lazy\" decoding=\"async\" class=\"alignnone size-full wp-image-88053\" src=\"https:\/\/www.piuomenopop.it\/wp-content\/uploads\/2024\/10\/boonekamp-2.jpg\" alt=\"\" width=\"1200\" height=\"511\" srcset=\"https:\/\/www.piuomenopop.it\/wp-content\/uploads\/2024\/10\/boonekamp-2.jpg 1200w, https:\/\/www.piuomenopop.it\/wp-content\/uploads\/2024\/10\/boonekamp-2-300x128.jpg 300w, https:\/\/www.piuomenopop.it\/wp-content\/uploads\/2024\/10\/boonekamp-2-1024x436.jpg 1024w, https:\/\/www.piuomenopop.it\/wp-content\/uploads\/2024\/10\/boonekamp-2-768x327.jpg 768w, https:\/\/www.piuomenopop.it\/wp-content\/uploads\/2024\/10\/boonekamp-2-1030x438.jpg 1030w\" sizes=\"auto, (max-width: 1200px) 100vw, 1200px\" \/><\/a> <a href=\"https:\/\/www.piuomenopop.it\/?attachment_id=88052\" rel=\"attachment wp-att-88052\"><img loading=\"lazy\" decoding=\"async\" class=\"alignnone size-full wp-image-88052\" src=\"https:\/\/www.piuomenopop.it\/wp-content\/uploads\/2024\/10\/boonekamp-1.jpg\" alt=\"\" width=\"1200\" height=\"511\" srcset=\"https:\/\/www.piuomenopop.it\/wp-content\/uploads\/2024\/10\/boonekamp-1.jpg 1200w, https:\/\/www.piuomenopop.it\/wp-content\/uploads\/2024\/10\/boonekamp-1-300x128.jpg 300w, https:\/\/www.piuomenopop.it\/wp-content\/uploads\/2024\/10\/boonekamp-1-1024x436.jpg 1024w, https:\/\/www.piuomenopop.it\/wp-content\/uploads\/2024\/10\/boonekamp-1-768x327.jpg 768w, https:\/\/www.piuomenopop.it\/wp-content\/uploads\/2024\/10\/boonekamp-1-1030x438.jpg 1030w\" sizes=\"auto, (max-width: 1200px) 100vw, 1200px\" \/><\/a><\/p>\n<p>Una delle vere highlight del Brucia! \u00e8 senza dubbio la performance dei veterani della scena locale <strong>Artico<\/strong>: Ettore Giardini (voce), Ilario Musco (chitarra), Francesco Clarizio (basso) e Yandro Estrada (batteria) portano sul palco un set venato di suggestioni hardcore USA di fine anni 90. Da \u201cUscirne illesi\u201d ascoltiamo l\u2019opener \u201cNubi\u201d, \u201cPurgatorio\u201d, \u201cSchegge\u201d, \u201cQuando arriver\u00e0 il momento saremo stanchi\u201d e \u201cErrori\u201d; da \u201cNon siamo gli unici\u201d l\u2019omonima \u201cNon siamo gli unici\u201d e \u201cSottosopra\u201d. La band presenta anche una nuovissima \u201cCome Ombre\u201d.<\/p>\n<p>Chi ha assistito allo show degli Artico \u00e8 rimasto colpito dall\u2019espressivit\u00e0 del set, in particolare dal cantante Ettore Giardini, un fiume sempre in piena fra urla noise rock, movenze esuberanti e capelli verdi. Qualcuno del pubblico si \u00e8 sporto talmente tanto verso il palco da esserne quasi parte. Impetuosi e passionali as usual.<\/p>\n<p><a href=\"https:\/\/www.piuomenopop.it\/index.php\/2024\/10\/30\/live-photo-report-brucia-fest-vol-2-a-cosenza-due-giorni-di-controcultura-punk-hardcore-e-d-i-y\/artico-1-4\/\" rel=\"attachment wp-att-88054\"><img loading=\"lazy\" decoding=\"async\" class=\"alignnone size-full wp-image-88054\" src=\"https:\/\/www.piuomenopop.it\/wp-content\/uploads\/2024\/10\/artico-1.jpg\" alt=\"\" width=\"1200\" height=\"511\" srcset=\"https:\/\/www.piuomenopop.it\/wp-content\/uploads\/2024\/10\/artico-1.jpg 1200w, https:\/\/www.piuomenopop.it\/wp-content\/uploads\/2024\/10\/artico-1-300x128.jpg 300w, https:\/\/www.piuomenopop.it\/wp-content\/uploads\/2024\/10\/artico-1-1024x436.jpg 1024w, https:\/\/www.piuomenopop.it\/wp-content\/uploads\/2024\/10\/artico-1-768x327.jpg 768w, https:\/\/www.piuomenopop.it\/wp-content\/uploads\/2024\/10\/artico-1-1030x438.jpg 1030w\" sizes=\"auto, (max-width: 1200px) 100vw, 1200px\" \/><\/a> <a href=\"https:\/\/www.piuomenopop.it\/index.php\/2024\/10\/30\/live-photo-report-brucia-fest-vol-2-a-cosenza-due-giorni-di-controcultura-punk-hardcore-e-d-i-y\/artico-2-3\/\" rel=\"attachment wp-att-88055\"><img loading=\"lazy\" decoding=\"async\" class=\"alignnone size-full wp-image-88055\" src=\"https:\/\/www.piuomenopop.it\/wp-content\/uploads\/2024\/10\/artico-2.jpg\" alt=\"\" width=\"1200\" height=\"511\" srcset=\"https:\/\/www.piuomenopop.it\/wp-content\/uploads\/2024\/10\/artico-2.jpg 1200w, https:\/\/www.piuomenopop.it\/wp-content\/uploads\/2024\/10\/artico-2-300x128.jpg 300w, https:\/\/www.piuomenopop.it\/wp-content\/uploads\/2024\/10\/artico-2-1024x436.jpg 1024w, https:\/\/www.piuomenopop.it\/wp-content\/uploads\/2024\/10\/artico-2-768x327.jpg 768w, https:\/\/www.piuomenopop.it\/wp-content\/uploads\/2024\/10\/artico-2-1030x438.jpg 1030w\" sizes=\"auto, (max-width: 1200px) 100vw, 1200px\" \/><\/a><\/p>\n<p>A mezzanotte \u00e8 il turno dei <strong>Mind\/Knot<\/strong> e il Brucia! si colora di hardcore romano.<\/p>\n<p>Il quartetto suona un mix difficile da incasellare sotto un genere, potremmo dire che si tratta di un HC old school molto scuro che guarda al grindcore e al mathcore. Ricordano i Black Flag o i Minor Threat, per certi versi.<\/p>\n<p>La loro scaletta ruota tutta attorno all\u2019ultimo disco del 2023 \u201cEsigenza\u201d: da \u201cBroken lights\u201d a \u201cStop the blood\u201d, da \u201cNightmare\u201d a \u201cMy queen\u201d, da \u201cMostro\u201d a Witches\u201d e a \u201cKeep me alive\u201d, poi ancora \u201cParasite\/Perpetual Black\u201d, \u201cObey\u201d, &#8220;War crimes&#8221;, per citarne qualcuna. Ci\u00f2 che rimane della lunga scaletta \u00e8 un brandello di carta fangosa, anche questa \u00e8 opera del cantante Marco Burrascano, teatrale sul palco, sotto al palco e soprattutto sul pavimento del palco.<\/p>\n<p><a href=\"https:\/\/www.piuomenopop.it\/index.php\/2024\/10\/30\/live-photo-report-brucia-fest-vol-2-a-cosenza-due-giorni-di-controcultura-punk-hardcore-e-d-i-y\/mindknot-1\/\" rel=\"attachment wp-att-88056\"><img loading=\"lazy\" decoding=\"async\" class=\"alignnone size-full wp-image-88056\" src=\"https:\/\/www.piuomenopop.it\/wp-content\/uploads\/2024\/10\/mindknot-1.jpg\" alt=\"\" width=\"1200\" height=\"511\" srcset=\"https:\/\/www.piuomenopop.it\/wp-content\/uploads\/2024\/10\/mindknot-1.jpg 1200w, https:\/\/www.piuomenopop.it\/wp-content\/uploads\/2024\/10\/mindknot-1-300x128.jpg 300w, https:\/\/www.piuomenopop.it\/wp-content\/uploads\/2024\/10\/mindknot-1-1024x436.jpg 1024w, https:\/\/www.piuomenopop.it\/wp-content\/uploads\/2024\/10\/mindknot-1-768x327.jpg 768w, https:\/\/www.piuomenopop.it\/wp-content\/uploads\/2024\/10\/mindknot-1-1030x438.jpg 1030w\" sizes=\"auto, (max-width: 1200px) 100vw, 1200px\" \/><\/a> <a href=\"https:\/\/www.piuomenopop.it\/index.php\/2024\/10\/30\/live-photo-report-brucia-fest-vol-2-a-cosenza-due-giorni-di-controcultura-punk-hardcore-e-d-i-y\/mindknot-2\/\" rel=\"attachment wp-att-88057\"><img loading=\"lazy\" decoding=\"async\" class=\"alignnone size-full wp-image-88057\" src=\"https:\/\/www.piuomenopop.it\/wp-content\/uploads\/2024\/10\/mindknot-2.jpg\" alt=\"\" width=\"1200\" height=\"649\" srcset=\"https:\/\/www.piuomenopop.it\/wp-content\/uploads\/2024\/10\/mindknot-2.jpg 1200w, https:\/\/www.piuomenopop.it\/wp-content\/uploads\/2024\/10\/mindknot-2-300x162.jpg 300w, https:\/\/www.piuomenopop.it\/wp-content\/uploads\/2024\/10\/mindknot-2-1024x554.jpg 1024w, https:\/\/www.piuomenopop.it\/wp-content\/uploads\/2024\/10\/mindknot-2-768x415.jpg 768w\" sizes=\"auto, (max-width: 1200px) 100vw, 1200px\" \/><\/a><\/p>\n<p>\u00c9 probabilmente il momento pi\u00f9 atteso della serata: tocca ai <strong>Riviera<\/strong>, quintetto romagnolo emo-punk.<\/p>\n<p>Molti dei pezzi in scaletta sono estratti dal loro ultimo lavoro \u201cSempre\u201d, uscito lo scorso aprile: \u201cTerra violenta\u201d, \u201cNei gelsi\u201d, \u201cSempre\u201d, \u201cLe nostre paure\u201d, \u201cNon dirmi addio\u201d, \u201cLa scelta\u201d e \u201cRuvida ruvida\u201d. La malinconia emo post-adolescenziale viene affidata a pezzi meno recenti, quei brani tratti dal primo disco omonimo \u201cRiviera\u201d del 2014: \u201cPiscina\u201d, \u201cTuffo bomba\u201d, \u201cAdriano\u201d, e le due pi\u00f9 conosciute e pi\u00f9 canticchiate dagli astanti \u201cCamminare sui muri\u201d e \u201cCosa Rimane\u201d. Da \u201cContrasto\u201d ascoltiamo \u201cScogli\u201d, \u201cDisordine\u201d e \u201cGiaguaro\u201d.<\/p>\n<p><a href=\"https:\/\/www.piuomenopop.it\/index.php\/2024\/10\/30\/live-photo-report-brucia-fest-vol-2-a-cosenza-due-giorni-di-controcultura-punk-hardcore-e-d-i-y\/riviera-1\/\" rel=\"attachment wp-att-88058\"><img loading=\"lazy\" decoding=\"async\" class=\"alignnone size-full wp-image-88058\" src=\"https:\/\/www.piuomenopop.it\/wp-content\/uploads\/2024\/10\/riviera-1.jpg\" alt=\"\" width=\"1200\" height=\"649\" srcset=\"https:\/\/www.piuomenopop.it\/wp-content\/uploads\/2024\/10\/riviera-1.jpg 1200w, https:\/\/www.piuomenopop.it\/wp-content\/uploads\/2024\/10\/riviera-1-300x162.jpg 300w, https:\/\/www.piuomenopop.it\/wp-content\/uploads\/2024\/10\/riviera-1-1024x554.jpg 1024w, https:\/\/www.piuomenopop.it\/wp-content\/uploads\/2024\/10\/riviera-1-768x415.jpg 768w\" sizes=\"auto, (max-width: 1200px) 100vw, 1200px\" \/><\/a> <a href=\"https:\/\/www.piuomenopop.it\/index.php\/2024\/10\/30\/live-photo-report-brucia-fest-vol-2-a-cosenza-due-giorni-di-controcultura-punk-hardcore-e-d-i-y\/riviera-2\/\" rel=\"attachment wp-att-88059\"><img loading=\"lazy\" decoding=\"async\" class=\"alignnone size-full wp-image-88059\" src=\"https:\/\/www.piuomenopop.it\/wp-content\/uploads\/2024\/10\/riviera-2.jpg\" alt=\"\" width=\"1200\" height=\"511\" srcset=\"https:\/\/www.piuomenopop.it\/wp-content\/uploads\/2024\/10\/riviera-2.jpg 1200w, https:\/\/www.piuomenopop.it\/wp-content\/uploads\/2024\/10\/riviera-2-300x128.jpg 300w, https:\/\/www.piuomenopop.it\/wp-content\/uploads\/2024\/10\/riviera-2-1024x436.jpg 1024w, https:\/\/www.piuomenopop.it\/wp-content\/uploads\/2024\/10\/riviera-2-768x327.jpg 768w, https:\/\/www.piuomenopop.it\/wp-content\/uploads\/2024\/10\/riviera-2-1030x438.jpg 1030w\" sizes=\"auto, (max-width: 1200px) 100vw, 1200px\" \/><\/a><\/p>\n<p>Il primo giorno di festival si conclude cos\u00ec, in atmosfera positiva, lasciando spazio a una selezione musicale\/dj set per nottambuli volenterosi.<\/p>\n<p>La serata del day 2 comincia con un momento tutto dedicato al thrash\/hc, la cui buona riuscita \u00e8 garantita dagli storici e fracassoni locals <strong>Manomorta<\/strong>: Giulia Giordano alla voce, Claudio Cerminara alla chitarra e Michele Giordano alla batteria.<\/p>\n<p>I Manomorta danno il via alla loro scaletta con \u201c610\u201d e anche oggi ci sentiamo subito in buone mani. Poi tocca a \u201cQuartomorto\u201d, \u201cSandra Bullock\u201d, \u201cIl vile\u201d, \u201cEnvy\u201d, \u201cBitter Blaster\u201d, \u201cI\u2019ve had enough\u201d, \u201cFossato\u201d, e alla sempre apprezzatissima \u201cOscena\u201d che chiude il live mettendo nero su bianco la dissacrante invettiva \u201cFanculo la scena!\u201d. Non manca la cover dei -(16)-.<\/p>\n<p>Gli interventi scherzosi di Giulia tra un pezzo e l\u2019altro sono parte integrante dello show, compresi gli sfott\u00f2 al fratello Michele quando per un misunderstanding con Claudio sbaglia a interpretare la scaletta. Tutto nel live dei Manomorta concorre a dare vita ad un contrasto bello ed evidentemente efficace, perfino l\u2019ombretto glitter di Giulia che sbrilluccica mentre la sentiamo cantare le parti in growl. E tutto basta a capire come la band faccia parte di quella schiera di musicisti che non amano prendersi troppo sul serio. I Manomorta sono, ad un tempo, spensieratezza e stile musicale notevole.<\/p>\n<p><a href=\"https:\/\/www.piuomenopop.it\/index.php\/2024\/10\/30\/live-photo-report-brucia-fest-vol-2-a-cosenza-due-giorni-di-controcultura-punk-hardcore-e-d-i-y\/manomorta-1\/\" rel=\"attachment wp-att-88060\"><img loading=\"lazy\" decoding=\"async\" class=\"alignnone size-full wp-image-88060\" src=\"https:\/\/www.piuomenopop.it\/wp-content\/uploads\/2024\/10\/manomorta-1.jpg\" alt=\"\" width=\"1200\" height=\"511\" srcset=\"https:\/\/www.piuomenopop.it\/wp-content\/uploads\/2024\/10\/manomorta-1.jpg 1200w, https:\/\/www.piuomenopop.it\/wp-content\/uploads\/2024\/10\/manomorta-1-300x128.jpg 300w, https:\/\/www.piuomenopop.it\/wp-content\/uploads\/2024\/10\/manomorta-1-1024x436.jpg 1024w, https:\/\/www.piuomenopop.it\/wp-content\/uploads\/2024\/10\/manomorta-1-768x327.jpg 768w, https:\/\/www.piuomenopop.it\/wp-content\/uploads\/2024\/10\/manomorta-1-1030x438.jpg 1030w\" sizes=\"auto, (max-width: 1200px) 100vw, 1200px\" \/><\/a> <a href=\"https:\/\/www.piuomenopop.it\/index.php\/2024\/10\/30\/live-photo-report-brucia-fest-vol-2-a-cosenza-due-giorni-di-controcultura-punk-hardcore-e-d-i-y\/manomorta-2\/\" rel=\"attachment wp-att-88061\"><img loading=\"lazy\" decoding=\"async\" class=\"alignnone size-full wp-image-88061\" src=\"https:\/\/www.piuomenopop.it\/wp-content\/uploads\/2024\/10\/manomorta-2.jpg\" alt=\"\" width=\"1200\" height=\"511\" srcset=\"https:\/\/www.piuomenopop.it\/wp-content\/uploads\/2024\/10\/manomorta-2.jpg 1200w, https:\/\/www.piuomenopop.it\/wp-content\/uploads\/2024\/10\/manomorta-2-300x128.jpg 300w, https:\/\/www.piuomenopop.it\/wp-content\/uploads\/2024\/10\/manomorta-2-1024x436.jpg 1024w, https:\/\/www.piuomenopop.it\/wp-content\/uploads\/2024\/10\/manomorta-2-768x327.jpg 768w, https:\/\/www.piuomenopop.it\/wp-content\/uploads\/2024\/10\/manomorta-2-1030x438.jpg 1030w\" sizes=\"auto, (max-width: 1200px) 100vw, 1200px\" \/><\/a><\/p>\n<p>Si continua on stage con i <strong>Carne<\/strong>, band HC punk da Taranto nata da storiche esperienze dell\u2019HC pugliese. Luca Monopoli (voce), Giovanni Cardellicchio (chitarra), Alfredo Pichierri (chitarra), Fabio Punzi (basso) e David Campanella (batteria) scaldano il cuore e fanno muovere la testa suonando una sequela di brani impegnati che sembra quasi seguire la tracklist del loro LP \u201cSaremo ancora minaccia\u201d. HC diretto unito a melodia e tanto contenuto sociale e politico: penso a pezzi come \u201cPolvere\u201d incentrato su quel mostro che \u00e8 l\u2019Ilva, e alla suggestiva dedica di un brano a Carlo Giuliani. Disponibili a scambiare quattro chiacchiere prima del live, mi dicono che il loro \u00e8 \u201cun approccio nudo e crudo, dalla musica a ci\u00f2 che diciamo, si capisce gi\u00e0 dal nome della band\u201d. Il set dei Carne ci ha fatto sicuramente prendere bene nonostante il messaggio diffuso di presa a male.<\/p>\n<p><a href=\"https:\/\/www.piuomenopop.it\/index.php\/2024\/10\/30\/live-photo-report-brucia-fest-vol-2-a-cosenza-due-giorni-di-controcultura-punk-hardcore-e-d-i-y\/carne-1\/\" rel=\"attachment wp-att-88062\"><img loading=\"lazy\" decoding=\"async\" class=\"alignnone size-full wp-image-88062\" src=\"https:\/\/www.piuomenopop.it\/wp-content\/uploads\/2024\/10\/carne-1.jpg\" alt=\"\" width=\"1200\" height=\"649\" srcset=\"https:\/\/www.piuomenopop.it\/wp-content\/uploads\/2024\/10\/carne-1.jpg 1200w, https:\/\/www.piuomenopop.it\/wp-content\/uploads\/2024\/10\/carne-1-300x162.jpg 300w, https:\/\/www.piuomenopop.it\/wp-content\/uploads\/2024\/10\/carne-1-1024x554.jpg 1024w, https:\/\/www.piuomenopop.it\/wp-content\/uploads\/2024\/10\/carne-1-768x415.jpg 768w\" sizes=\"auto, (max-width: 1200px) 100vw, 1200px\" \/><\/a> <a href=\"https:\/\/www.piuomenopop.it\/index.php\/2024\/10\/30\/live-photo-report-brucia-fest-vol-2-a-cosenza-due-giorni-di-controcultura-punk-hardcore-e-d-i-y\/carne-2\/\" rel=\"attachment wp-att-88063\"><img loading=\"lazy\" decoding=\"async\" class=\"alignnone size-full wp-image-88063\" src=\"https:\/\/www.piuomenopop.it\/wp-content\/uploads\/2024\/10\/carne-2.jpg\" alt=\"\" width=\"1200\" height=\"511\" srcset=\"https:\/\/www.piuomenopop.it\/wp-content\/uploads\/2024\/10\/carne-2.jpg 1200w, https:\/\/www.piuomenopop.it\/wp-content\/uploads\/2024\/10\/carne-2-300x128.jpg 300w, https:\/\/www.piuomenopop.it\/wp-content\/uploads\/2024\/10\/carne-2-1024x436.jpg 1024w, https:\/\/www.piuomenopop.it\/wp-content\/uploads\/2024\/10\/carne-2-768x327.jpg 768w, https:\/\/www.piuomenopop.it\/wp-content\/uploads\/2024\/10\/carne-2-1030x438.jpg 1030w\" sizes=\"auto, (max-width: 1200px) 100vw, 1200px\" \/><\/a><\/p>\n<p>A mezzanotte inoltrata ancora HC sul palco, stavolta da Roma. Tocca ai <strong>Feldspar<\/strong> e pi\u00f9 che ad una band ci troviamo davanti a un collettivo artistico trasversale che vanta numerose collaborazioni, come quella col noto produttore londinese Nick Terry.<br \/>\nFanno parte della \u201cformazione live\u201d Andrew Mecoli (gi\u00e0 fondatore dei Growing Concern), Stefano Casanica (gi\u00e0 Undertakers), Riccardo Zamurri, Anna Paolini, Viviana Di Bari, Manlio Massimetti e Luca Micheli.<\/p>\n<p>Quello dei Feldspar \u00e8 un set speciale, probabilmente il pi\u00f9 intenso delle due serate, e musicalmente si muove fra HC, metal e alternative.<\/p>\n<p>Per la prima volta in Calabria i Feldspar scatenano l\u2019inferno sotto al palco presentando i brani di \u201cOld city new ruins\u201d, concept album che racconta Roma e la complessit\u00e0 di viverci. L\u2019attitudine del cantante \u00e8 decisamente street, non a caso fra i pezzi spicca \u201cCobblestones\u201d (letteralmente \u201cSanpietrini\u201d) : \u201ci testimoni oculari della citt\u00e0 e di tutto quello che succede\u201d, come precisa Zamurri stesso. Altri pezzi in scaletta degni di nota sono \u201cBeach bums of Santa\u201d dedicata ai senzatetto e \u201cGod is fired\u201d dedicata alla lettera \u201cal precariato de uno importante che mannamo stasera a casa: a Dio che oggi licenziamo noi perch\u00e9 non \u00e8 venuto in soccorso\u201d.<\/p>\n<p>Il disco \u00e8 sfoggiato con una grinta e un\u2019energia degna della capitale e l\u2019interazione dei Feldspar col pubblico prima, durante e dopo il live dimostra cosa vuol dire aver calcato palchi su palchi.<\/p>\n<p><a href=\"https:\/\/www.piuomenopop.it\/index.php\/2024\/10\/30\/live-photo-report-brucia-fest-vol-2-a-cosenza-due-giorni-di-controcultura-punk-hardcore-e-d-i-y\/feldspar-1\/\" rel=\"attachment wp-att-88064\"><img loading=\"lazy\" decoding=\"async\" class=\"alignnone size-full wp-image-88064\" src=\"https:\/\/www.piuomenopop.it\/wp-content\/uploads\/2024\/10\/feldspar-1.jpg\" alt=\"\" width=\"1200\" height=\"511\" srcset=\"https:\/\/www.piuomenopop.it\/wp-content\/uploads\/2024\/10\/feldspar-1.jpg 1200w, https:\/\/www.piuomenopop.it\/wp-content\/uploads\/2024\/10\/feldspar-1-300x128.jpg 300w, https:\/\/www.piuomenopop.it\/wp-content\/uploads\/2024\/10\/feldspar-1-1024x436.jpg 1024w, https:\/\/www.piuomenopop.it\/wp-content\/uploads\/2024\/10\/feldspar-1-768x327.jpg 768w, https:\/\/www.piuomenopop.it\/wp-content\/uploads\/2024\/10\/feldspar-1-1030x438.jpg 1030w\" sizes=\"auto, (max-width: 1200px) 100vw, 1200px\" \/><\/a> <a href=\"https:\/\/www.piuomenopop.it\/index.php\/2024\/10\/30\/live-photo-report-brucia-fest-vol-2-a-cosenza-due-giorni-di-controcultura-punk-hardcore-e-d-i-y\/feldspar-2\/\" rel=\"attachment wp-att-88065\"><img loading=\"lazy\" decoding=\"async\" class=\"alignnone size-full wp-image-88065\" src=\"https:\/\/www.piuomenopop.it\/wp-content\/uploads\/2024\/10\/feldspar-2.jpg\" alt=\"\" width=\"1200\" height=\"649\" srcset=\"https:\/\/www.piuomenopop.it\/wp-content\/uploads\/2024\/10\/feldspar-2.jpg 1200w, https:\/\/www.piuomenopop.it\/wp-content\/uploads\/2024\/10\/feldspar-2-300x162.jpg 300w, https:\/\/www.piuomenopop.it\/wp-content\/uploads\/2024\/10\/feldspar-2-1024x554.jpg 1024w, https:\/\/www.piuomenopop.it\/wp-content\/uploads\/2024\/10\/feldspar-2-768x415.jpg 768w\" sizes=\"auto, (max-width: 1200px) 100vw, 1200px\" \/><\/a><\/p>\n<p>A chiudere il cerchio sono i<strong> The Devils<\/strong>, duo thrash rock\u2019n\u2019roll da Napoli composto da Gianni Blacula (voce e chitarra) ed Erika Switchblade (voce principale e batteria) che ci presenta l\u2019ultimo album \u201cLet the world burn down\u201d regalando un suono primitivo e un look che incarna l\u2019essenza del rock\u2019n\u2019roll pi\u00f9 iconico.<\/p>\n<p>Se la musica \u00e8 stata l\u2019anima del Brucia! Fest, M.A.D. Productions \u00e8 stato il corpo solido che ha portato a Cosenza i live, i dibattiti, i laboratori e tutto ci\u00f2 che in questa due giorni ha contribuito a diffondere la controcultura punk hardcore e a far s\u00ec che il mondo del D.I.Y. continui a esistere e resistere.<\/p>\n<p><a href=\"https:\/\/www.piuomenopop.it\/index.php\/2024\/10\/30\/live-photo-report-brucia-fest-vol-2-a-cosenza-due-giorni-di-controcultura-punk-hardcore-e-d-i-y\/the-devils-1\/\" rel=\"attachment wp-att-88066\"><img loading=\"lazy\" decoding=\"async\" class=\"alignnone size-full wp-image-88066\" src=\"https:\/\/www.piuomenopop.it\/wp-content\/uploads\/2024\/10\/the-devils-1.jpg\" alt=\"\" width=\"1200\" height=\"649\" srcset=\"https:\/\/www.piuomenopop.it\/wp-content\/uploads\/2024\/10\/the-devils-1.jpg 1200w, https:\/\/www.piuomenopop.it\/wp-content\/uploads\/2024\/10\/the-devils-1-300x162.jpg 300w, https:\/\/www.piuomenopop.it\/wp-content\/uploads\/2024\/10\/the-devils-1-1024x554.jpg 1024w, https:\/\/www.piuomenopop.it\/wp-content\/uploads\/2024\/10\/the-devils-1-768x415.jpg 768w\" sizes=\"auto, (max-width: 1200px) 100vw, 1200px\" \/><\/a> <a href=\"https:\/\/www.piuomenopop.it\/index.php\/2024\/10\/30\/live-photo-report-brucia-fest-vol-2-a-cosenza-due-giorni-di-controcultura-punk-hardcore-e-d-i-y\/the-devils-2\/\" rel=\"attachment wp-att-88067\"><img loading=\"lazy\" decoding=\"async\" class=\"alignnone size-full wp-image-88067\" src=\"https:\/\/www.piuomenopop.it\/wp-content\/uploads\/2024\/10\/the-devils-2.jpg\" alt=\"\" width=\"1200\" height=\"649\" srcset=\"https:\/\/www.piuomenopop.it\/wp-content\/uploads\/2024\/10\/the-devils-2.jpg 1200w, https:\/\/www.piuomenopop.it\/wp-content\/uploads\/2024\/10\/the-devils-2-300x162.jpg 300w, https:\/\/www.piuomenopop.it\/wp-content\/uploads\/2024\/10\/the-devils-2-1024x554.jpg 1024w, https:\/\/www.piuomenopop.it\/wp-content\/uploads\/2024\/10\/the-devils-2-768x415.jpg 768w\" sizes=\"auto, (max-width: 1200px) 100vw, 1200px\" \/><\/a><\/p>\n","protected":false},"excerpt":{"rendered":"<div class=\"mh-excerpt\"><p>Parole di\u00a0Francesca Ciardullo\u00a0 Foto di\u00a0Pietro Bitonte\u00a0 &nbsp; Il 25 e 26 ottobre il BRUCIA! Fest ha celebrato una seconda entusiasmante edizione negli spazi dell\u2019Auditorium Popolare <a class=\"mh-excerpt-more\" href=\"https:\/\/www.piuomenopop.it\/index.php\/2024\/10\/30\/live-photo-report-brucia-fest-vol-2-a-cosenza-due-giorni-di-controcultura-punk-hardcore-e-d-i-y\/\" title=\"[LIVE PHOTO REPORT] BRUCIA! FEST VOL.2 a Cosenza due giorni di controcultura punk hardcore e D.I.Y\">[&#8230;]<\/a><\/p>\n<\/div>","protected":false},"author":2,"featured_media":88056,"comment_status":"closed","ping_status":"closed","sticky":false,"template":"","format":"standard","meta":{"sfsi_plus_gutenberg_text_before_share":"","sfsi_plus_gutenberg_show_text_before_share":"","sfsi_plus_gutenberg_icon_type":"","sfsi_plus_gutenberg_icon_alignemt":"","sfsi_plus_gutenburg_max_per_row":"","footnotes":"","_links_to":"","_links_to_target":""},"categories":[730,6,3,5],"tags":[12277,14275,14274,14272,13923,43,14280,14276,14277,14213,14279,14278,14273,14281],"class_list":["post-88050","post","type-post","status-publish","format-standard","has-post-thumbnail","hentry","category-festival","category-foto","category-news","category-report","tag-artico","tag-bized-photozines","tag-boonekamp","tag-brucia-fest-vol-2","tag-carne","tag-cosenza","tag-feldspar","tag-inferno-store-roma","tag-l-a-m-a-cosenza","tag-m-a-d-productions","tag-manomorta","tag-mind-knot","tag-riviera","tag-the-devils"],"aioseo_notices":[],"_links":{"self":[{"href":"https:\/\/www.piuomenopop.it\/index.php\/wp-json\/wp\/v2\/posts\/88050","targetHints":{"allow":["GET"]}}],"collection":[{"href":"https:\/\/www.piuomenopop.it\/index.php\/wp-json\/wp\/v2\/posts"}],"about":[{"href":"https:\/\/www.piuomenopop.it\/index.php\/wp-json\/wp\/v2\/types\/post"}],"author":[{"embeddable":true,"href":"https:\/\/www.piuomenopop.it\/index.php\/wp-json\/wp\/v2\/users\/2"}],"replies":[{"embeddable":true,"href":"https:\/\/www.piuomenopop.it\/index.php\/wp-json\/wp\/v2\/comments?post=88050"}],"version-history":[{"count":2,"href":"https:\/\/www.piuomenopop.it\/index.php\/wp-json\/wp\/v2\/posts\/88050\/revisions"}],"predecessor-version":[{"id":88069,"href":"https:\/\/www.piuomenopop.it\/index.php\/wp-json\/wp\/v2\/posts\/88050\/revisions\/88069"}],"wp:featuredmedia":[{"embeddable":true,"href":"https:\/\/www.piuomenopop.it\/index.php\/wp-json\/wp\/v2\/media\/88056"}],"wp:attachment":[{"href":"https:\/\/www.piuomenopop.it\/index.php\/wp-json\/wp\/v2\/media?parent=88050"}],"wp:term":[{"taxonomy":"category","embeddable":true,"href":"https:\/\/www.piuomenopop.it\/index.php\/wp-json\/wp\/v2\/categories?post=88050"},{"taxonomy":"post_tag","embeddable":true,"href":"https:\/\/www.piuomenopop.it\/index.php\/wp-json\/wp\/v2\/tags?post=88050"}],"curies":[{"name":"wp","href":"https:\/\/api.w.org\/{rel}","templated":true}]}}