{"id":88322,"date":"2024-11-27T15:55:23","date_gmt":"2024-11-27T14:55:23","guid":{"rendered":"https:\/\/www.piuomenopop.it\/?p=88322"},"modified":"2024-11-27T15:55:23","modified_gmt":"2024-11-27T14:55:23","slug":"the-cage-la-data-zero-del-nuovo-tour-di-emma-nolde-ven-29-11-e-gli-spleen-in-concerto-sab-30-11","status":"publish","type":"post","link":"https:\/\/www.piuomenopop.it\/index.php\/2024\/11\/27\/the-cage-la-data-zero-del-nuovo-tour-di-emma-nolde-ven-29-11-e-gli-spleen-in-concerto-sab-30-11\/","title":{"rendered":"THE CAGE: la data zero del nuovo tour di Emma Nolde (ven 29\/11) e gli Spleen in concerto (sab 30\/11)"},"content":{"rendered":"<p style=\"font-weight: 400; text-align: center;\"><strong>AL THE CAGE LA DATA ZERO DEL NUOVO TOUR DI EMMA NOLDE<\/strong><\/p>\n<p style=\"font-weight: 400; text-align: center;\"><strong>E LE SONORIT<\/strong><strong>\u00c0<\/strong><strong>\u00a0AGGRESSIVE DEGLI SPLEEN<\/strong><\/p>\n<p style=\"font-weight: 400; text-align: center;\"><em>\u00a0<\/em><\/p>\n<p style=\"font-weight: 400; text-align: center;\"><em>\u00a0<\/em><\/p>\n<p style=\"font-weight: 400; text-align: center;\"><em>The Cage,\u00a0<strong>venerd\u00ec 29 novembre<\/strong>\u00a0parte dal teatrino di Villa Corridi<\/em><\/p>\n<p style=\"font-weight: 400; text-align: center;\"><em>il\u00a0<strong>tour 2024\/2025<\/strong>\u00a0di\u00a0<strong>Emma Nolde<\/strong><\/em><\/p>\n<p style=\"font-weight: 400; text-align: center;\"><em>e\u00a0<strong>sabato 30 novembre<\/strong>, per la rassegna\u00a0<strong>My Generation<\/strong>, arrivano i fiorentini\u00a0<strong>Spleen<\/strong><\/em><\/p>\n<p style=\"font-weight: 400;\"><em>\u00a0<\/em><\/p>\n<p style=\"font-weight: 400;\"><em>\u00a0<\/em><\/p>\n<p style=\"font-weight: 400;\"><strong>VENERD<\/strong><strong>\u00cc<\/strong><strong>\u00a029 NOVEMBRE<\/strong>\u00a0\u2013 A una settimana dalla data zero di Ditonellapiaga arriva quella di\u00a0<strong>Emma Nolde<\/strong>: la cantautrice toscana\u00a0<strong>sar\u00e0 sul palco del The Cage per il primo del ricco calendario di concerti<\/strong>\u00a0che toccheranno alcuni dei live club pi\u00f9 conosciuti e apprezzati d\u2019Italia, tra cui gli iconici Locomotiv di Bologna e Monk di Roma. Parte cos\u00ec da Livorno il nuovo percorso di questa\u00a0<strong>talentuosa e apprezzata cantautrice<\/strong>, che nei prossimi mesi porter\u00e0 in giro in full band le nuove canzoni dell\u2019album pubblicato meno di un mese fa.\u00a0<em>Nuovospaziotempo<\/em>, questo il nome, \u00e8 infatti il suo terzo e ultimo lavoro ed \u00e8 uscito l\u20198 novembre 2024 per\u00a0<em>Carosello Records<\/em>: undici tracce in cui l\u2019artista invita ognuno di noi a\u00a0<strong>costruire un nuovo spazio tempo<\/strong>, un piccolo rifugio da mantenere con cura, in cui dedicarsi all\u2019ordinario, al riparo dagli acuminati spigoli di una societ\u00e0 sempre pi\u00f9 superficiale e aggressiva. Il disco d\u2019esordio\u00a0<em>Toccaterra<\/em>\u00a0(2020), finalista al Premio Tenco come opera prima, aveva gi\u00e0 riscosso un ottimo successo di critica ed era stato considerato come\u00a0<strong>uno dei pi\u00f9 promettenti degli ultimi anni<\/strong>. L\u2019ultimo, che contiene anche le preziose collaborazioni con Niccol\u00f2 Fabi, Nayt e Mecna, conferma la bravura della cantautrice di San Miniato e segna una fase di\u00a0<strong>maturazione artistica importante<\/strong>. Del resto, nei quattro anni che separano i due lavori, Emma Nolde ha realizzato un altro disco,\u00a0<em>Dormi<\/em>, ha girato in lungo e in largo la penisola, calcando decine e decine di palchi, e ha collaborato con artisti importanti, dagli Zen Circus a Generic Animal, da Francesco Motta a Levante, fino ad aprire i concerti di Fabi, Gazz\u00e8 e Silvestri, di Dente e dei Subsonica. Insomma, sono tante le ragioni per non farsela scappare dal vivo. Apertura porte ore\u00a0<strong>22:00<\/strong>; inizio concerto ore\u00a0<strong>22:30<\/strong>. Biglietti acquistabili su\u00a0<em>TicketSms<\/em>\u00a0al costo di\u00a0<strong>15 euro<\/strong>\u00a0pi\u00f9 i diritti di prevendita. Dopo il concerto dj set a cura di\u00a0<strong>Mainstream<\/strong>\u00a0(nella sala interna) e di\u00a0<strong>Finsaga<\/strong>\u00a0(sotto il Tendone Magico) per ballare e divertirsi fino a tarda notte. Biglietti acquistabili direttamente in cassa al costo di\u00a0<strong>10 euro<\/strong>, prima consumazione inclusa.<\/p>\n<p style=\"font-weight: 400;\">\n<p style=\"font-weight: 400;\"><strong>SABATO 30 NOVEMBRE<\/strong>\u00a0\u2013 La collaborazione tra il\u00a0<strong>The Cage<\/strong>\u00a0e la fiorentina\u00a0<strong>Musicus Concentus<\/strong>\u00a0porta a Livorno un altro progetto musicale giovane e interessante, quello degli\u00a0<strong>Spleen<\/strong>. Nati nel 2019 come Big Breast On Fat Boys, gli Spleen sono un\u00a0<strong>gruppo rock fiorentino<\/strong>\u00a0formato da\u00a0<strong>Samuele Riccucci<\/strong>\u00a0alla voce e alla prima chitarra,\u00a0<strong>Matteo Innocenti<\/strong>\u00a0alla batteria,\u00a0<strong>Olmo Fantini<\/strong>\u00a0alla seconda chitarra e\u00a0<strong>Alberto Sanna<\/strong>\u00a0al basso. Le loro sono sonorit\u00e0 cupe, che nonostante una certa raffinatezza hanno mantenuto il carattere sporco e aggressivo che caratterizzava anche la prima formazione. Il primo singolo della band \u00e8 stato pubblicato appena sei mesi fa:\u00a0<em>Dystopic School<\/em>\u00a0(Contempo Records), questo il titolo, \u00e8 stato presentato al Red Garter a Firenze il 14 giugno scorso ma ha ottenuto ottime recensioni fino in Gran Bretagna, oltre che numerosi passaggi radio e pi\u00f9 di 4mila ascolti su Spotify. Proprio in queste settimane i quattro hanno registrato il loro ultimo singolo, che uscir\u00e0 a giorni e che sar\u00e0 supportato da una serie di tappe, anche in Gran Bretagna, tra cui una allo storico locale londinese\u00a0<em>Hope and Anchor<\/em>. Apertura porte ore\u00a0<strong>22:00<\/strong>; inizio concerto ore\u00a0<strong>22:30<\/strong>. Biglietti acquistabili su\u00a0<em>Ticket Sms<\/em>, costo\u00a0<strong>10 euro<\/strong>\u00a0pi\u00f9 i diritti di prevendita. A seguire, come da tradizione, il dj-set british di\u00a0<strong>My Generation<\/strong>. Biglietti acquistabili in cassa al costo di\u00a0<strong>10 euro<\/strong>.<\/p>\n<p style=\"font-weight: 400;\"><strong>\u00a0<\/strong><\/p>\n<p style=\"font-weight: 400;\"><strong>IL SERVIZIO TAXI<\/strong>\u00a0\u2013 \u00c8 stato rinnovato l\u2019accordo tra il The Cage ed il Consorzio Taxi Livorno per offrire un servizio di trasporto a prezzo concordato. Nelle serate del venerd\u00ec e sabato i pulmini taxi saranno a disposizione con queste tariffe:\u00a0<strong>18 euro<\/strong>\u00a0fino a\u00a0<strong>4 persone<\/strong>\u00a0e\u00a0<strong>24 euro<\/strong>\u00a0fino a\u00a0<strong>8 persone<\/strong>\u00a0partendo dalla stazione di Piazza Grande. Per chi volesse prendere il taxi da una qualsiasi altra zona della citt\u00e0 il supplemento \u00e8 di\u00a0<strong>2 euro<\/strong>. Il numero da chiamare \u00e8 0586\/883377.<\/p>\n<p style=\"font-weight: 400;\"><strong><u>INFO<\/u><\/strong><\/p>\n<p>3914698808 (WhatsApp)<\/p>\n<p style=\"font-weight: 400;\">\n<p style=\"font-weight: 400;\"><a href=\"mailto:info@thecagetheatre.it\">info@thecagetheatre.it<\/a><u>\u00a0&#8211;\u00a0<\/u><a href=\"http:\/\/www.thecagetheatre.it\/\" data-saferedirecturl=\"https:\/\/www.google.com\/url?q=http:\/\/www.thecagetheatre.it\/&amp;source=gmail&amp;ust=1732802768864000&amp;usg=AOvVaw0CWktZqRUFomHqA_I0iWFT\">www.thecagetheatre.it<\/a><\/p>\n<p style=\"font-weight: 400;\"><strong><u>IL PROGRAMMA<\/u><\/strong><\/p>\n<p style=\"font-weight: 400;\">\nVenerd\u00ec 29 Novembre\u00a0<strong>\u2013<\/strong>\u00a0<strong>EMMA NOLDE<\/strong><br \/>\nSabato 30 Novembre\u00a0<strong>\u2013<\/strong>\u00a0<strong>SPLEEN<\/strong><br \/>\nVenerd\u00ec 6 Dicembre\u00a0<strong>\u2013<\/strong>\u00a0<strong>I HATE MY VILLAGE<\/strong><br \/>\nSabato 7 Dicembre\u00a0<strong>\u2013<\/strong>\u00a0<strong>LIARS\u00a0<\/strong>(<strong>QUEEN TRIBUTE BAND<\/strong>)<br \/>\nVenerd\u00ec 13 Dicembre\u00a0<strong>\u2013<\/strong>\u00a0<strong>VIITO<\/strong><\/p>\n<p style=\"font-weight: 400;\">Sabato 14 Dicembre \u2013<strong>\u00a0NERVI<\/strong><\/p>\n<p style=\"font-weight: 400;\">Venerd\u00ec 20 Dicembre \u2013<strong>\u00a0SAVANA FUNK<\/strong><\/p>\n<p style=\"font-weight: 400;\">Sabato 21 Dicembre \u2013<strong>\u00a0ONE EAT ONE<\/strong><\/p>\n<p style=\"font-weight: 400;\">Sabato 28 Dicembre<strong>\u00a0\u2013 VIETNOW<\/strong><\/p>\n<p style=\"font-weight: 400;\"><strong>@2025<\/strong><\/p>\n<p style=\"font-weight: 400;\">Domenica 2 Febbraio<strong>\u00a0\u2013 EDOARDO FERRARIO\u00a0<\/strong>(Teatro 4 Mori)<\/p>\n<p style=\"font-weight: 400;\">Venerd\u00ec 21 Febbraio \u2013\u00a0<strong>ANDY TIMMONS BAND<\/strong><\/p>\n<p style=\"font-weight: 400;\">Venerd\u00ec 28 Marzo \u2013<strong>\u00a0DIAFRAMMA<\/strong><\/p>\n<p style=\"font-weight: 400;\">Luned\u00ec 7 Aprile<strong>\u00a0\u2013 ANGELO DURO<\/strong>\u00a0(Teatro Goldoni)<\/p>\n<p style=\"font-weight: 400;\">Venerd\u00ec 4 Aprile \u2013\u00a0<strong>MEG<\/strong><\/p>\n<p style=\"font-weight: 400;\">Venerd\u00ec 23 Maggio \u2013<strong>\u00a0THE GET UP KIDS<\/strong><\/p>\n","protected":false},"excerpt":{"rendered":"<div class=\"mh-excerpt\"><p>AL THE CAGE LA DATA ZERO DEL NUOVO TOUR DI EMMA NOLDE E LE SONORIT\u00c0\u00a0AGGRESSIVE DEGLI SPLEEN \u00a0 \u00a0 The Cage,\u00a0venerd\u00ec 29 novembre\u00a0parte dal teatrino <a class=\"mh-excerpt-more\" href=\"https:\/\/www.piuomenopop.it\/index.php\/2024\/11\/27\/the-cage-la-data-zero-del-nuovo-tour-di-emma-nolde-ven-29-11-e-gli-spleen-in-concerto-sab-30-11\/\" title=\"THE CAGE: la data zero del nuovo tour di Emma Nolde (ven 29\/11) e gli Spleen in concerto (sab 30\/11)\">[&#8230;]<\/a><\/p>\n<\/div>","protected":false},"author":2,"featured_media":88323,"comment_status":"closed","ping_status":"closed","sticky":false,"template":"","format":"standard","meta":{"sfsi_plus_gutenberg_text_before_share":"","sfsi_plus_gutenberg_show_text_before_share":"","sfsi_plus_gutenberg_icon_type":"","sfsi_plus_gutenberg_icon_alignemt":"","sfsi_plus_gutenburg_max_per_row":"","footnotes":"","_links_to":"","_links_to_target":""},"categories":[5184,3],"tags":[10636],"class_list":["post-88322","post","type-post","status-publish","format-standard","has-post-thumbnail","hentry","category-calendario-concerti","category-news","tag-the-cage-livorno"],"aioseo_notices":[],"_links":{"self":[{"href":"https:\/\/www.piuomenopop.it\/index.php\/wp-json\/wp\/v2\/posts\/88322","targetHints":{"allow":["GET"]}}],"collection":[{"href":"https:\/\/www.piuomenopop.it\/index.php\/wp-json\/wp\/v2\/posts"}],"about":[{"href":"https:\/\/www.piuomenopop.it\/index.php\/wp-json\/wp\/v2\/types\/post"}],"author":[{"embeddable":true,"href":"https:\/\/www.piuomenopop.it\/index.php\/wp-json\/wp\/v2\/users\/2"}],"replies":[{"embeddable":true,"href":"https:\/\/www.piuomenopop.it\/index.php\/wp-json\/wp\/v2\/comments?post=88322"}],"version-history":[{"count":1,"href":"https:\/\/www.piuomenopop.it\/index.php\/wp-json\/wp\/v2\/posts\/88322\/revisions"}],"predecessor-version":[{"id":88324,"href":"https:\/\/www.piuomenopop.it\/index.php\/wp-json\/wp\/v2\/posts\/88322\/revisions\/88324"}],"wp:featuredmedia":[{"embeddable":true,"href":"https:\/\/www.piuomenopop.it\/index.php\/wp-json\/wp\/v2\/media\/88323"}],"wp:attachment":[{"href":"https:\/\/www.piuomenopop.it\/index.php\/wp-json\/wp\/v2\/media?parent=88322"}],"wp:term":[{"taxonomy":"category","embeddable":true,"href":"https:\/\/www.piuomenopop.it\/index.php\/wp-json\/wp\/v2\/categories?post=88322"},{"taxonomy":"post_tag","embeddable":true,"href":"https:\/\/www.piuomenopop.it\/index.php\/wp-json\/wp\/v2\/tags?post=88322"}],"curies":[{"name":"wp","href":"https:\/\/api.w.org\/{rel}","templated":true}]}}