{"id":8869,"date":"2016-11-15T09:04:57","date_gmt":"2016-11-15T08:04:57","guid":{"rendered":"http:\/\/www.piuomenopop.it\/?p=8869"},"modified":"2018-01-01T17:46:29","modified_gmt":"2018-01-01T16:46:29","slug":"aerosmith-a-firenze-rocks-il-23-giugno-2017","status":"publish","type":"post","link":"https:\/\/www.piuomenopop.it\/index.php\/2016\/11\/15\/aerosmith-a-firenze-rocks-il-23-giugno-2017\/","title":{"rendered":"Aerosmith a FIRENZE ROCKS il 23 giugno 2017"},"content":{"rendered":"<p style=\"text-align: center;\"><strong>Gli <span style=\"font-size: 14pt;\">AEROSMITH<\/span> tornano in Europa nel 2017<\/strong><\/p>\n<p style=\"text-align: center;\"><strong>\u201cAERO-VEDERCI BABY\u201d<\/strong><br \/>\n<a href=\"http:\/\/www.aerosmith.com\" target=\"_blank\"><strong>www.aerosmith.com<\/strong><\/a><\/p>\n<p style=\"text-align: center;\"><strong>23 GIUGNO 2017<\/strong><br \/>\n<img loading=\"lazy\" decoding=\"async\" class=\"alignnone wp-image-8870 size-medium\" src=\"http:\/\/www.piuomenopop.it\/wp-content\/uploads\/2016\/11\/firenzerock-300x154.png\" alt=\"firenzerock\" width=\"300\" height=\"154\" srcset=\"https:\/\/www.piuomenopop.it\/wp-content\/uploads\/2016\/11\/firenzerock-300x154.png 300w, https:\/\/www.piuomenopop.it\/wp-content\/uploads\/2016\/11\/firenzerock-768x394.png 768w, https:\/\/www.piuomenopop.it\/wp-content\/uploads\/2016\/11\/firenzerock-1024x526.png 1024w, https:\/\/www.piuomenopop.it\/wp-content\/uploads\/2016\/11\/firenzerock.png 803w\" sizes=\"auto, (max-width: 300px) 100vw, 300px\" \/><\/p>\n<p style=\"text-align: center;\"><strong>(Visarno Arena &#8211; Ippodromo del Visarno)<\/strong><\/p>\n<p><strong>Aerosmith<\/strong> \u2013 La band rock pi\u00f9 grande d\u2019America ha annunciato oggi un mastodontico tour europeo in programma il prossimo anno. Dopo il grande successo del tour in Sud America, gli Aerosmith torneranno da queste parti con uno dei pi\u00f9 grandi show dal vivo mai visti, un tour che promette di essere uno degli eventi pi\u00f9 importanti del 2017: il loro <em><strong>\u201cAero-Vederci Baby!\u201d<\/strong><\/em> sar\u00e0 il tour del congedo. Anche l\u2019Italia ospiter\u00e0 Styven Tyler e compagni! <strong>Il 23 giugno 2017<\/strong> gli Aerosmith saranno il primo gruppo headliner della neonata <strong>rassegna musicale estiva FIRENZE ROCKS<\/strong>, in programma il 23 e 25 giugno alla <strong>Visarno Arena \u2013 Ippodromo del Visarno<\/strong>, nel capoluogo toscano.<\/p>\n<p>Per Oltre 45 anni, gli Aerosmith sono stati la band rock per antonomasia, e sono diventati uno dei gruppi pi\u00f9 influenti e amati al mondo, grazie alle loro indimenticabili canzoni e concerti rivoluzionari.<\/p>\n<p>Inseriti ufficialmente nella Rock &amp; Roll Hall of Fame, gli Aerosmith hanno venduto oltre 100 milioni di album in tutto il mondo e ottenuto innumerevoli premi e riconoscimenti (tra cui quattro Grammy Awards, otto American Music Awards, sei Billboard Awards, e 12 MTV Awards). Nel corso degli ultimi 45 anni, i membri degli Aerosmith &#8212; <strong>Steven Tyler, Joe Perry, Joey Kramer, Tom Hamilton e Brad Whitford<\/strong> \u2013 hanno guadagnato 95 certificazioni Oro, Platino e Multi-Platinum dalla RIAA per i loro album, singoli e video (sono la band americana con il numero pi\u00f9 alto di certificazioni).<br \/>\nNel corso della loro carriera, gli <strong>Aerosmith<\/strong> sono sempre stati sotto i riflettori nella scena rock mondiale. Dalle prime canzoni (<em>Dream On, Sweet Emotion, Toys In the Attic<\/em> e <em>Back In The Saddle<\/em>) a brani di generi rivoluzionari come <em>Walk This Way<\/em> (Aerosmith feat. Run DMC), fino a successi mondiali tra cui <em>Janie\u2019s Got A Gun, Cryin\u2019, Dude Looks Like A Lady, Love In An Elevator<\/em> e <em>I Don\u2019t Want To Miss A Thing<\/em>, gli Aerosmith sono senza dubbio una delle band pi\u00f9 importanti al mondo.<\/p>\n<p><strong>Joe Perry<\/strong> &#8211;<em> \u201cE\u2019 da tre anni che non veniamo in tour in Europa e parlo per tutti quando dico che non vediamo l\u2019ora di tornare e dare il massimo. Lo abbiamo fatto per questa ultima tranche in Sud America o non ci fermeremo ora.&#8221;<\/em><\/p>\n<p><strong>Steven Tyler<\/strong> \u2013 <em>&#8220;Gli Aerosmith hanno appena finito di girare il Sud America come veri e propri ambasciatori del rock\u2026 La band \u00e8 inarrestabile in questo momento, e anche in Europa continueremo a fare quello che facciamo meglio\u2026 Let The Music Do The Talking&#8230; Living On The Edge, and living to rock another day\u201d.<\/em><\/p>\n<p>Gli <strong>Aerosmith<\/strong> hanno appena terminato una serie di concerti sold-out in Sud America, per i loro affezionatissimi fan in Cile, Argentina, Colombia, Bolivia, Brasile, Per\u00f9 e Messico. Il loro ritorno in Europa \u00e8 attesissimo da tutti. Il nuovo tour toccher\u00e0 anche alcuni dei pi\u00f9 grandi festival europei, tra cui Sweden Rock, il francese Hellfest e il leggendario Download Festival di Donington, UK.<\/p>\n<p><strong>I biglietti per l\u2019unica data italiana saranno in vendita dalle 12:00 del 18 novembre su e ticketone.it. Gli iscritti al fan club ufficiale potranno accedere ad una prevendita dedicata a partire dalle 12:00 del 16 novembre (<a href=\"http:\/\/www.aerosmith.com\" target=\"_blank\">www.aerosmith.com<\/a>).<\/strong><br \/>\n<strong>I biglietti saranno disponibili tramite prevendita Firenze Rocks dalle ore 12:00 di gioved\u00ec novembre: iscriviti gratuitamente sul sito <a href=\"http:\/\/www.firenzerocks.it\" target=\"_blank\">www.firenzerocks.it<\/a> entro le ore 18:00 di mercoled\u00ec 16 novembre e riceverai direttamente tramite email l\u2019accesso alla prevendita esclusiva.<\/strong><\/p>\n<p>Per info:<br \/>\n<a href=\"http:\/\/www.firenzerocks.it\" target=\"_blank\">www.firenzerocks.it<\/a><br \/>\n<a href=\"http:\/\/www.facebook.com\/firenzerocks\" target=\"_blank\">www.facebook.com\/firenzerocks<\/a><br \/>\n<a href=\"http:\/\/www.twitter.com\/firenzerocks\" target=\"_blank\">www.twitter.com\/firenzerocks<\/a><\/p>\n<p style=\"text-align: center;\"><iframe loading=\"lazy\" style=\"border: none; overflow: hidden;\" src=\"https:\/\/www.facebook.com\/plugins\/video.php?href=https%3A%2F%2Fwww.facebook.com%2Faerosmith%2Fvideos%2F10154317609138124%2F&amp;show_text=0&amp;width=560\" width=\"560\" height=\"315\" frameborder=\"0\" scrolling=\"no\" allowfullscreen=\"allowfullscreen\"><\/iframe><\/p>\n","protected":false},"excerpt":{"rendered":"<div class=\"mh-excerpt\"><p>Gli AEROSMITH tornano in Europa nel 2017 \u201cAERO-VEDERCI BABY\u201d www.aerosmith.com 23 GIUGNO 2017 (Visarno Arena &#8211; Ippodromo del Visarno) Aerosmith \u2013 La band rock pi\u00f9 <a class=\"mh-excerpt-more\" href=\"https:\/\/www.piuomenopop.it\/index.php\/2016\/11\/15\/aerosmith-a-firenze-rocks-il-23-giugno-2017\/\" title=\"Aerosmith a FIRENZE ROCKS il 23 giugno 2017\">[&#8230;]<\/a><\/p>\n<\/div>","protected":false},"author":1,"featured_media":8870,"comment_status":"closed","ping_status":"closed","sticky":false,"template":"","format":"standard","meta":{"sfsi_plus_gutenberg_text_before_share":"","sfsi_plus_gutenberg_show_text_before_share":"","sfsi_plus_gutenberg_icon_type":"","sfsi_plus_gutenberg_icon_alignemt":"","sfsi_plus_gutenburg_max_per_row":"","footnotes":"","_links_to":"","_links_to_target":""},"categories":[3,457],"tags":[1483,1475,275,1439,1484,383],"class_list":["post-8869","post","type-post","status-publish","format-standard","has-post-thumbnail","hentry","category-news","category-rock","tag-aero-vederci-baby","tag-aerosmith","tag-firenze","tag-firenze-rocks","tag-styven-tyler","tag-visarno-arena"],"aioseo_notices":[],"_links":{"self":[{"href":"https:\/\/www.piuomenopop.it\/index.php\/wp-json\/wp\/v2\/posts\/8869","targetHints":{"allow":["GET"]}}],"collection":[{"href":"https:\/\/www.piuomenopop.it\/index.php\/wp-json\/wp\/v2\/posts"}],"about":[{"href":"https:\/\/www.piuomenopop.it\/index.php\/wp-json\/wp\/v2\/types\/post"}],"author":[{"embeddable":true,"href":"https:\/\/www.piuomenopop.it\/index.php\/wp-json\/wp\/v2\/users\/1"}],"replies":[{"embeddable":true,"href":"https:\/\/www.piuomenopop.it\/index.php\/wp-json\/wp\/v2\/comments?post=8869"}],"version-history":[{"count":4,"href":"https:\/\/www.piuomenopop.it\/index.php\/wp-json\/wp\/v2\/posts\/8869\/revisions"}],"predecessor-version":[{"id":8875,"href":"https:\/\/www.piuomenopop.it\/index.php\/wp-json\/wp\/v2\/posts\/8869\/revisions\/8875"}],"wp:featuredmedia":[{"embeddable":true,"href":"https:\/\/www.piuomenopop.it\/index.php\/wp-json\/wp\/v2\/media\/8870"}],"wp:attachment":[{"href":"https:\/\/www.piuomenopop.it\/index.php\/wp-json\/wp\/v2\/media?parent=8869"}],"wp:term":[{"taxonomy":"category","embeddable":true,"href":"https:\/\/www.piuomenopop.it\/index.php\/wp-json\/wp\/v2\/categories?post=8869"},{"taxonomy":"post_tag","embeddable":true,"href":"https:\/\/www.piuomenopop.it\/index.php\/wp-json\/wp\/v2\/tags?post=8869"}],"curies":[{"name":"wp","href":"https:\/\/api.w.org\/{rel}","templated":true}]}}