{"id":88738,"date":"2025-01-06T13:09:30","date_gmt":"2025-01-06T12:09:30","guid":{"rendered":"https:\/\/www.piuomenopop.it\/?p=88738"},"modified":"2025-01-07T18:11:11","modified_gmt":"2025-01-07T17:11:11","slug":"premio-gianmaria-testa-aperto-fino-al-31-gennaio-il-bando-9-marzo-2025-in-prevendita-la-serata-finale-con-stefano-bollani-e-valentina-cenni","status":"publish","type":"post","link":"https:\/\/www.piuomenopop.it\/index.php\/2025\/01\/06\/premio-gianmaria-testa-aperto-fino-al-31-gennaio-il-bando-9-marzo-2025-in-prevendita-la-serata-finale-con-stefano-bollani-e-valentina-cenni\/","title":{"rendered":"PREMIO GIANMARIA TESTA, aperto fino al 31 gennaio il bando &#8211; 9 marzo 2025 in prevendita la serata finale con STEFANO BOLLANI E VALENTINA CENNI"},"content":{"rendered":"<div style=\"text-align: center;\"><strong>PREMIO GIANMARIA TESTA<\/strong><br \/>\n<em>V edizione<\/em><br \/>\n<strong>Aperto fino al 31 gennaio 2025 il bando<\/strong><br \/>\n<strong>per la nuova edizione del Premio Gianmaria Testa \u2013 Parole e Musica<\/strong><strong>9 marzo 2025<\/strong><br \/>\n<strong>I cinque finalisti si esibiranno alle Fonderie Teatrali Limone di Moncalieri (TO)<\/strong><\/p>\n<p style=\"text-align: center;\"><strong>Ospiti d\u2019onore<\/strong><br \/>\n<strong>STEFANO BOLLANI E VALENTINA CENNI<\/strong><br \/>\n<em>in concerto<\/em><br \/>\nprevendite aperte su\u00a0<a href=\"http:\/\/teatrostabiletorino.vivaticket.it\/\" target=\"_blank\" rel=\"noopener\" data-saferedirecturl=\"https:\/\/www.google.com\/url?q=http:\/\/teatrostabiletorino.vivaticket.it&amp;source=gmail&amp;ust=1736251071323000&amp;usg=AOvVaw33c80fQbMuzEls3dEYNaGm\">teatrostabiletorino.<wbr \/>vivaticket.it<\/a><\/p>\n<\/div>\n<div style=\"text-align: left;\">\n<p><strong>Citt\u00e0 di Moncalieri<\/strong>\u00a0e\u00a0<strong>Circolo Culturale Saturnio<\/strong>\u00a0in collaborazione con\u00a0<strong>Produzioni Fuorivia\u00a0<\/strong>presentano il<strong>\u00a0Premio Gianmaria Testa \u2013 Parole e Musica<\/strong>, sezione speciale dello storico Premio Letterario Internazionale Citt\u00e0 di Moncalieri. Il Premio in pochi anni ha saputo diventare\u00a0<strong>punto di riferimento per cantautori italiani e internazionali<\/strong>, in omaggio alla figura di Gianmaria Testa, cantautore e poeta capace di raccontare il mondo con una profondit\u00e0 e un\u2019intensit\u00e0 straordinarie.<\/p>\n<p>Gianmaria Testa, che \u00e8 stato definito &#8220;un poeta in musica&#8221;, ha saputo intrecciare note e parole in un equilibrio unico, raccontando storie piccole, apparentemente marginali, di terre attraversate e anime inquiete. La sua arte ha superato i confini nazionali, conquistando un pubblico eterogeneo grazie alla sua capacit\u00e0 di rendere universali i temi pi\u00f9 intimi. Il Premio che porta il suo nome si propone di custodire questa eredit\u00e0, celebrando la scrittura musicale come linguaggio universale e dando voce a una nuova generazione di artisti offrendo loro una straordinaria opportunit\u00e0 di essere ascoltati e di misurarsi con un\u2019eredit\u00e0 artistica che esalta la qualit\u00e0 della scrittura musicale.<\/p>\n<p>Il\u00a0<strong>bando aperto fino al 31 gennaio 2025<\/strong>\u00a0\u00e8 rivolto a\u00a0<strong>cantautori under 38<\/strong>\u00a0di qualsiasi nazionalit\u00e0. Gli artisti potranno presentare\u00a0<strong>uno o due brani originali<\/strong>, che siano inediti o pubblicati da non pi\u00f9 di sei mesi. I cinque finalisti, selezionati da una giuria d\u2019eccezione, avranno l\u2019opportunit\u00e0 di esibirsi dal vivo\u00a0<strong>il 9 marzo 2025 presso le Fonderie Teatrali Limone di Moncalieri<\/strong>. Durante la serata, non solo interpreteranno i propri brani in gara, ma renderanno omaggio a Gianmaria Testa eseguendo una sua canzone, portando sul palco un dialogo tra passato e presente, tra tradizione e innovazione. Tra i premi in palio, il vincitore assoluto ricever\u00e0 un riconoscimento economico di 1.500 euro, accompagnato da una targa e un diploma, oltre alla possibilit\u00e0 di esibirsi in prestigiose rassegne musicali piemontesi. Un premio speciale di 800 euro sar\u00e0 assegnato alla miglior esibizione live. Come ulteriore riconoscimento, i brani dei finalisti verranno raccolti in un album prodotto da Incipit Records e Produzioni Fuorivia, distribuito da Egea Music.<\/p>\n<p>La giuria che selezioner\u00e0 i talenti \u00e8 composta da figure di spicco della musica e della cultura. A presiederla sar\u00e0 il cantautore\u00a0<strong>Eugenio Bennato<\/strong>, affiancato da\u00a0<strong>Alessandra Comazzi<\/strong>\u00a0giornalista e critica televisiva de La Stampa,\u00a0<strong>Paola Farinetti<\/strong>\u00a0moglie e produttrice di Gianmaria Testa,\u00a0<strong>Paolo Luc\u00e0\u00a0<\/strong>direttore del Folkclub di Torino, il discografico\u00a0<strong>Stefano Senardi<\/strong>,\u00a0<strong>Fabio Sgaravato\u00a0<\/strong>direttore artistico The Saifam Group, il cantautore\u00a0<strong>Patrizio Trampetti<\/strong>\u00a0e\u00a0<strong>Sara Potente<\/strong>, direttrice artistica di UNO\/Sony Music,\u00a0<strong>Enzo Vizzone<\/strong>\u00a0discografico, Egea Music,\u00a0 la direzione artistica di\u00a0<strong>_resetfestival<\/strong>\u00a0che sceglier\u00e0 tra i progetti musicali finalisti chi salir\u00e0 sul palco della diciassettesima edizione del festival.<\/p>\n<p>La serata del Premio sar\u00e0 arricchita \u2013 come da tradizione \u2013 dalla presenza e dalla partecipazione di un grande artista che si esibir\u00e0 sullo stesso palcoscenico dei cantautori finalisti. Per la quinta edizione\u00a0<strong>Stefano Bollani<\/strong>, geniale pianista e compositore, accanto a Gianmaria Testa nel mitico spettacolo \u201cGuarda che luna!\u201d dedicato a Fred Buscaglione, sar\u00e0 in scena insieme a\u00a0<strong>Valentina Cenni<\/strong>, attrice e performer dalla creativit\u00e0 poliedrica. I due artisti, uniti da una straordinaria sintonia sia personale che artistica, freschi reduci dalla trasmissione televisiva di Rai 3 \u201cVia dei Matti n.0\u201d, sapranno creare senza dubbio una serata magica, in cui il pianoforte di Bollani dialogher\u00e0 con la voce e la presenza scenica di Valentina Cenni. Non mancheranno di certo loro personali interpretazioni di brani di Gianmaria. (<a href=\"http:\/\/teatrostabiletorino.vivaticket.it\/\" target=\"_blank\" rel=\"noopener\" data-saferedirecturl=\"https:\/\/www.google.com\/url?q=http:\/\/teatrostabiletorino.vivaticket.it&amp;source=gmail&amp;ust=1736251071324000&amp;usg=AOvVaw25L1ChpI6se9MW9pJlR4TB\">teatrostabiletorino.<wbr \/>vivaticket.it<\/a>).<\/p>\n<div>\n<p>&#8220;<em>Quest\u2019anno Moncalieri propone un\u2019edizione ancora pi\u00f9 importante del Premio Gianmaria Testa, giunto alla sua quinta edizione \u2013\u00a0<\/em>dichiara\u00a0<strong>Antonella Parigi, Assessora alla Cultura della Citt\u00e0 di Moncalieri<\/strong><em>.- \u00a0Il prestigio della giuria e l\u2019importanza dell\u2019ospite d\u2019onore certifica la nostra volont\u00e0 di investire su questa manifestazione, che non solo \u00e8 un tributo al grande artista piemontese, ma anche un importante tassello nel percorso che stiamo costruendo verso la candidatura di Moncalieri a Capitale Italiana della Cultura per il 2028\u201d<\/em><\/p>\n<p>Per ulteriori informazioni e per accedere al bando, \u00e8 possibile visitare il sito ufficiale del Circolo Culturale Saturnio:\u00a0<a href=\"https:\/\/adfarm.us3.list-manage.com\/track\/click?u=864aea5e3f094e33d0159ceee&amp;id=a7eb740a84&amp;e=4158317350\" target=\"_blank\" rel=\"noopener\" data-saferedirecturl=\"https:\/\/www.google.com\/url?q=https:\/\/adfarm.us3.list-manage.com\/track\/click?u%3D864aea5e3f094e33d0159ceee%26id%3Da7eb740a84%26e%3D4158317350&amp;source=gmail&amp;ust=1736251071324000&amp;usg=AOvVaw392bYhC7RLRBPPylxByxlD\">www.saturnio.it<\/a>.<\/p>\n<\/div>\n<div>\n<p><b>\u00a0<\/b><\/p>\n<\/div>\n<\/div>\n","protected":false},"excerpt":{"rendered":"<div class=\"mh-excerpt\"><p>PREMIO GIANMARIA TESTA V edizione Aperto fino al 31 gennaio 2025 il bando per la nuova edizione del Premio Gianmaria Testa \u2013 Parole e Musica9 <a class=\"mh-excerpt-more\" href=\"https:\/\/www.piuomenopop.it\/index.php\/2025\/01\/06\/premio-gianmaria-testa-aperto-fino-al-31-gennaio-il-bando-9-marzo-2025-in-prevendita-la-serata-finale-con-stefano-bollani-e-valentina-cenni\/\" title=\"PREMIO GIANMARIA TESTA, aperto fino al 31 gennaio il bando &#8211; 9 marzo 2025 in prevendita la serata finale con STEFANO BOLLANI E VALENTINA CENNI\">[&#8230;]<\/a><\/p>\n<\/div>","protected":false},"author":45,"featured_media":88739,"comment_status":"closed","ping_status":"closed","sticky":false,"template":"","format":"standard","meta":{"sfsi_plus_gutenberg_text_before_share":"","sfsi_plus_gutenberg_show_text_before_share":"","sfsi_plus_gutenberg_icon_type":"","sfsi_plus_gutenberg_icon_alignemt":"","sfsi_plus_gutenburg_max_per_row":"","footnotes":"","_links_to":"","_links_to_target":""},"categories":[5184,2399,2859,4,3,457],"tags":[14348,14347,4091,2544,14349],"class_list":["post-88738","post","type-post","status-publish","format-standard","has-post-thumbnail","hentry","category-calendario-concerti","category-cantautorato","category-classica","category-interviste","category-news","category-rock","tag-comune-di-moncalieri","tag-premio-gianmaria-testa","tag-stefano-bollani","tag-torino","tag-valentina-cenni"],"aioseo_notices":[],"_links":{"self":[{"href":"https:\/\/www.piuomenopop.it\/index.php\/wp-json\/wp\/v2\/posts\/88738","targetHints":{"allow":["GET"]}}],"collection":[{"href":"https:\/\/www.piuomenopop.it\/index.php\/wp-json\/wp\/v2\/posts"}],"about":[{"href":"https:\/\/www.piuomenopop.it\/index.php\/wp-json\/wp\/v2\/types\/post"}],"author":[{"embeddable":true,"href":"https:\/\/www.piuomenopop.it\/index.php\/wp-json\/wp\/v2\/users\/45"}],"replies":[{"embeddable":true,"href":"https:\/\/www.piuomenopop.it\/index.php\/wp-json\/wp\/v2\/comments?post=88738"}],"version-history":[{"count":4,"href":"https:\/\/www.piuomenopop.it\/index.php\/wp-json\/wp\/v2\/posts\/88738\/revisions"}],"predecessor-version":[{"id":88743,"href":"https:\/\/www.piuomenopop.it\/index.php\/wp-json\/wp\/v2\/posts\/88738\/revisions\/88743"}],"wp:featuredmedia":[{"embeddable":true,"href":"https:\/\/www.piuomenopop.it\/index.php\/wp-json\/wp\/v2\/media\/88739"}],"wp:attachment":[{"href":"https:\/\/www.piuomenopop.it\/index.php\/wp-json\/wp\/v2\/media?parent=88738"}],"wp:term":[{"taxonomy":"category","embeddable":true,"href":"https:\/\/www.piuomenopop.it\/index.php\/wp-json\/wp\/v2\/categories?post=88738"},{"taxonomy":"post_tag","embeddable":true,"href":"https:\/\/www.piuomenopop.it\/index.php\/wp-json\/wp\/v2\/tags?post=88738"}],"curies":[{"name":"wp","href":"https:\/\/api.w.org\/{rel}","templated":true}]}}