{"id":88846,"date":"2025-01-23T17:03:49","date_gmt":"2025-01-23T16:03:49","guid":{"rendered":"https:\/\/www.piuomenopop.it\/?p=88846"},"modified":"2025-01-23T17:03:49","modified_gmt":"2025-01-23T16:03:49","slug":"afterhours-in-occasione-del-ventennale-uscira-in-primavera-una-nuova-edizione-di-ballate-per-piccole-iene-a-giugno-il-tour","status":"publish","type":"post","link":"https:\/\/www.piuomenopop.it\/index.php\/2025\/01\/23\/afterhours-in-occasione-del-ventennale-uscira-in-primavera-una-nuova-edizione-di-ballate-per-piccole-iene-a-giugno-il-tour\/","title":{"rendered":"AFTERHOURS: in occasione del ventennale uscir\u00e0 in primavera una nuova edizione di &#8220;Ballate per Piccole Iene&#8221;. A giugno il tour"},"content":{"rendered":"<p style=\"font-weight: 400; text-align: center;\"><strong>A 20 ANNI DALLA SUA PRIMA PUBBLICAZIONE USCIRA\u2019 IN PRIMAVERA LA RISTAMPA IN EDIZIONE SPECIALE DI \u201c<u>BALLATE PER PICCOLE IENE<\/u>\u201d<\/strong><\/p>\n<p style=\"font-weight: 400; text-align: center;\"><strong>PER L\u2019OCCASIONE MANUEL AGNELLI RIUNISCE LA BAND<\/strong><\/p>\n<p style=\"font-weight: 400; text-align: center;\"><strong>CON VITI, CIFFO E PRETTE<\/strong><\/p>\n<p style=\"font-weight: 400; text-align: center;\"><strong>IL TOUR CELEBRATIVO PARTIRA\u2019 A GIUGNO<\/strong><\/p>\n<p style=\"font-weight: 400;\"><em>\u00a0<\/em><\/p>\n<p style=\"font-weight: 400;\">A 20 anni dalla sua prima pubblicazione, \u201c<strong>Ballate per Piccole Iene<\/strong>\u201d, uno degli album pi\u00f9 iconici e rappresentativi della musica italiana,\u00a0sar\u00e0 ristampato in primavera in un\u2019edizione speciale in uscita per USM \/ Universal Music Italia.<\/p>\n<p style=\"font-weight: 400;\">\n<p style=\"font-weight: 400;\">Per l\u2019occasione\u00a0<strong>Manuel Agnelli\u00a0<\/strong>ha deciso di tornare sul palco con la band di allora, composta da\u00a0<strong>Andrea Viti<\/strong>\u00a0(basso),\u00a0<strong>Dario Ciffo<\/strong>\u00a0(violino, chitarra) e\u00a0<strong>Giorgio Prette<\/strong>\u00a0(batteria).<\/p>\n<p style=\"font-weight: 400;\">\n<p style=\"font-weight: 400;\"><em>Qualche mese fa, quando \u00e8 emersa la possibilit\u00e0 di ripubblicare \u201cBallate per Piccole Iene\u201d\u00a0<\/em>&#8211; racconta\u00a0<strong>Manuel Agnelli\u00a0<\/strong>&#8211;<em>\u00a0continuavo a raccogliere richieste di ascoltarlo di nuovo live, integralmente. \u00c8 stato in quel momento che mi \u00e8 venuta l\u2019idea che suonarlo dal vivo, con la band di allora, avrebbe dato un senso pi\u00f9 profondo al tutto. \u00c8 bastata una telefonata ai compagni di strada di quella stagione. Dopo due ore, la band era di nuovo riunita.<\/em><\/p>\n<p style=\"font-weight: 400;\"><em>Questa \u00e8 un po\u2019 la \u201cmagia\u201d del progetto Afterhours. \u00c8 stato cos\u00ec tante cose, ha avuto cos\u00ec tante formazioni, che ti permette di rimetterti in strada senza contattare la nostalgia ma solo energie nuove.<\/em><\/p>\n<p style=\"font-weight: 400;\">\n<p style=\"font-weight: 400;\">La storica formazione sar\u00e0 in tour in estate: 16\u00a0date per riportare live lo spirito e la forza di \u201c<strong>Ballate per Piccole Iene<\/strong>\u201d<\/p>\n<p>Il tour partir\u00e0 da Bologna il 26 giugno. A seguire le date<\/p>\n<p style=\"font-weight: 400;\">\n<p style=\"font-weight: 400;\">\n<p style=\"font-weight: 400;\"><strong>BALLATE PER PICCOLE IENE TOUR 2025<\/strong><\/p>\n<p style=\"font-weight: 400;\">\n<p style=\"font-weight: 400;\">26.06 &#8211;\u00a0<strong>Bologna<\/strong>\u00a0&#8211;\u00a0<u>Sequoie Music Park\u00a0\u00a0<\/u><\/p>\n<p style=\"font-weight: 400;\">28.06 &#8211;\u00a0<strong>Firenze<\/strong>\u00a0&#8211;\u00a0<u>Anfiteatro Delle Cascine Ernesto De Pascale\u00a0<\/u><\/p>\n<p style=\"font-weight: 400;\">02.07 &#8211;\u00a0<strong>Genova<\/strong>\u00a0&#8211;\u00a0<u>Balena Festival<\/u>\u00a0&#8211; Porto Antico<\/p>\n<p style=\"font-weight: 400;\">03.07 &#8211;\u00a0<strong>Torino<\/strong>\u00a0\u2013\u00a0<u>Flowers Festival<\/u><\/p>\n<p style=\"font-weight: 400;\">06.07 &#8211;\u00a0<strong>Roma<\/strong>\u00a0&#8211;\u00a0<u>Roma Summer Fest<\/u>\u00a0&#8211;\u00a0Auditorium Parco della Musica Ennio Morricone &#8211; Cavea<\/p>\n<p style=\"font-weight: 400;\">08.07 &#8211;\u00a0<strong>Milano<\/strong>\u00a0&#8211;\u00a0<u>Carroponte<\/u><\/p>\n<p style=\"font-weight: 400;\">09.07 &#8211;\u00a0<strong>Padova<\/strong>\u00a0&#8211;\u00a0<u>Sherwood Festival\u00a0<\/u><\/p>\n<p style=\"font-weight: 400;\">15.07 &#8211;\u00a0<strong>Brescia<\/strong>\u00a0\u2013\u00a0<u>Brescia Summer Music<\/u>\u00a0&#8211; Arena Campo Marte<\/p>\n<p style=\"font-weight: 400;\">19.07 &#8211;\u00a0<strong>Pordenone<\/strong>\u00a0&#8211;\u00a0<u>Pordenone Blues &amp; C. Festival<\/u><\/p>\n<p style=\"font-weight: 400;\">23.07 &#8211;\u00a0<strong>Napoli<\/strong>\u00a0&#8211;\u00a0<u>Noisy Naples Fest<\/u>\u00a0&#8211;\u00a0Arena Flegrea<\/p>\n<p style=\"font-weight: 400;\">25.07 &#8211;\u00a0<strong>Servigliano<\/strong>\u00a0(FM) &#8211;\u00a0<u>NoSound Fest<\/u>\u00a0&#8211; Parco Della Pace<\/p>\n<p style=\"font-weight: 400;\">26.07 &#8211;\u00a0<strong>Bellaria Igea Marina<\/strong>\u00a0(RN) &#8211;\u00a0<u>Beky Bay\u00a0\u00a0\u00a0<\/u><\/p>\n<p style=\"font-weight: 400;\">01.08 &#8211;\u00a0<strong>Cagliari<\/strong>\u00a0&#8211; TBA<\/p>\n<p style=\"font-weight: 400;\">03.08 &#8211;\u00a0<strong>Assisi<\/strong>\u00a0(PG) &#8211;\u00a0<u>Rocca Maggiore\u00a0\u00a0<\/u><\/p>\n<p style=\"font-weight: 400;\">08.08 &#8211;\u00a0<strong>Locorotondo<\/strong>\u00a0(BA) &#8211;\u00a0<u>Locus Festival<\/u><\/p>\n<p style=\"font-weight: 400;\">13.08 &#8211;\u00a0<strong>Zafferana Etnea<\/strong>\u00a0(CT) &#8211;\u00a0<u>Anfiteatro Falcone e Borsellino<\/u><\/p>\n<p style=\"font-weight: 400;\">\n<p style=\"font-weight: 400;\"><strong>I biglietti saranno disponibili a partire dalle 14:00 di venerd\u00ec 24 gennaio<em>\u00a0<\/em>su MC2Live.it, Vivaticket.com e circuiti autorizzati.<\/strong><\/p>\n<p style=\"font-weight: 400;\">\n<p style=\"font-weight: 400;\">VIVATICKET<\/p>\n<p style=\"font-weight: 400;\"><a href=\"https:\/\/www.vivaticket.com\/it\/artist\/afterhours\/100385\" data-saferedirecturl=\"https:\/\/www.google.com\/url?q=https:\/\/www.vivaticket.com\/it\/artist\/afterhours\/100385&amp;source=gmail&amp;ust=1737734159498000&amp;usg=AOvVaw0SfycTItr0qYk_lVJhvM4I\">https:\/\/www.vivaticket.com\/it\/artist\/afterhours\/100385<\/a><\/p>\n<p style=\"font-weight: 400;\">\n<p style=\"font-weight: 400;\">MC2LIVE<\/p>\n<p style=\"font-weight: 400;\"><a href=\"https:\/\/mc2live.it\/artista\/afterhours\/\" data-saferedirecturl=\"https:\/\/www.google.com\/url?q=https:\/\/mc2live.it\/artista\/afterhours\/&amp;source=gmail&amp;ust=1737734159498000&amp;usg=AOvVaw3APRInBTsg-uVV0YWw4eTa\">https:\/\/mc2live.it\/artista\/afterhours\/<\/a><\/p>\n","protected":false},"excerpt":{"rendered":"<div class=\"mh-excerpt\"><p>A 20 ANNI DALLA SUA PRIMA PUBBLICAZIONE USCIRA\u2019 IN PRIMAVERA LA RISTAMPA IN EDIZIONE SPECIALE DI \u201cBALLATE PER PICCOLE IENE\u201d PER L\u2019OCCASIONE MANUEL AGNELLI RIUNISCE <a class=\"mh-excerpt-more\" href=\"https:\/\/www.piuomenopop.it\/index.php\/2025\/01\/23\/afterhours-in-occasione-del-ventennale-uscira-in-primavera-una-nuova-edizione-di-ballate-per-piccole-iene-a-giugno-il-tour\/\" title=\"AFTERHOURS: in occasione del ventennale uscir\u00e0 in primavera una nuova edizione di &#8220;Ballate per Piccole Iene&#8221;. A giugno il tour\">[&#8230;]<\/a><\/p>\n<\/div>","protected":false},"author":2,"featured_media":88847,"comment_status":"closed","ping_status":"closed","sticky":false,"template":"","format":"standard","meta":{"sfsi_plus_gutenberg_text_before_share":"","sfsi_plus_gutenberg_show_text_before_share":"","sfsi_plus_gutenberg_icon_type":"","sfsi_plus_gutenberg_icon_alignemt":"","sfsi_plus_gutenburg_max_per_row":"","footnotes":"","_links_to":"","_links_to_target":""},"categories":[5184,3,8],"tags":[14359,6020],"class_list":["post-88846","post","type-post","status-publish","format-standard","has-post-thumbnail","hentry","category-calendario-concerti","category-news","category-uscite","tag-afterhour","tag-ballate-per-piccole-iene"],"aioseo_notices":[],"_links":{"self":[{"href":"https:\/\/www.piuomenopop.it\/index.php\/wp-json\/wp\/v2\/posts\/88846","targetHints":{"allow":["GET"]}}],"collection":[{"href":"https:\/\/www.piuomenopop.it\/index.php\/wp-json\/wp\/v2\/posts"}],"about":[{"href":"https:\/\/www.piuomenopop.it\/index.php\/wp-json\/wp\/v2\/types\/post"}],"author":[{"embeddable":true,"href":"https:\/\/www.piuomenopop.it\/index.php\/wp-json\/wp\/v2\/users\/2"}],"replies":[{"embeddable":true,"href":"https:\/\/www.piuomenopop.it\/index.php\/wp-json\/wp\/v2\/comments?post=88846"}],"version-history":[{"count":1,"href":"https:\/\/www.piuomenopop.it\/index.php\/wp-json\/wp\/v2\/posts\/88846\/revisions"}],"predecessor-version":[{"id":88848,"href":"https:\/\/www.piuomenopop.it\/index.php\/wp-json\/wp\/v2\/posts\/88846\/revisions\/88848"}],"wp:featuredmedia":[{"embeddable":true,"href":"https:\/\/www.piuomenopop.it\/index.php\/wp-json\/wp\/v2\/media\/88847"}],"wp:attachment":[{"href":"https:\/\/www.piuomenopop.it\/index.php\/wp-json\/wp\/v2\/media?parent=88846"}],"wp:term":[{"taxonomy":"category","embeddable":true,"href":"https:\/\/www.piuomenopop.it\/index.php\/wp-json\/wp\/v2\/categories?post=88846"},{"taxonomy":"post_tag","embeddable":true,"href":"https:\/\/www.piuomenopop.it\/index.php\/wp-json\/wp\/v2\/tags?post=88846"}],"curies":[{"name":"wp","href":"https:\/\/api.w.org\/{rel}","templated":true}]}}