{"id":89074,"date":"2025-02-05T18:49:55","date_gmt":"2025-02-05T17:49:55","guid":{"rendered":"https:\/\/www.piuomenopop.it\/?p=89074"},"modified":"2025-02-05T18:51:05","modified_gmt":"2025-02-05T17:51:05","slug":"primavera-sound-annunciato-il-programma-del-primavera-a-la-ciutat","status":"publish","type":"post","link":"https:\/\/www.piuomenopop.it\/index.php\/2025\/02\/05\/primavera-sound-annunciato-il-programma-del-primavera-a-la-ciutat\/","title":{"rendered":"PRIMAVERA SOUND: annunciato il programma del PRIMAVERA A LA CIUTAT"},"content":{"rendered":"<table class=\"m_-8940830021236612707templateContainer\" border=\"0\" width=\"100%\" cellspacing=\"0\" cellpadding=\"0\">\n<tbody>\n<tr>\n<td id=\"m_-8940830021236612707templateHeader\" valign=\"top\">\n<table border=\"0\" width=\"100%\" cellspacing=\"0\" cellpadding=\"0\">\n<tbody>\n<tr>\n<td valign=\"top\">\n<table class=\"m_-8940830021236612707mcnTextContentContainer\" border=\"0\" width=\"100%\" cellspacing=\"0\" cellpadding=\"0\" align=\"left\">\n<tbody>\n<tr>\n<td class=\"m_-8940830021236612707mcnTextContent\" valign=\"top\">\n<div>\n<p style=\"text-align: center;\"><strong>Primavera Sound 2025<\/strong><\/p>\n<p style=\"text-align: center;\"><strong>si arricchisce con il programma del<\/strong><\/p>\n<p style=\"text-align: center;\"><strong>Primavera a la Ciutat<\/strong><\/p>\n<p dir=\"ltr\" role=\"presentation\"><strong>Nil\u00fcfer Yanya, Kneecap, Peter Doherty, Tinariwen, Christopher Owens, Lambrini Girls, Seefeel, Allie X e Youth Lagoon\u00a0<\/strong>sono alcuni dei nomi che fanno parte della line-up<\/p>\n<p dir=\"ltr\" role=\"presentation\"><strong>Beach House, The Jesus Lizard, Kim Deal, Los Campesinos!, Salem, Chat Pile, Fcukers e Horsegirl\u00a0<\/strong>aggiungono nuovi concerti in diverse location in giro per la citt\u00e0 durante la settimana del festival<\/p>\n<p dir=\"ltr\" role=\"presentation\"><strong>Dal 2 all\u20198 giugno, sette location a Barcellona ospiteranno 56 spettacoli per un\u2019intera settimana di musica<\/strong><\/p>\n<p dir=\"ltr\" role=\"presentation\">Inoltre, sempre come parte del Primavera a la Ciutat,<strong>\u00a0il Primavera Pro presenter\u00e0 al CCCB 22 concerti gratuiti che si svolgeranno durante il giorno<\/strong><\/p>\n<\/div>\n<\/td>\n<\/tr>\n<\/tbody>\n<\/table>\n<\/td>\n<\/tr>\n<\/tbody>\n<\/table>\n<table border=\"0\" width=\"100%\" cellspacing=\"0\" cellpadding=\"0\">\n<tbody>\n<tr>\n<td valign=\"top\">\n<table border=\"0\" width=\"100%\" cellspacing=\"0\" cellpadding=\"0\" align=\"left\">\n<tbody>\n<tr>\n<td valign=\"top\"><img decoding=\"async\" class=\"m_-8940830021236612707mcnImage CToWUd a6T aligncenter\" tabindex=\"0\" src=\"https:\/\/ci3.googleusercontent.com\/meips\/ADKq_Navn6vi8c8CJAG1RXQ1OBHCKI2gZILa-gTfIGaI4oJ2uCCEOMppSJYC9FcHrvDWyJM05WPtXY0r9t3Vigwpqpg5ZlIdPQAz_EEZOiHEg4t86SbUobnLwA0QN8FfB4snsV8blY-N7wd7_8PEUeDyVmGGHAmbvSTYAOI=s0-d-e1-ft#https:\/\/mcusercontent.com\/3b9e2672184dbb7678ba36b45\/images\/1b7a17a6-dc78-819e-3d4a-6237e6994f99.jpg\" alt=\"\" width=\"600\" align=\"center\" data-bit=\"iit\" \/><\/td>\n<\/tr>\n<\/tbody>\n<\/table>\n<\/td>\n<\/tr>\n<\/tbody>\n<\/table>\n<\/td>\n<\/tr>\n<tr>\n<td id=\"m_-8940830021236612707templateBody\" valign=\"top\">\n<table border=\"0\" width=\"100%\" cellspacing=\"0\" cellpadding=\"0\">\n<tbody>\n<tr>\n<td valign=\"top\">\n<table class=\"m_-8940830021236612707mcnTextContentContainer\" border=\"0\" width=\"100%\" cellspacing=\"0\" cellpadding=\"0\" align=\"left\">\n<tbody>\n<tr>\n<td class=\"m_-8940830021236612707mcnTextContent\" valign=\"top\">\n<p dir=\"ltr\">Il Primavera Sound Barcelona non \u00e8 solo ci\u00f2 che accade durante i tre giorni principali di festival all\u2019interno del Parc del F\u00f2rum, ma \u00e8 molto, molto di pi\u00f9. E il fatto che questa sia una tradizione che fa parte dell\u2019identit\u00e0 del festival non significa che non meriti di essere evidenziata:\u00a0<strong>questo particolare format\u00a0cittadino, che trasforma il Primavera Sound in un\u2019avventura multi-schermo<\/strong>, \u00e8 unico nel suo genere.<\/p>\n<p>Il Primavera Sound Barcelona 2025 cresce ancora di pi\u00f9 grazie alla spinta del\u00a0<strong>Primavera a la Ciutat<\/strong>\u00a0che, ancora una volta, mette in pratica l\u2019idea di creare un evento veramente integrato nella citt\u00e0 che lo ospita. Ora che \u00e8 stata svelata la lineup di questo programma parallelo, la 23\u00aa edizione del festival sta gi\u00e0 organizzando\u00a0<strong>un\u2019intera settimana di musica che inizier\u00e0 luned\u00ec 2 giugno e durer\u00e0 fino a domenica 8 giugno<\/strong>. Sui palchi del Parc del F\u00f2rum e nelle sedi dei concerti; di giorno e di notte; su larga scala e in maniera pi\u00f9 intima.<\/p>\n<p dir=\"ltr\"><strong>Una vita in pi\u00f9.<\/strong>\u00a0Ben quattordici artisti e band, che facevano gi\u00e0 parte della lineup di quest\u2019anno del Primavera Sound Barcelona, si esibiranno non solo durante i giorni principali di festival ma anche al Primavera a la Ciutat. Come i\u00a0<strong>Beach House<\/strong>, che ripercorreranno la loro collezione di ninna nanne dream-pop in una rara apparizione al Razzmatazz. E\u00a0<strong>The Jesus Lizard<\/strong>, che celebreranno doppiamente il fatto di aver pubblicato un altro album dopo pi\u00f9 di un quarto di secolo. E l&#8217;eroina indie\u00a0<strong>Kim Deal<\/strong>, finalmente pronta ad arricchire la propria leggenda con il suo progetto solista. E il per sempre misterioso\u00a0<strong>Salem<\/strong>. Insieme a\u00a0<strong>Los Campesinos!,<\/strong>\u00a0che presenteranno &#8220;<em>All Hell&#8221;,<\/em>\u00a0la cui emozione \u00e8 talmente grande da non poter essere contenuta in un solo concerto. E\u00a0<strong>Fcukers<\/strong>\u00a0e\u00a0<strong>Kelly Lee Owens<\/strong>\u00a0con un DJ set in una serata sponsorizzata da BBC Radio 6 Music, che ospiter\u00e0 anche una sessione di Nathan Shepherd, presentatore di Indie Forever sulla radio britannica, nonch\u00e9\u00a0<strong>Chat Pile, Frost Children, Horsegirl, Momma, Cap&#8217;n Jazz, Dehd\u00a0<\/strong>e<strong>\u00a0Machine Girl.<\/strong><\/p>\n<p>Tutti questi artisti offriranno ai loro fan una vita in pi\u00f9 nell\u2019ambito del Primavera a la Ciutat.<\/p>\n<p dir=\"ltr\"><strong>Pi\u00f9 Primavera Sound.<\/strong>\u00a0Dall\u2019altra parte il Primavera Sound Barcelona 2025 cresce ulteriormente grazie all\u2019inclusione di numerosi progetti musicali che si esibiranno in esclusiva al Primavera a la Ciutat. Dal rock di\u00a0<strong>Nil\u00fcfer Yanya<\/strong>, ai\u00a0<strong>Kneecap<\/strong>\u00a0dell\u2019Irlanda del Nord, protagonisti del biopic musicale dell\u2019anno, al cantastorie\u00a0<strong>Peter Doherty<\/strong>, alla band Tuareg\u00a0<strong>Tinariwen<\/strong>, alla riapparizione di\u00a0<strong>Christopher Owens<\/strong>\u00a0in un nuovo capitolo della sua vita dopo Girls, ad\u00a0<strong>Allie X<\/strong>\u00a0con il suo gothic pop, al camaleontico\u00a0<strong>Youth Lagoon<\/strong>, alla rivelazione\u00a0<strong>Lambrini Girls<\/strong>, all\u2019artista francese\u00a0<strong>Yseult<\/strong>, ai pionieri\u00a0<strong>Seefeel<\/strong>, ad una festa organizzata dall\u2019etichetta britannica\u00a0<strong>Young Recordings<\/strong>\u00a0e al post-punk dei\u00a0<strong>La Plata<\/strong>. Insomma, praticamente un festival parallelo al festival stesso, capace di fondere insieme Primavera Sound e Barcellona.<\/p>\n<p dir=\"ltr\"><strong>Nei locali\u2026 e al CCCB con il Primavera Pro<\/strong>. Tutte queste proposte (e altre) si svolgeranno presso la Sala Apolo, La (2) d&#8217;Apolo, Razzmatazz, Paral\u00b7lel 62, LAUT, La Nau e Enfants:\u00a0sette location con cui il Primavera Sound ha gi\u00e0 collaborato durante l\u2019anno, grazie al calendario del Primavera Tours.\u00a0<strong>I concerti del Primavera a la Ciutat inizieranno luned\u00ec 2 giugno<\/strong>, segnando l\u2019inizio della settimana del Primavera Sound Barcelona, e spianeranno la strada verso i giorni principali del festival con attivit\u00e0 il marted\u00ec e il mercoled\u00ec. Infine, domenica 8 giugno, ci si potr\u00e0 godere le ultime ore di questa edizione del\u00a0Primavera Sound Barcelona in diverse location della citt\u00e0.<\/p>\n<p>Inoltre, il\u00a0<strong>Primavera Pro presenter\u00e0 22 concerti gratuiti al CCCB<\/strong>\u00a0il mercoled\u00ec, gioved\u00ec e venerd\u00ec. In questo modo, l\u2019incontro fra professionisti che avviene al Primavera Sound si integra nel programma del Primavera a la Ciutat, riunendo durante il giorno artisti locali ancora da scoprire e artisti provenienti dall\u2019Argentina, Costa Rica, Bulgaria, Norvegia, Regno Unito, Austria, Irlanda, Francia, Paesi Bassi, Lussemburgo, Indonesia, Corea del Sud e Australia. Il palco del CCCB sar\u00e0 la vetrina perfetta per proposte provenienti da tutto il mondo (selezionate con la stessa meticolosa cura usata per il resto delle attivit\u00e0 del Primavera Sound Barcelona 2025) come\u00a0<strong>JENYS, xicu, Niamh Bury, Remei de Ca la Fresca, OSKA\u00a0<\/strong>e<strong>\u00a0Juana Aguirre.<\/strong><\/p>\n<p dir=\"ltr\"><strong>Come funziona.\u00a0<\/strong>Il programma del Primavera a la Ciutat \u00e8 incluso nell\u2019abbonamento completo per il Primavera Sound 2025 e nell\u2019abbonamento VIP.\u00a0Per i possessori sar\u00e0 possibile accedere a un processo di pre-prenotazione, i cui dettagli saranno annunciati presto. Per partecipare ai concerti presso la Sala Apolo, La (2) de Apolo, Razzmatazz, Paral\u00b7lel 62, LAUT, La Nau e Enfants sar\u00e0 necessario prenotarsi tramite l\u2019app AccessTicket. Inoltre, limitati biglietti per ogni concerto verranno messi in vendita su Fever. I concerti al CCCB, invece, saranno gratuiti.<\/p>\n<p dir=\"ltr\"><strong><a href=\"https:\/\/astarteagency.us12.list-manage.com\/track\/click?u=3b9e2672184dbb7678ba36b45&amp;id=28c7ba259e&amp;e=2dbdabe9d8\" target=\"_blank\" rel=\"noopener\" data-saferedirecturl=\"https:\/\/www.google.com\/url?q=https:\/\/astarteagency.us12.list-manage.com\/track\/click?u%3D3b9e2672184dbb7678ba36b45%26id%3D28c7ba259e%26e%3D2dbdabe9d8&amp;source=gmail&amp;ust=1738855540890000&amp;usg=AOvVaw2sM1CzEBTd-SsgNVPL4Hl3\">Consulta le date e le location sul sito del Primavera Sound.<\/a><\/strong><\/p>\n<p dir=\"ltr\"><em>Il Primavera Sound Barcelona 2025 ha il sostegno di Estrella Damm, Cupra e Revolut come partner strategici. A loro si aggiunge la partecipazione essenziale di Schwarzkopf, Trainline, Aperol e Adidas come partner;\u00a0Perrier, Red Bull e Coca-Cola come collaboratori e Fever come punto vendita ufficiale. Inoltre, il festival ha come collaboratori istituzionali il Comune di Barcellona, il Dipartimento della cultura della Generalitat de Catalunya, l\u2019Institut Catal\u00e0 de les Empreses Culturals (ICEC), il CCCB e il Ministero della Cultura e dello Sport del Governo Spagnolo. Il loro sostegno rende possibile continuare a migliorare il festival in cui crediamo, sia dal punto di vista musicale che da tutto ci\u00f2 che lo circonda. Grazie mille a tutti voi per la vostra fiducia nel Primavera Sound.<\/em><\/p>\n<\/td>\n<\/tr>\n<\/tbody>\n<\/table>\n<\/td>\n<\/tr>\n<\/tbody>\n<\/table>\n<\/td>\n<\/tr>\n<\/tbody>\n<\/table>\n","protected":false},"excerpt":{"rendered":"<div class=\"mh-excerpt\"><p>Primavera Sound 2025 si arricchisce con il programma del Primavera a la Ciutat Nil\u00fcfer Yanya, Kneecap, Peter Doherty, Tinariwen, Christopher Owens, Lambrini Girls, Seefeel, Allie <a class=\"mh-excerpt-more\" href=\"https:\/\/www.piuomenopop.it\/index.php\/2025\/02\/05\/primavera-sound-annunciato-il-programma-del-primavera-a-la-ciutat\/\" title=\"PRIMAVERA SOUND: annunciato il programma del PRIMAVERA A LA CIUTAT\">[&#8230;]<\/a><\/p>\n<\/div>","protected":false},"author":2,"featured_media":89075,"comment_status":"closed","ping_status":"closed","sticky":false,"template":"","format":"standard","meta":{"sfsi_plus_gutenberg_text_before_share":"","sfsi_plus_gutenberg_show_text_before_share":"","sfsi_plus_gutenberg_icon_type":"","sfsi_plus_gutenberg_icon_alignemt":"","sfsi_plus_gutenburg_max_per_row":"","footnotes":"","_links_to":"","_links_to_target":""},"categories":[5184,730,3],"tags":[1565,14376],"class_list":["post-89074","post","type-post","status-publish","format-standard","has-post-thumbnail","hentry","category-calendario-concerti","category-festival","category-news","tag-primavera-a-la-ciutat","tag-primavera-sound-2025"],"aioseo_notices":[],"_links":{"self":[{"href":"https:\/\/www.piuomenopop.it\/index.php\/wp-json\/wp\/v2\/posts\/89074","targetHints":{"allow":["GET"]}}],"collection":[{"href":"https:\/\/www.piuomenopop.it\/index.php\/wp-json\/wp\/v2\/posts"}],"about":[{"href":"https:\/\/www.piuomenopop.it\/index.php\/wp-json\/wp\/v2\/types\/post"}],"author":[{"embeddable":true,"href":"https:\/\/www.piuomenopop.it\/index.php\/wp-json\/wp\/v2\/users\/2"}],"replies":[{"embeddable":true,"href":"https:\/\/www.piuomenopop.it\/index.php\/wp-json\/wp\/v2\/comments?post=89074"}],"version-history":[{"count":3,"href":"https:\/\/www.piuomenopop.it\/index.php\/wp-json\/wp\/v2\/posts\/89074\/revisions"}],"predecessor-version":[{"id":89078,"href":"https:\/\/www.piuomenopop.it\/index.php\/wp-json\/wp\/v2\/posts\/89074\/revisions\/89078"}],"wp:featuredmedia":[{"embeddable":true,"href":"https:\/\/www.piuomenopop.it\/index.php\/wp-json\/wp\/v2\/media\/89075"}],"wp:attachment":[{"href":"https:\/\/www.piuomenopop.it\/index.php\/wp-json\/wp\/v2\/media?parent=89074"}],"wp:term":[{"taxonomy":"category","embeddable":true,"href":"https:\/\/www.piuomenopop.it\/index.php\/wp-json\/wp\/v2\/categories?post=89074"},{"taxonomy":"post_tag","embeddable":true,"href":"https:\/\/www.piuomenopop.it\/index.php\/wp-json\/wp\/v2\/tags?post=89074"}],"curies":[{"name":"wp","href":"https:\/\/api.w.org\/{rel}","templated":true}]}}