{"id":89142,"date":"2025-02-11T15:45:03","date_gmt":"2025-02-11T14:45:03","guid":{"rendered":"https:\/\/www.piuomenopop.it\/?p=89142"},"modified":"2025-02-11T15:56:03","modified_gmt":"2025-02-11T14:56:03","slug":"negrita-la-data-di-uscita-del-nuovo-disco-canzoni-per-anni-spietati-e-il-28-marzo-2025","status":"publish","type":"post","link":"https:\/\/www.piuomenopop.it\/index.php\/2025\/02\/11\/negrita-la-data-di-uscita-del-nuovo-disco-canzoni-per-anni-spietati-e-il-28-marzo-2025\/","title":{"rendered":"NEGRITA \/\/ LA DATA DI USCITA DEL NUOVO DISCO &#8220;CANZONI PER ANNI SPIETATI&#8221; \u00c8 IL 28 MARZO 2025"},"content":{"rendered":"<p style=\"text-align: center;\"><strong>N E G R I T A<\/strong><\/p>\n<p style=\"text-align: center;\"><strong>IL NUOVO ALBUM<\/strong><br \/>\n<strong><em>\u201cCANZONI PER ANNI SPIETATI\u201d<\/em><\/strong><br \/>\n<strong>(USM\/UNIVERSAL)<\/strong><br \/>\n<strong>\u00a0<\/strong><br \/>\n<strong><em><u>IN USCITA VENERD\u00cc 28 MARZO<\/u><\/em><\/strong><br \/>\n<strong>[PRE-ORDER AL LINK\u00a0<a href=\"https:\/\/gmail.us6.list-manage.com\/track\/click?u=fe69587fffb99aa86b4f79942&amp;id=759be69947&amp;e=bd553abb6f\" target=\"_blank\" rel=\"noopener\" data-saferedirecturl=\"https:\/\/www.google.com\/url?q=https:\/\/gmail.us6.list-manage.com\/track\/click?u%3Dfe69587fffb99aa86b4f79942%26id%3D759be69947%26e%3Dbd553abb6f&amp;source=gmail&amp;ust=1739370620168000&amp;usg=AOvVaw03p-yHncqw-9Ew453Hj3t-\">https:\/\/negrita.lnk.to\/CPAS<\/a>]<\/strong><\/p>\n<p style=\"text-align: center;\">PER FESTEGGIARE CON I PROPRI FAN L\u2019USCITA DEL NUOVO DISCO<br \/>\nLA BAND DAR\u00c0 AD ALCUNI DI LORO L&#8217;OPPORTUNIT\u00c0 DI INCONTRARLI<br \/>\nNELLE TAPPE DEL<br \/>\n<strong><em><u>\u201cNEGRITA &#8211; CANZONI PER ANNI SPIETATI TOUR\u201d<\/u><\/em><\/strong><br \/>\nOCCORRER\u00c0 PRE ORDINARE IL DISCO ED ESSERE IN POSSESSO O ACQUISTARE<br \/>\nUNO DEI BIGLIETTI DEL TOUR<\/p>\n<p style=\"text-align: center;\"><strong>Link alle prevendite e info:<a href=\"https:\/\/gmail.us6.list-manage.com\/track\/click?u=fe69587fffb99aa86b4f79942&amp;id=5e45496840&amp;e=bd553abb6f\" target=\"_blank\" rel=\"noopener\" data-saferedirecturl=\"https:\/\/www.google.com\/url?q=https:\/\/gmail.us6.list-manage.com\/track\/click?u%3Dfe69587fffb99aa86b4f79942%26id%3D5e45496840%26e%3Dbd553abb6f&amp;source=gmail&amp;ust=1739370620168000&amp;usg=AOvVaw2E2UzfSvxdXYTfpq-wLjaO\">\u00a0http:\/\/www.mc2live.it\u00a0<\/a>e\u00a0<a href=\"https:\/\/gmail.us6.list-manage.com\/track\/click?u=fe69587fffb99aa86b4f79942&amp;id=b236d00e09&amp;e=bd553abb6f\" target=\"_blank\" rel=\"noopener\" data-saferedirecturl=\"https:\/\/www.google.com\/url?q=https:\/\/gmail.us6.list-manage.com\/track\/click?u%3Dfe69587fffb99aa86b4f79942%26id%3Db236d00e09%26e%3Dbd553abb6f&amp;source=gmail&amp;ust=1739370620168000&amp;usg=AOvVaw1NT9VWLjQ2QSXUo8BcDCHC\">http:\/\/www.vivaticket.com<\/a><\/strong><\/p>\n<div>\n<p>Dopo l&#8217;ottima accoglienza ricevuta dai primi due singoli,\u00a0<strong>\u201cNon Esistono Innocenti Amico Mio\u201d<\/strong>\u00a0e\u00a0<strong>\u201cNoi Siamo Gli Altri\u201d<\/strong>, arriva l&#8217;atteso annuncio: il nuovo album dei Negrita, &#8220;<strong>Canzoni Per Anni Spietati<\/strong>&#8221; (Usm\/Universal), sar\u00e0 disponibile dal\u00a0<strong>28 marzo 2025\u00a0<\/strong>e il pre-order \u00e8 ufficialmente aperto al link\u00a0<a href=\"https:\/\/gmail.us6.list-manage.com\/track\/click?u=fe69587fffb99aa86b4f79942&amp;id=c271642441&amp;e=bd553abb6f\" target=\"_blank\" rel=\"noopener\" data-saferedirecturl=\"https:\/\/www.google.com\/url?q=https:\/\/gmail.us6.list-manage.com\/track\/click?u%3Dfe69587fffb99aa86b4f79942%26id%3Dc271642441%26e%3Dbd553abb6f&amp;source=gmail&amp;ust=1739370620168000&amp;usg=AOvVaw0C1zrk6EZ_BwyrGXIq2GdF\">https:\/\/negrita.lnk.to\/CPAS<\/a>.<\/p>\n<p>Il disco rappresenta il nuovo atteso capitolo artistico della band, un concept album, un vero e proprio atto di libert\u00e0 creativa e di pensiero che arriva a sette anni di distanza dall&#8217;ultimo lavoro in studio.<\/p>\n<p>A impreziosire l\u2019annuncio, i Negrita svelano anche la copertina del nuovo album, una scelta grafica che si distingue per la sua essenzialit\u00e0 e potenza comunicativa.\u00a0<strong>Nessuna immagine, solo parole.<\/strong>\u00a0Il titolo\u00a0<em>\u201cCanzoni Per Anni Spietati\u201d<\/em>\u00a0campeggia da solo, senza distrazioni visive, a sottolineare l\u2019urgenza del messaggio e la centralit\u00e0 dei contenuti del disco. In un\u2019epoca in cui l\u2019immagine domina su tutto, la band decide di andare controcorrente, riaffermando il valore della parola scritta e l\u2019importanza di un album che nasce per essere ascoltato, vissuto e interiorizzato senza filtri.<\/p>\n<p>Per festeggiare con i propri fan l\u2019uscita del nuovo disco, la band ha pensato di incontrare alcuni di loro in un esclusivo\u00a0<strong>Meet &amp; Greet<\/strong>\u00a0nelle venue dei concerti del\u00a0<strong>\u201cNegrita &#8211; Canzoni Per Anni Spietati Tour\u201d<\/strong>. Questa possibilit\u00e0 sar\u00e0 data a chi avr\u00e0 effettuato il pre-order dell\u2019album in qualsiasi formato sullo shop di\u00a0<strong>Universal Music\u00a0<\/strong>e avr\u00e0 acquistato o acquister\u00e0 un biglietto per una delle date tour.<br \/>\nMaggiori info su\u00a0<a href=\"https:\/\/gmail.us6.list-manage.com\/track\/click?u=fe69587fffb99aa86b4f79942&amp;id=fcd1b8e8da&amp;e=bd553abb6f\" target=\"_blank\" rel=\"noopener\" data-saferedirecturl=\"https:\/\/www.google.com\/url?q=https:\/\/gmail.us6.list-manage.com\/track\/click?u%3Dfe69587fffb99aa86b4f79942%26id%3Dfcd1b8e8da%26e%3Dbd553abb6f&amp;source=gmail&amp;ust=1739370620168000&amp;usg=AOvVaw3D1GHTlTyrzloW57mOJ205\">https:\/\/shop.universalmusic.<wbr \/>it\/collections\/negrita<\/a>.<\/p>\n<p><strong>&#8220;<em>Non Esistono Innocenti Amico Mio<\/em>&#8220;<\/strong>\u00a0(<a href=\"https:\/\/gmail.us6.list-manage.com\/track\/click?u=fe69587fffb99aa86b4f79942&amp;id=8525845e78&amp;e=bd553abb6f\" target=\"_blank\" rel=\"noopener\" data-saferedirecturl=\"https:\/\/www.google.com\/url?q=https:\/\/gmail.us6.list-manage.com\/track\/click?u%3Dfe69587fffb99aa86b4f79942%26id%3D8525845e78%26e%3Dbd553abb6f&amp;source=gmail&amp;ust=1739370620168000&amp;usg=AOvVaw2tfIvKNpEpJNqVmEysw5hJ\">videoclip ufficiale<\/a>), pubblicato il 27 settembre scorso. Presentato live durante la grande festa per celebrare i 30 anni di carriera, il brano ha subito catturato l\u2019attenzione per il suo testo intenso e la carica emotiva, confermando i Negrita come una delle band pi\u00f9 autentiche e critiche del panorama musicale italiano.<\/p>\n<p><strong><em>\u201cNoi Siamo Gli Altri\u201d<\/em><\/strong>\u00a0(<a href=\"https:\/\/gmail.us6.list-manage.com\/track\/click?u=fe69587fffb99aa86b4f79942&amp;id=f93f094173&amp;e=bd553abb6f\" target=\"_blank\" rel=\"noopener\" data-saferedirecturl=\"https:\/\/www.google.com\/url?q=https:\/\/gmail.us6.list-manage.com\/track\/click?u%3Dfe69587fffb99aa86b4f79942%26id%3Df93f094173%26e%3Dbd553abb6f&amp;source=gmail&amp;ust=1739370620169000&amp;usg=AOvVaw1OaOVa-aU_M4iGS4JSp23_\">videoclip ufficiale<\/a>), pubblicato il 17 gennaio, \u00e8 una ballata profonda e viscerale che celebra l\u2019autenticit\u00e0 e la libert\u00e0 di pensiero. Con un testo potente, i Negrita danno voce agli emarginati e ai liberi pensatori, riaffermando la loro identit\u00e0 e la volont\u00e0 di andare oltre le convenzioni. \u201cNoi Siamo Gli Altri\u201d \u00e8 un punto fermo su chi sono e cosa vogliono dire i Negrita, un manifesto che rappresenta il cuore del concept album, un\u2019ode alla resistenza e alla ricerca dell&#8217;autenticit\u00e0.<\/p>\n<p>Il\u00a0<strong>\u201cNegrita &#8211; Canzoni Per Anni Spietati Tour\u201d<\/strong>\u00a0\u00e8 in partenza ad aprile e toccher\u00e0 i principali club italiani. Il pubblico avr\u00e0 l\u2019occasione di ascoltare per la prima volta live i brani del nuovo disco accanto ai grandi successi che hanno segnato la loro storia.Queste le date annunciate del tour prodotto e organizzato da MC2Live:<\/p>\n<\/div>\n<div style=\"text-align: center;\"><em><strong>NEGRITA CANZONI PER ANNI SPIETATI TOUR<\/strong><\/em><br \/>\n08\/04\/2025 &#8211; Roma &#8211; Atlantico<br \/>\n09\/04\/2025 &#8211; Napoli &#8211; Casa Della Musica<br \/>\n12\/04\/2025 &#8211; Ravenna &#8211; GNX Arena<br \/>\n13\/04\/2025 &#8211; Milano &#8211; Alcatraz<br \/>\n15\/04\/2025 &#8211; Firenze &#8211; Teatro Cartiere Carrara<br \/>\n16\/04\/2025 &#8211; Venaria (To) &#8211; Teatro Concordia<br \/>\n18\/04\/2025 &#8211; Brescia &#8211; Teatro Clerici<br \/>\n19\/04\/2025 &#8211; Padova &#8211; Gran Teatro Geox<br \/>\n24\/04\/2025 &#8211; Rovereto (TN) &#8211; Palasport<br \/>\n01\/05\/2025 &#8211; Nonantola (Mo) &#8211; Vox Club<br \/>\n02\/05\/2025 &#8211; Nonantola (Mo) &#8211; Vox Club &#8211;\u00a0<strong>sold out!<\/strong><br \/>\nLink alle prevendite:<a href=\"https:\/\/gmail.us6.list-manage.com\/track\/click?u=fe69587fffb99aa86b4f79942&amp;id=6f22ce4362&amp;e=bd553abb6f\" target=\"_blank\" rel=\"noopener\" data-saferedirecturl=\"https:\/\/www.google.com\/url?q=https:\/\/gmail.us6.list-manage.com\/track\/click?u%3Dfe69587fffb99aa86b4f79942%26id%3D6f22ce4362%26e%3Dbd553abb6f&amp;source=gmail&amp;ust=1739370620169000&amp;usg=AOvVaw0pkknHGBCYuGj3dtX-W8S_\">\u00a0http:\/\/www.mc2live.it\u00a0<\/a>e\u00a0<a href=\"https:\/\/gmail.us6.list-manage.com\/track\/click?u=fe69587fffb99aa86b4f79942&amp;id=ffda07d9f1&amp;e=bd553abb6f\" target=\"_blank\" rel=\"noopener\" data-saferedirecturl=\"https:\/\/www.google.com\/url?q=https:\/\/gmail.us6.list-manage.com\/track\/click?u%3Dfe69587fffb99aa86b4f79942%26id%3Dffda07d9f1%26e%3Dbd553abb6f&amp;source=gmail&amp;ust=1739370620169000&amp;usg=AOvVaw2yT4ZhQhheSCwLmzRwwcoj\">http:\/\/www.vivaticket.com<\/a><br \/>\nRadio Capital e Rockol sono media partner del tour.<strong>INFO<\/strong><br \/>\n<a href=\"https:\/\/gmail.us6.list-manage.com\/track\/click?u=fe69587fffb99aa86b4f79942&amp;id=773020dcbd&amp;e=bd553abb6f\" target=\"_blank\" rel=\"noopener\" data-saferedirecturl=\"https:\/\/www.google.com\/url?q=https:\/\/gmail.us6.list-manage.com\/track\/click?u%3Dfe69587fffb99aa86b4f79942%26id%3D773020dcbd%26e%3Dbd553abb6f&amp;source=gmail&amp;ust=1739370620169000&amp;usg=AOvVaw25jR0mqe_NgNz2z5li6Vpz\">www.negrita.com<\/a>\u00a0&#8211;\u00a0<a href=\"https:\/\/gmail.us6.list-manage.com\/track\/click?u=fe69587fffb99aa86b4f79942&amp;id=f86b30ea65&amp;e=bd553abb6f\" target=\"_blank\" rel=\"noopener\" data-saferedirecturl=\"https:\/\/www.google.com\/url?q=https:\/\/gmail.us6.list-manage.com\/track\/click?u%3Dfe69587fffb99aa86b4f79942%26id%3Df86b30ea65%26e%3Dbd553abb6f&amp;source=gmail&amp;ust=1739370620169000&amp;usg=AOvVaw1_zK-kD3HC37dQmJ5rjCNd\">https:\/\/www.instagram.com\/<wbr \/>negritaband\/<\/a>\u00a0&#8211;\u00a0<a href=\"https:\/\/gmail.us6.list-manage.com\/track\/click?u=fe69587fffb99aa86b4f79942&amp;id=07edb3fb9c&amp;e=bd553abb6f\" target=\"_blank\" rel=\"noopener\" data-saferedirecturl=\"https:\/\/www.google.com\/url?q=https:\/\/gmail.us6.list-manage.com\/track\/click?u%3Dfe69587fffb99aa86b4f79942%26id%3D07edb3fb9c%26e%3Dbd553abb6f&amp;source=gmail&amp;ust=1739370620169000&amp;usg=AOvVaw0R92v35iWKPtI1IhpMcjJF\">https:\/\/twitter.com\/<wbr \/>negritaband<\/a><br \/>\n<a href=\"https:\/\/gmail.us6.list-manage.com\/track\/click?u=fe69587fffb99aa86b4f79942&amp;id=fa78829f68&amp;e=bd553abb6f\" target=\"_blank\" rel=\"noopener\" data-saferedirecturl=\"https:\/\/www.google.com\/url?q=https:\/\/gmail.us6.list-manage.com\/track\/click?u%3Dfe69587fffb99aa86b4f79942%26id%3Dfa78829f68%26e%3Dbd553abb6f&amp;source=gmail&amp;ust=1739370620169000&amp;usg=AOvVaw0by4fD4t3_tRAKhHdQ9R0l\">\u00a0https:\/\/www.facebook.com\/<wbr \/>negritaband\/<\/a><a>\u00a0<u>https:\/\/www.<wbr \/>tiktok.com\/@negritaband<\/u><\/a><\/div>\n","protected":false},"excerpt":{"rendered":"<div class=\"mh-excerpt\"><p>N E G R I T A IL NUOVO ALBUM \u201cCANZONI PER ANNI SPIETATI\u201d (USM\/UNIVERSAL) \u00a0 IN USCITA VENERD\u00cc 28 MARZO [PRE-ORDER AL LINK\u00a0https:\/\/negrita.lnk.to\/CPAS] PER <a class=\"mh-excerpt-more\" href=\"https:\/\/www.piuomenopop.it\/index.php\/2025\/02\/11\/negrita-la-data-di-uscita-del-nuovo-disco-canzoni-per-anni-spietati-e-il-28-marzo-2025\/\" title=\"NEGRITA \/\/ LA DATA DI USCITA DEL NUOVO DISCO &#8220;CANZONI PER ANNI SPIETATI&#8221; \u00c8 IL 28 MARZO 2025\">[&#8230;]<\/a><\/p>\n<\/div>","protected":false},"author":2,"featured_media":73066,"comment_status":"closed","ping_status":"closed","sticky":false,"template":"","format":"standard","meta":{"sfsi_plus_gutenberg_text_before_share":"","sfsi_plus_gutenberg_show_text_before_share":"","sfsi_plus_gutenberg_icon_type":"","sfsi_plus_gutenberg_icon_alignemt":"","sfsi_plus_gutenburg_max_per_row":"","footnotes":"","_links_to":"","_links_to_target":""},"categories":[5184,3,8],"tags":[4597],"class_list":["post-89142","post","type-post","status-publish","format-standard","has-post-thumbnail","hentry","category-calendario-concerti","category-news","category-uscite","tag-negrita"],"aioseo_notices":[],"_links":{"self":[{"href":"https:\/\/www.piuomenopop.it\/index.php\/wp-json\/wp\/v2\/posts\/89142","targetHints":{"allow":["GET"]}}],"collection":[{"href":"https:\/\/www.piuomenopop.it\/index.php\/wp-json\/wp\/v2\/posts"}],"about":[{"href":"https:\/\/www.piuomenopop.it\/index.php\/wp-json\/wp\/v2\/types\/post"}],"author":[{"embeddable":true,"href":"https:\/\/www.piuomenopop.it\/index.php\/wp-json\/wp\/v2\/users\/2"}],"replies":[{"embeddable":true,"href":"https:\/\/www.piuomenopop.it\/index.php\/wp-json\/wp\/v2\/comments?post=89142"}],"version-history":[{"count":3,"href":"https:\/\/www.piuomenopop.it\/index.php\/wp-json\/wp\/v2\/posts\/89142\/revisions"}],"predecessor-version":[{"id":89146,"href":"https:\/\/www.piuomenopop.it\/index.php\/wp-json\/wp\/v2\/posts\/89142\/revisions\/89146"}],"wp:featuredmedia":[{"embeddable":true,"href":"https:\/\/www.piuomenopop.it\/index.php\/wp-json\/wp\/v2\/media\/73066"}],"wp:attachment":[{"href":"https:\/\/www.piuomenopop.it\/index.php\/wp-json\/wp\/v2\/media?parent=89142"}],"wp:term":[{"taxonomy":"category","embeddable":true,"href":"https:\/\/www.piuomenopop.it\/index.php\/wp-json\/wp\/v2\/categories?post=89142"},{"taxonomy":"post_tag","embeddable":true,"href":"https:\/\/www.piuomenopop.it\/index.php\/wp-json\/wp\/v2\/tags?post=89142"}],"curies":[{"name":"wp","href":"https:\/\/api.w.org\/{rel}","templated":true}]}}