{"id":89205,"date":"2025-02-17T21:42:03","date_gmt":"2025-02-17T20:42:03","guid":{"rendered":"https:\/\/www.piuomenopop.it\/?p=89205"},"modified":"2025-02-26T20:58:39","modified_gmt":"2025-02-26T19:58:39","slug":"il-ritorno-di-fedez-allunipol-forum-di-assago-il-19-settembre-2025","status":"publish","type":"post","link":"https:\/\/www.piuomenopop.it\/index.php\/2025\/02\/17\/il-ritorno-di-fedez-allunipol-forum-di-assago-il-19-settembre-2025\/","title":{"rendered":"Il ritorno di Fedez all&#8217;Unipol Forum di Assago il 19 settembre 2025"},"content":{"rendered":"<p style=\"text-align: left;\" data-start=\"395\" data-end=\"768\"><span style=\"font-family: arial, helvetica, sans-serif;\"><strong data-start=\"395\" data-end=\"413\">Save the date!<\/strong> Il 19 settembre 2025, Fedez torna sul palco dell&#8217;<strong>Unipol Forum\u00a0di Assago<\/strong> per un evento imperdibile. Dopo il successo a <strong data-start=\"539\" data-end=\"555\">Sanremo 2025<\/strong> con &#8220;Battito&#8221; (quarto posto in classifica) e il duetto con Marco Masini su &#8220;Bella stronza&#8221; (terzo nella serata cover), l\u2019artista milanese celebra i <strong data-start=\"704\" data-end=\"765\">dieci anni dal suo primo concerto nel palazzetto milanese<\/strong>.<\/span><\/p>\n<h3 style=\"text-align: left;\" data-start=\"770\" data-end=\"805\"><span style=\"font-family: arial, helvetica, sans-serif;\"><strong data-start=\"774\" data-end=\"803\">Un ritorno atteso da anni<\/strong><\/span><\/h3>\n<p style=\"text-align: left;\" data-start=\"807\" data-end=\"1246\"><span style=\"font-family: arial, helvetica, sans-serif;\">\u00abDal 2019 non facevo un mio concerto. Ho scritto musica, l\u2019ho vissuta, ma lontano dal palco. Poi qualcosa \u00e8 cambiato, un richiamo irresistibile\u00bb, racconta Fedez. \u00abEsattamente dieci anni fa salivo sul palco del Forum per il <strong data-start=\"1030\" data-end=\"1050\">PopHoolista Tour<\/strong>, con il palco al centro. Ho deciso di tornare cos\u00ec, come tutto \u00e8 iniziato: un palco al centro, perch\u00e9 intorno ci siate ancora voi. \u00c8 il momento di rincontrarci. \u00c8 il momento di tornare a casa.\u00bb<\/span><\/p>\n<h3 style=\"text-align: left;\" data-start=\"1248\" data-end=\"1305\"><span style=\"font-family: arial, helvetica, sans-serif;\"><strong data-start=\"1252\" data-end=\"1303\">Concerto Fedez 2025: data, biglietti e scaletta<\/strong><\/span><\/h3>\n<p><img loading=\"lazy\" decoding=\"async\" class=\"wp-image-89206 size-large aligncenter\" src=\"https:\/\/www.piuomenopop.it\/wp-content\/uploads\/2025\/02\/concerto-fedez-unipol-forum-assago-low-819x1024.jpg\" alt=\"\" width=\"819\" height=\"1024\" srcset=\"https:\/\/www.piuomenopop.it\/wp-content\/uploads\/2025\/02\/concerto-fedez-unipol-forum-assago-low-819x1024.jpg 819w, https:\/\/www.piuomenopop.it\/wp-content\/uploads\/2025\/02\/concerto-fedez-unipol-forum-assago-low-240x300.jpg 240w, https:\/\/www.piuomenopop.it\/wp-content\/uploads\/2025\/02\/concerto-fedez-unipol-forum-assago-low-768x960.jpg 768w, https:\/\/www.piuomenopop.it\/wp-content\/uploads\/2025\/02\/concerto-fedez-unipol-forum-assago-low.jpg 1080w\" sizes=\"auto, (max-width: 819px) 100vw, 819px\" \/><\/p>\n<p style=\"text-align: left;\" data-start=\"1307\" data-end=\"1517\"><span style=\"font-family: arial, helvetica, sans-serif;\"><strong data-start=\"1310\" data-end=\"1320\">Quando<\/strong>: 19 settembre 2025<\/span><br data-start=\"1339\" data-end=\"1342\" \/><span style=\"font-family: arial, helvetica, sans-serif;\"><strong data-start=\"1345\" data-end=\"1353\">Dove<\/strong>: Unipol Forum, Assago (Milano)<\/span><br data-start=\"1388\" data-end=\"1391\" \/><span style=\"font-family: arial, helvetica, sans-serif;\"><strong data-start=\"1394\" data-end=\"1419\">Biglietti disponibili<\/strong>: dalle ore 14:00 di marted\u00ec 18 febbraio su <a href=\"https:\/\/www.vivoconcerti.com\/roster\/fedez\/il-ritorno-a-casa\" target=\"_new\" rel=\"noopener\" data-start=\"1463\" data-end=\"1515\">www.vivoconcerti.com<\/a><\/span><\/p>\n<p style=\"text-align: left;\" data-start=\"1519\" data-end=\"1694\"><span style=\"font-family: arial, helvetica, sans-serif;\">Lo show, prodotto da <strong data-start=\"1540\" data-end=\"1557\">VIVO CONCERTI<\/strong>, sar\u00e0 un viaggio emozionante tra i successi storici e le hit pi\u00f9 recenti, con <strong data-start=\"1636\" data-end=\"1662\">una scaletta esplosiva<\/strong> e momenti speciali per i fan.<\/span><\/p>\n<p style=\"text-align: left;\" data-start=\"1696\" data-end=\"1878\" data-is-last-node=\"\"><span style=\"font-family: arial, helvetica, sans-serif;\">Non perdere l\u2019occasione di assistere al <strong data-start=\"1736\" data-end=\"1766\">concerto di Fedez a Milano<\/strong>, un evento unico che celebra la sua carriera e il legame con il pubblico. <strong data-start=\"1841\" data-end=\"1878\" data-is-last-node=\"\"><a href=\"https:\/\/www.ticketone.it\/artist\/fedez\/?affiliate=VIC\">Acquista subito i tuoi biglietti<\/a>!<\/strong><\/span><\/p>\n","protected":false},"excerpt":{"rendered":"<div class=\"mh-excerpt\"><p>Save the date! Il 19 settembre 2025, Fedez torna sul palco dell&#8217;Unipol Forum\u00a0di Assago per un evento imperdibile. Dopo il successo a Sanremo 2025 con <a class=\"mh-excerpt-more\" href=\"https:\/\/www.piuomenopop.it\/index.php\/2025\/02\/17\/il-ritorno-di-fedez-allunipol-forum-di-assago-il-19-settembre-2025\/\" title=\"Il ritorno di Fedez all&#8217;Unipol Forum di Assago il 19 settembre 2025\">[&#8230;]<\/a><\/p>\n<\/div>","protected":false},"author":37,"featured_media":89207,"comment_status":"closed","ping_status":"closed","sticky":false,"template":"","format":"standard","meta":{"sfsi_plus_gutenberg_text_before_share":"","sfsi_plus_gutenberg_show_text_before_share":"","sfsi_plus_gutenberg_icon_type":"","sfsi_plus_gutenberg_icon_alignemt":"","sfsi_plus_gutenburg_max_per_row":"","footnotes":"","_links_to":"","_links_to_target":""},"categories":[5184,3,1],"tags":[14404,14408,5734,14393,14402,14406,14389,14390,14391,14403,14405,14388,5582,14395,14394,14392,14396,14400,14399,14398,14397,592,14407,14401,1940],"class_list":["post-89205","post","type-post","status-publish","format-standard","has-post-thumbnail","hentry","category-calendario-concerti","category-news","category-senza-categoria","tag-19-settembre-2025","tag-artisti-italiani-in-tour","tag-assago","tag-biglietti-fedez-assago","tag-biglietti-fedez-unipol-forum","tag-concerti-milano-settembre-2025","tag-concerto-fedez-assago","tag-concerto-fedez-mediolanum-forum","tag-concerto-fedez-milano","tag-data-concerto-fedez","tag-eventi-milano-2025","tag-federico-lucia","tag-fedez","tag-fedez-concerto-milano-2025","tag-fedez-forum-2025","tag-fedez-live-2025","tag-fedez-mediolanum-forum-2025","tag-fedez-nuovo-tour","tag-fedez-pophoolista-tour","tag-fedez-sanremo-2025","tag-fedez-tour-2025","tag-live-music","tag-musica-live-milano","tag-scaletta-concerto-fedez","tag-vivo-concerti"],"aioseo_notices":[],"_links":{"self":[{"href":"https:\/\/www.piuomenopop.it\/index.php\/wp-json\/wp\/v2\/posts\/89205","targetHints":{"allow":["GET"]}}],"collection":[{"href":"https:\/\/www.piuomenopop.it\/index.php\/wp-json\/wp\/v2\/posts"}],"about":[{"href":"https:\/\/www.piuomenopop.it\/index.php\/wp-json\/wp\/v2\/types\/post"}],"author":[{"embeddable":true,"href":"https:\/\/www.piuomenopop.it\/index.php\/wp-json\/wp\/v2\/users\/37"}],"replies":[{"embeddable":true,"href":"https:\/\/www.piuomenopop.it\/index.php\/wp-json\/wp\/v2\/comments?post=89205"}],"version-history":[{"count":3,"href":"https:\/\/www.piuomenopop.it\/index.php\/wp-json\/wp\/v2\/posts\/89205\/revisions"}],"predecessor-version":[{"id":89253,"href":"https:\/\/www.piuomenopop.it\/index.php\/wp-json\/wp\/v2\/posts\/89205\/revisions\/89253"}],"wp:featuredmedia":[{"embeddable":true,"href":"https:\/\/www.piuomenopop.it\/index.php\/wp-json\/wp\/v2\/media\/89207"}],"wp:attachment":[{"href":"https:\/\/www.piuomenopop.it\/index.php\/wp-json\/wp\/v2\/media?parent=89205"}],"wp:term":[{"taxonomy":"category","embeddable":true,"href":"https:\/\/www.piuomenopop.it\/index.php\/wp-json\/wp\/v2\/categories?post=89205"},{"taxonomy":"post_tag","embeddable":true,"href":"https:\/\/www.piuomenopop.it\/index.php\/wp-json\/wp\/v2\/tags?post=89205"}],"curies":[{"name":"wp","href":"https:\/\/api.w.org\/{rel}","templated":true}]}}