{"id":89312,"date":"2025-03-07T19:12:56","date_gmt":"2025-03-07T18:12:56","guid":{"rendered":"https:\/\/www.piuomenopop.it\/?p=89312"},"modified":"2025-03-07T19:12:56","modified_gmt":"2025-03-07T18:12:56","slug":"roma-film-music-festival-iv-edizione-avatar-suona-in-prima-europea-e-profondo-rosso-rivive-live-per-i-50-anni","status":"publish","type":"post","link":"https:\/\/www.piuomenopop.it\/index.php\/2025\/03\/07\/roma-film-music-festival-iv-edizione-avatar-suona-in-prima-europea-e-profondo-rosso-rivive-live-per-i-50-anni\/","title":{"rendered":"ROMA FILM MUSIC FESTIVAL IV edizione: Avatar suona in prima europea e Profondo rosso rivive live per i 50 anni"},"content":{"rendered":"<p align=\"center\"><strong>Dal 6 al 12 aprile la quarta edizione della manifestazione\u00a0<\/strong><strong>internazionale dedicata alle colonne sonore<\/strong><\/p>\n<p align=\"center\"><strong><u>ROMA FILM MUSIC FESTIVAL<\/u><\/strong><\/p>\n<p align=\"center\"><strong>\u201cAVATAR LIVE\u201d IN PRIMA EUROPEA CON 120 MUSICISTI<\/strong><\/p>\n<p align=\"center\"><strong>\u00a0<\/strong><strong>\u201cPROFONDO ROSSO\u201d LIVE CON CLAUDIO SIMONETTI\u2019S GOBLIN PER CELEBRARE I 50 ANNI DEL FILM<\/strong><\/p>\n<p align=\"center\"><strong>\u00a0<\/strong><strong>Il capolavoro\u00a0<\/strong><strong>di James Cameron sonorizzato dal vivo dall\u2019Orchestra Italiana del Cinema. L\u2019indimenticabile pellicola di Dario Argento rivive con Claudio Simonetti al Forum Theatre di Roma.\u00a0<\/strong><strong>Tra gli ospiti dei talk:<\/strong>\u00a0<strong>Paolo Buonvino<\/strong>,\u00a0<strong>Stefano Mainetti, i Mokadelic e tanti altri.\u00a0<\/strong><em>\u00a0<\/em><\/p>\n<p align=\"center\">\n<p align=\"center\"><strong>Avatar Live in Concert<\/strong><\/p>\n<p align=\"center\"><strong>VIDEO TRAILER:\u00a0<\/strong><a href=\"https:\/\/mailstat.us\/tr\/t2\/af41dce\/9rumsw80ssreez\/2\/https:\/\/gdgpress.voxmail.it\/nl\/pvwqdx\/zjf1g0\/kb5yfm\/uf\/3\/aHR0cHM6Ly93d3cueW91dHViZS5jb20vd2F0Y2g_dj1LcXNTRTNGRjBvNA?_d=A25&amp;_c=3f3bf039\" target=\"_blank\" rel=\"noopener\" data-saferedirecturl=\"https:\/\/www.google.com\/url?q=https:\/\/mailstat.us\/tr\/t2\/af41dce\/9rumsw80ssreez\/2\/https:\/\/gdgpress.voxmail.it\/nl\/pvwqdx\/zjf1g0\/kb5yfm\/uf\/3\/aHR0cHM6Ly93d3cueW91dHViZS5jb20vd2F0Y2g_dj1LcXNTRTNGRjBvNA?_d%3DA25%26_c%3D3f3bf039&amp;source=gmail&amp;ust=1741446985898000&amp;usg=AOvVaw00RQ5CdJrTXC9NuFUL-4-z\"><strong>https:\/\/www.youtube.com\/watch?<wbr \/>v=KqsSE3FF0o4<\/strong><\/a><\/p>\n<p align=\"center\">Auditorium Conciliazione &#8211; Roma<\/p>\n<p align=\"center\"><strong>Venerd\u00ec 11 (ore 20,30) e sabato 12 Aprile (ore 20,30)<\/strong><\/p>\n<p align=\"center\">Teatro Arcimboldi &#8211; Milano<\/p>\n<p align=\"center\"><strong>Sabato 24 (ore 20,30) e domenica 25 Maggio (ore 15)<\/strong>.<\/p>\n<p align=\"center\">Biglietti in vendita su\u00a0<strong>TICKETONE &#8211;\u00a0<\/strong><a href=\"https:\/\/mailstat.us\/tr\/t2\/17b9f80\/9rumsw80ssreez\/3\/https:\/\/gdgpress.voxmail.it\/nl\/pvwqdx\/zjf1g0\/kb5yfm\/uf\/4\/aHR0cHM6Ly93d3cudGlja2V0b25lLml0L2FydGlzdC9hdmF0YXItbGl2ZS1pbi1jb25jZXJ0Lw?_d=A25&amp;_c=059d5c09\" target=\"_blank\" rel=\"noopener\" data-saferedirecturl=\"https:\/\/www.google.com\/url?q=https:\/\/mailstat.us\/tr\/t2\/17b9f80\/9rumsw80ssreez\/3\/https:\/\/gdgpress.voxmail.it\/nl\/pvwqdx\/zjf1g0\/kb5yfm\/uf\/4\/aHR0cHM6Ly93d3cudGlja2V0b25lLml0L2FydGlzdC9hdmF0YXItbGl2ZS1pbi1jb25jZXJ0Lw?_d%3DA25%26_c%3D059d5c09&amp;source=gmail&amp;ust=1741446985898000&amp;usg=AOvVaw0SDYrKB11mC6zOu0VT1CUk\"><strong>Link acquisto biglietti<\/strong><\/a><\/p>\n<p align=\"center\"><strong>Profondo Rosso Live<\/strong><\/p>\n<p align=\"center\"><strong>VIDEO TRAILER:\u00a0<a href=\"https:\/\/mailstat.us\/tr\/t2\/48c1271\/9rumsw80ssreez\/4\/https:\/\/gdgpress.voxmail.it\/nl\/pvwqdx\/zjf1g0\/kb5yfm\/uf\/5\/aHR0cHM6Ly95b3V0dS5iZS9PeVFRY3BjcE5WOA?_d=A25&amp;_c=db233d93\" target=\"_blank\" rel=\"noopener\" data-saferedirecturl=\"https:\/\/www.google.com\/url?q=https:\/\/mailstat.us\/tr\/t2\/48c1271\/9rumsw80ssreez\/4\/https:\/\/gdgpress.voxmail.it\/nl\/pvwqdx\/zjf1g0\/kb5yfm\/uf\/5\/aHR0cHM6Ly95b3V0dS5iZS9PeVFRY3BjcE5WOA?_d%3DA25%26_c%3Ddb233d93&amp;source=gmail&amp;ust=1741446985898000&amp;usg=AOvVaw17jbVssomq2EJl8HEChaGh\">https:\/\/youtu.be\/<wbr \/>OyQQcpcpNV8<\/a><a href=\"https:\/\/mailstat.us\/tr\/t2\/5ded84d\/9rumsw80ssreez\/5\/https:\/\/gdgpress.voxmail.it\/nl\/pvwqdx\/zjf1g0\/kb5yfm\/uf\/6\/aHR0cHM6Ly93d3cueW91dHViZS5jb20vd2F0Y2g_dj1wVHNCWWc1aG5IVQ?_d=A25&amp;_c=69abe764\" target=\"_blank\" rel=\"noopener\" data-saferedirecturl=\"https:\/\/www.google.com\/url?q=https:\/\/mailstat.us\/tr\/t2\/5ded84d\/9rumsw80ssreez\/5\/https:\/\/gdgpress.voxmail.it\/nl\/pvwqdx\/zjf1g0\/kb5yfm\/uf\/6\/aHR0cHM6Ly93d3cueW91dHViZS5jb20vd2F0Y2g_dj1wVHNCWWc1aG5IVQ?_d%3DA25%26_c%3D69abe764&amp;source=gmail&amp;ust=1741446985898000&amp;usg=AOvVaw3TJ-r4aS3QSNYEU_REJrPI\"><br \/>\n<\/a><\/strong><\/p>\n<p align=\"center\"><strong><span style=\"text-decoration: line-through;\">Domenica 6 e luned\u00ec 7 aprile (ore 21)sold out<\/span><\/strong><\/p>\n<p align=\"center\"><strong>Nuova data martedi 8 aprile ( ore 21)<\/strong><\/p>\n<p align=\"center\">Forum Theatre \u2013 Roma<\/p>\n<p align=\"center\">Biglietti in vendita su\u00a0<strong>TICKETONE &#8211;<\/strong><a href=\"https:\/\/mailstat.us\/tr\/t2\/2e76aec\/9rumsw80ssreez\/6\/https:\/\/gdgpress.voxmail.it\/nl\/pvwqdx\/zjf1g0\/kb5yfm\/uf\/7\/aHR0cHM6Ly93d3cudGlja2V0b25lLml0L2FydGlzdC9wcm9mb25kby1yb3Nzby1jb25jZXJ0by8?_d=A25&amp;_c=0a288f3e\" target=\"_blank\" rel=\"noopener\" data-saferedirecturl=\"https:\/\/www.google.com\/url?q=https:\/\/mailstat.us\/tr\/t2\/2e76aec\/9rumsw80ssreez\/6\/https:\/\/gdgpress.voxmail.it\/nl\/pvwqdx\/zjf1g0\/kb5yfm\/uf\/7\/aHR0cHM6Ly93d3cudGlja2V0b25lLml0L2FydGlzdC9wcm9mb25kby1yb3Nzby1jb25jZXJ0by8?_d%3DA25%26_c%3D0a288f3e&amp;source=gmail&amp;ust=1741446985898000&amp;usg=AOvVaw3Ijrq-7ph-vgh3fpGzgci2\"><strong>\u00a0Link acquisto biglietti<\/strong><\/a><strong>\u00a0<\/strong><\/p>\n<p align=\"center\"><strong>Cinema Chorale \u2013 immersive concert<\/strong><\/p>\n<p align=\"center\"><strong>Mercoledi 9 aprile (ore 21)<\/strong><\/p>\n<p align=\"center\">Forum Theatre \u2013 Roma<\/p>\n<p align=\"center\">Biglietti in vendita su\u00a0<strong>TICKETONE &#8211;<\/strong><a href=\"https:\/\/mailstat.us\/tr\/t2\/06d4a33\/9rumsw80ssreez\/7\/https:\/\/gdgpress.voxmail.it\/nl\/pvwqdx\/zjf1g0\/kb5yfm\/uf\/8\/aHR0cHM6Ly93d3cudGlja2V0b25lLml0L2FydGlzdC9wcm9mb25kby1yb3Nzby1jb25jZXJ0by8?_d=A25&amp;_c=8cc2551f\" target=\"_blank\" rel=\"noopener\" data-saferedirecturl=\"https:\/\/www.google.com\/url?q=https:\/\/mailstat.us\/tr\/t2\/06d4a33\/9rumsw80ssreez\/7\/https:\/\/gdgpress.voxmail.it\/nl\/pvwqdx\/zjf1g0\/kb5yfm\/uf\/8\/aHR0cHM6Ly93d3cudGlja2V0b25lLml0L2FydGlzdC9wcm9mb25kby1yb3Nzby1jb25jZXJ0by8?_d%3DA25%26_c%3D8cc2551f&amp;source=gmail&amp;ust=1741446985898000&amp;usg=AOvVaw0BFxoNxmQWYWACVey6itWl\"><strong>\u00a0Link acquisto biglietti<\/strong><\/a><\/p>\n<p align=\"center\">\n<p><strong>Roma Film Music Festival,\u00a0<\/strong>la\u00a0<strong>manifestazione internazionale<\/strong>\u00a0dedicata al\u00a0<strong>mondo delle colonne sonore\u00a0<\/strong>guidata dalla<strong>\u00a0<\/strong>direzione artistica di Marco Patrignani, \u00e8 pronta a raccontare ancora una volta il grande cinema attraverso la musica e torna per la sua\u00a0<strong>quarta edizione<\/strong>\u00a0a\u00a0<strong>Roma<\/strong>\u00a0<strong>dal 6 al 12 aprile<\/strong>.<\/p>\n<p>Nei celebri\u00a0<strong>Forum Studios<\/strong>\u00a0fondati da\u00a0<strong>Ennio Morricone, Piero Piccioni, Armando Trovajoli e Luis Bacalov<\/strong>\u00a0\u2013 ancora una volta cuore del festival e culla dell\u2019<strong>Orchestra Italiana del Cinema<\/strong>\u00a0\u2013 prendono vita\u00a0<strong>dibattiti e talk<\/strong>\u00a0con i compositori che hanno contribuito a rendere celebri le pellicole pi\u00f9 amate; mentre all\u2019Auditorium Conciliazione arriva un\u2019attesa anteprima internazionale dopo le prime tre edizioni che hanno coinvolto oltre 20.000 spettatori, addetti ai lavori e appassionati.<\/p>\n<p>Per la\u00a0<strong>prima volta nell\u2019Europa continentale<\/strong>, a seguito dell\u2019anteprima mondiale nella prestigiosa Royal Albert Hall di Londra, arriva infatti \u201c<strong>Avatar Live In Concert<\/strong>\u201d (<a href=\"https:\/\/mailstat.us\/tr\/t2\/6c9a48f\/9rumsw80ssreez\/8\/https:\/\/gdgpress.voxmail.it\/nl\/pvwqdx\/zjf1g0\/kb5yfm\/uf\/9\/aHR0cHM6Ly93d3cueW91dHViZS5jb20vd2F0Y2g_dj1LcXNTRTNGRjBvNA?_d=A25&amp;_c=5e7e424f\" target=\"_blank\" rel=\"noopener\" data-saferedirecturl=\"https:\/\/www.google.com\/url?q=https:\/\/mailstat.us\/tr\/t2\/6c9a48f\/9rumsw80ssreez\/8\/https:\/\/gdgpress.voxmail.it\/nl\/pvwqdx\/zjf1g0\/kb5yfm\/uf\/9\/aHR0cHM6Ly93d3cueW91dHViZS5jb20vd2F0Y2g_dj1LcXNTRTNGRjBvNA?_d%3DA25%26_c%3D5e7e424f&amp;source=gmail&amp;ust=1741446985898000&amp;usg=AOvVaw345d9EIbmhaMZ1rKZlRBcj\">qui il video trailer<\/a>) la versione\u00a0<em>cineconcerto<\/em>\u00a0del film record di incassi di tutti i tempi, tre premi Oscar, una potenza visiva che ha conquistato il mondo e ridefinito i confini del fantastico.\u00a0Sul grande schermo l\u2019intero film capolavoro di James Cameron in alta definizione, mentre sul palco l\u2019<strong>Orchestra Italiana del Cinema<\/strong>\u00a0&#8211; nella sua formazione pi\u00f9 ampia di\u00a0<strong>120 element<\/strong>i di orchestra, coro (Labirinto Vocale e Sezioni Auree) e la solista Eleanor Grant, diretta da\u00a0<strong>Ludwig Wiki\u00a0<\/strong>(gi\u00e0 direttore della premiere mondiale) &#8211; interpreta dal vivo in perfetto sincrono il film la colonna sonora di\u00a0<strong>James Horner<\/strong>, il grande compositore prematuramente scomparso e gi\u00e0 al fianco di Cameron\u00a0 in\u00a0<strong>Titanic<\/strong>\u00a0e\u00a0<strong>Alien Scontro Finale<\/strong>.\u00a0Quattro repliche e due citt\u00e0 per assistere al grande evento:\u00a0<strong>all\u2019Auditorium Conciliazione<\/strong>\u00a0di\u00a0<strong>Roma venerd\u00ec 11 aprile\u00a0<\/strong>(ore 20,30)\u00a0<strong>e sabato 12\u00a0<\/strong>(ore 20,30);\u00a0<strong>al<\/strong>\u00a0<strong>Teatro Arcimboldi di Milano<\/strong>\u00a0<strong>sabato 24 maggio\u00a0<\/strong>(ore 20,30)<strong>\u00a0e domenica 25\u00a0<\/strong>(ore 15,00).<\/p>\n<p><strong>\u201cProfondo Rosso In Concert\u201d\u00a0<\/strong>(<a href=\"https:\/\/mailstat.us\/tr\/t2\/8c5287c\/9rumsw80ssreez\/9\/https:\/\/gdgpress.voxmail.it\/nl\/pvwqdx\/zjf1g0\/kb5yfm\/uf\/10\/aHR0cHM6Ly95b3V0dS5iZS9PeVFRY3BjcE5WOA?_d=A25&amp;_c=e2762c69\" target=\"_blank\" rel=\"noopener\" data-saferedirecturl=\"https:\/\/www.google.com\/url?q=https:\/\/mailstat.us\/tr\/t2\/8c5287c\/9rumsw80ssreez\/9\/https:\/\/gdgpress.voxmail.it\/nl\/pvwqdx\/zjf1g0\/kb5yfm\/uf\/10\/aHR0cHM6Ly95b3V0dS5iZS9PeVFRY3BjcE5WOA?_d%3DA25%26_c%3De2762c69&amp;source=gmail&amp;ust=1741446985899000&amp;usg=AOvVaw1z4PXWVauY4hRocysXevMD\">qui il video trailer<\/a>)\u00a0\u00e8 l\u2019evento di apertura del festival al Forum Theatre\u00a0<strong>domenica 6 e luned\u00ec 7 aprile\u00a0<\/strong>alle ore 21. Due date gi\u00e0 sold out a cui si aggiunge (biglietti da oggi in vendita) un terzo live\u00a0<strong>marted\u00ec 8 aprile,\u00a0<\/strong>sempre<strong>\u00a0<\/strong>alle ore 21.\u00a0Il capolavoro di\u00a0<strong>Dario Argento<\/strong>\u00a0che\u00a0<strong>quest\u2019anno compie 50 anni<\/strong>\u00a0torna nel nuovo teatro immersivo degli storici Forum Studios \u2013 dove fu registrata la colonna sonora &#8211; con la proiezione integrale rimasterizzata del film e le musiche eseguite dal vivo proprio da\u00a0<strong>Claudio Simonetti<\/strong>, creatore e interprete dell\u2019edizione originale, con i Claudio Simonetti\u2019s Goblin.<strong>\u00a0<\/strong>In occasione dell\u2019anniversario, uscir\u00e0 su etichetta Warner Music Italia Profondo Rosso (50th anniversary) su picture disc con leaflet autografato dallo stesso Simonetti, da domani in pre-order sul sito ufficiale di Warner e dal 4 aprile in tutti gli store.<\/p>\n<p><strong>Mercoled\u00ec 9 aprile<\/strong>\u00a0(ore 21) sempre al Forum Theatre<strong>\u00a0<\/strong>arriva<strong>\u00a0\u201cCinema Chorale &#8211; immersive concert\u201c:\u00a0<\/strong>un viaggio immersivo tra le colonne sonore pi\u00f9 iconiche del grande cinema, reinterpretate da un magnifico coro (\u201cLabirinto vocale\u201d e \u201cSezioni Auree\u201d) diretto da Ludwig Wiki con la partecipazione di Riccardo Biseo (pianoforte) e Riccardo Marini (Sax). Un evento che unisce musica e proiezioni immersive per un\u2019esperienza coinvolgente che include tra gli altri i capolavori di Ennio Morricone, John Williams e Hans Zimmer.<\/p>\n<p>I\u00a0<strong>Forum Studios<\/strong>\u00a0rimangono teatro dei preziosi\u00a0<strong>Film Music Talk<\/strong>, alcuni dei quali moderati dal direttore di\u00a0<strong>ColonneSonore.net Massimo Privitera<\/strong>, co-conduttore insieme a\u00a0<strong>Marco Testoni<\/strong>\u00a0del programma web Soundtrack City.\u00a0Tra gli incontri di quest\u2019anno:\u00a0<strong>Claudio Simonetti<\/strong>, musicista, compositore, direttore d\u2019orchestra e autore (\u201cProfondo Rosso\u201d, \u201cSuspiria\u201d, \u201cOpera\u201d),\u00a0 il Maestro\u00a0<strong>Paolo Buonvino\u00a0<\/strong>vincitore del David di Donatello e del Nastro d\u2019Argento con \u201cCaos Calmo\u201d e compositore di numerosi film come \u201cL\u2019ultimo bacio\u201d, \u201c Manuale d\u2019amore\u201d\u00a0 e serie tv\u00a0 come \u201cA casa tutti bene\u201d \u201c I medici\u201d e il recentissimo \u201cIl Gattopardo\u201d per Netflix; il pluripremiato Maestro\u00a0<strong>Stefano Mainetti<\/strong>\u00a0(\u201cShooter \u2013 Attentato a Praga\u201d, \u201cTalos \u2013 L\u2019ombra del Faraone\u201d, \u201c Orgoglio\u201d) che terr\u00e0 un panel sul rapporto tra musica e A.I.; e il compositore\u00a0<strong>Sandro Di Stefano\u00a0<\/strong>(\u201cJanara\u201d, \u201cL\u2019uomo della scatola magica\u201d), professore titolare di Cattedra in Composizione per la musica applicata alle immagini presso il Conservatorio Statale di Musica di Santa Cecilia in Roma che sveler\u00e0 il rapporto tra fotografia e musica\u00a0 (\u201c<em>Il colore del suono: le frequenze emotigene nel racconto musicale\u201d).\u00a0<\/em>Ancora, le sorelle\u00a0<strong>Virginia e Lorena Brancucci<\/strong>\u00a0con un tributo al loro eclettico padre Ernesto, in arte\u00a0<strong>Ermavilo<\/strong>, celebre paroliere, doppiatore e cantante per Cinema e Serie TV (\u201cPirati dei Caraibi\u201d, \u201cLa Sirenetta\u201d, \u201cNightmare Before Christmas\u201d); il gruppo musicale dei\u00a0<strong>Mokadelic<\/strong><strong>,<\/strong>\u00a0autori delle musiche di \u201cGomorra-la serie\u201d e \u201cAkab\u201d (film e serie tv), \u201c Romulus\u201d (serie tv) \u201c Sulla mia pelle\u201d; il pluripremiato music supervisor\u00a0<strong>\u00a0Andy Hill<\/strong>, noto produttore musicale\u00a0 e docente universitario americano (supervisore per \u201cIl Re Leone\u201d, \u201cLa Bella e la Bestia\u201d, \u201cSister Act\u201d); e il Maestro\u00a0<strong>Diego Navarro<\/strong>, compositore e direttore d\u2019orchestra spagnolo (\u201cSuperKlaus\u201d, \u201cMariposas negras\u201d) fondatore e direttore artistico di \u201cFimucit\u00e9\u201d, il Festival Internazionale di Musica da Film di Tenerife, partner sin dalla prima edizione di Roma Film Music Festival.\u00a0Il programma completo dei Film Music Talk con tutti gli ospiti sar\u00e0 disponibile sul sito ufficiale del festival\u00a0<a href=\"https:\/\/mailstat.us\/tr\/t2\/21bf552\/9rumsw80ssreez\/10\/http:\/\/romafmf.com\" target=\"_blank\" rel=\"noopener\" data-saferedirecturl=\"https:\/\/www.google.com\/url?q=https:\/\/mailstat.us\/tr\/t2\/21bf552\/9rumsw80ssreez\/10\/http:\/\/romafmf.com&amp;source=gmail&amp;ust=1741446985899000&amp;usg=AOvVaw0tff356ntsrxMC7sOK7dlq\">romafmf.com<\/a>.<\/p>\n<p>Nella giornata conclusiva del festival,\u00a0<strong>sabato 12 aprile<\/strong>\u00a0nello Studio A dei Forum Studios, in\u00a0<strong>prima italiana<\/strong>\u00a0arriva la proiezione del documentario\u00a0<strong>\u201cIl \u00e9tait une fois Michel Legrand\u201d<\/strong>\u00a0di\u00a0<strong>David Hertzog Dessites<\/strong>\u00a0(Festival de Cannes 2024 &#8211; S\u00e9lection officielle). La pellicola racconta la figura del compositore francese\u00a0<strong>Michel Legrand<\/strong>, vincitore di tre Oscar e autore della colonna sonora per il musical\u00a0<em>Yentl\u00a0<\/em>di e con Barbra Streisand. Ad anticipare il film, un contenuto esclusivo: il backstage integrale della colonna sonora di &#8220;En Mai Fais Ce Qu&#8217;il Te Pla\u00eet&#8221;, uno degli ultimi lavori del Maestro Ennio Morricone ai Forum Studios girato nel 2015 dallo stesso regista del biopic su Legrand.<\/p>\n<p>Roma Film Music Festival gode del patrocinio di\u00a0<strong>Roma Capitale &#8211; Assessorato ai Grandi Eventi, Sport, Turismo e moda.<\/strong>\u00a0Come da tradizione si conferma il prezioso supporto del Main sponsor\u00a0<strong>Unipol\u00a0<\/strong>e del media partner\u00a0<strong>RDS 100% Grandi Successi<\/strong>. Hospitality Partner\u00a0<strong>Raddison Blue GHR<\/strong>, Official wine:\u00a0<strong>Castello di Corbara<\/strong>. Al fianco del festival confermate anche le partnership con\u00a0<strong>Nuovo Imaie<\/strong>,\u00a0<strong>Colonne sonore .net<\/strong>,\u00a0<strong>SoundTrackFest\u00a0<\/strong>e\u00a0<strong>Dopamina<\/strong>.\u00a0Confermati i gemellaggi con il\u00a0<strong>Krakow Film Music Festival<\/strong>\u00a0e il\u00a0<strong>Fimucit\u00e9 di Tenerife<\/strong>, i pi\u00f9 importanti festival internazionali dedicati alle colonne sonore, per un costante scambio culturale e artistico.<em>\u00a0<\/em><\/p>\n<p><em>\u201cLa prima europea di Avatar Live In Concert si terr\u00e0 a Roma e siamo molto orgogliosi\u201d: afferma\u00a0<\/em>l\u2019Assessore ai Grandi Eventi, Sport, Turismo e Moda di Roma Capitale\u00a0<strong>Alessandro Onorato<\/strong>.<em>\u00a0\u201cE&#8217; la conferma di come la citt\u00e0, grazie a un intenso lavoro negli ultimi anni, sia tornata attraente agli occhi degli organizzatori internazionali. Il film ha fatto la storia, con 3 premi Oscar e incassi da record, ma la presenza dell&#8217;orchestra live render\u00e0 la visione un&#8217;esperienza unica anche per chi conosce gi\u00e0 il film. Faccio i complimenti a Marco Patrignani, ideatore di un festival innovativo. L\u2019ampio programma, che comprende anche l\u2019omaggio per i 50 anni di Profondo Rosso e tanti altri spettacoli, impreziosir\u00e0 il gi\u00e0 molto ricco cartellone di eventi di Roma\u201d.<\/em><em>\u00a0<\/em><\/p>\n<p><em>&#8220;Roma Film Music Festival si conferma, sempre di pi\u00f9, lo spazio istituzionale per la valorizzazione e la promozione della lunga tradizione delle colonne sonore e dei suoi protagonisti\u201d:\u00a0<\/em>dichiara<em>\u00a0<\/em>il Presidente della Commissione Cultura della Camera\u00a0<strong>Federico Mollicone<\/strong>. \u201c<em>Avatar in cineconcerto &#8211; presentato per la prima volta in Europa continentale &#8211; e l&#8217;omaggio per il cinquantesimo anniversario di Profondo Rosso colgono in pieno la nostra visione culturale e sono l&#8217;ennesima prova della qualit\u00e0 di questa manifestazione e dell&#8217;Orchestra Italiana del Cinema. Questa rassegna \u00e8 la dimostrazione che quando le arti si incontrano tra di loro il risultato \u00e8 sempre di altissimo di livello\u201d.<\/em><em>\u00a0<\/em><\/p>\n<p>\u201c<em>Ancora una volta raccontiamo il cinema attraverso una delle sue indiscusse protagoniste, la musica<\/em>\u201d: afferma\u00a0<strong>Marco Patrignani<\/strong>, ideatore e direttore artistico del Festival, presidente dell\u2019Orchestra Italiana del Cinema e patron dei Forum Studios. \u201c<em>Lo facciamo<\/em>\u00a0<em>attraverso le voci dei compositori e con due sonorizzazioni di cui siamo molto orgogliosi<\/em>:\u00a0<em>Avatar in prima europea e Profondo Rosso con Claudio Simonetti. Portare qui il mondo di Pandora \u00e8 stato uno sforzo produttivo titanico, per restare nel tema di Cameron, ma ne \u00e8 valsa la pena. La nostra orchestra e i tecnici sono specializzati nella forma del cineconcerto e abbiamo l\u2019esperienza e le capacit\u00e0 per eseguirlo ai massimi livelli\u201d.<\/em><em>\u00a0<\/em><\/p>\n<p><em>\u201cSembra ieri eppure sono passati 50 anni da quando con i Goblin abbiamo composto e registrato la colonna sonora di Profondo Rosso qui ai Forum Studios, che allora si chiamava Ortophonic\u201d:\u00a0<\/em>racconta il musicista e compositore\u00a0<strong>Claudio Simonetti<\/strong>. \u201c<em>Mai avrei pensato allora che dopo 50 anni sarei stato qui, non solo per riparlare della colonna sonora ma addirittura per risuonarla dal vivo nel Forum Theatre, proprio accanto agli studi originali. Useremo gli stessi suoni, lo stesso stile, nulla sar\u00e0 diverso ma l\u2019esperienza sar\u00e0 unica, rivedere il film restaurato con la musica suonata interamente dal vivo\u201d.<\/em><em>\u00a0<\/em><\/p>\n<p><em>\u201cSiamo entusiasti di essere nuovamente al fianco di Roma Film Music Festival in qualit\u00e0 di Main Sponsor\u201d:\u00a0<\/em>dichiara<em>\u00a0<\/em><strong>Vittorio Verdone<\/strong>,\u00a0Direttore Communication and Media Relation Unipol.<em>\u00a0\u201cL\u2019unicit\u00e0 della rassegna capitolina, che celebra le colonne sonore dei film pi\u00f9 famosi, fa s\u00ec che lo spettatore sia immerso in una dimensione multisensoriale. Il sostegno a questa iniziativa rientra nella nostra strategia di sponsorizzazione, che fa della promozione della cultura una delle principali aree di intervento della Compagnia\u201d.<\/em><\/p>\n<p align=\"center\">\n<p align=\"center\">Avatar Live \u00e8 una produzione di Avex Classics International su licenza Lightstorm Entertainment, 20th Century Studios and Disney Concerts, a division of ABC, Inc. \u00a9 All rights reserved.<\/p>\n<p align=\"center\"><em>Il concerto ha una durata di 2 ore e 50 minuti circa, compreso un intervallo di 20 minuti.<\/em><\/p>\n<p align=\"center\">\n<p align=\"center\"><strong><u>ROMA FILM MUSIC FESTIVAL<\/u><\/strong><\/p>\n<p align=\"center\"><a href=\"https:\/\/mailstat.us\/tr\/t2\/02f4a0b\/9rumsw80ssreez\/11\/https:\/\/gdgpress.voxmail.it\/nl\/pvwqdx\/zjf1g0\/kb5yfm\/uf\/11\/aHR0cDovL3d3dy5yb21hZm1mLmNvbS8?_d=A25&amp;_c=b23f61f9\" target=\"_blank\" rel=\"noopener\" data-saferedirecturl=\"https:\/\/www.google.com\/url?q=https:\/\/mailstat.us\/tr\/t2\/02f4a0b\/9rumsw80ssreez\/11\/https:\/\/gdgpress.voxmail.it\/nl\/pvwqdx\/zjf1g0\/kb5yfm\/uf\/11\/aHR0cDovL3d3dy5yb21hZm1mLmNvbS8?_d%3DA25%26_c%3Db23f61f9&amp;source=gmail&amp;ust=1741446985899000&amp;usg=AOvVaw0gLzYnPwzQCM-vUG6hWi2B\">www.romafmf.com<\/a>\u00a0&#8211;\u00a0<a href=\"https:\/\/mailstat.us\/tr\/t2\/928c423\/9rumsw80ssreez\/12\/http:\/\/www.orchestraitalianadelcinema.it\" target=\"_blank\" rel=\"noopener\" data-saferedirecturl=\"https:\/\/www.google.com\/url?q=https:\/\/mailstat.us\/tr\/t2\/928c423\/9rumsw80ssreez\/12\/http:\/\/www.orchestraitalianadelcinema.it&amp;source=gmail&amp;ust=1741446985899000&amp;usg=AOvVaw36gkOMwmbk-Ukk7JW7iqoQ\">www.<wbr \/>orchestraitalianadelcinema.it<\/a><\/p>\n<p align=\"center\"><strong><u>BIGLIETTERIA<\/u><\/strong><\/p>\n<p align=\"center\"><a href=\"https:\/\/mailstat.us\/tr\/t2\/81be1b3\/9rumsw80ssreez\/13\/https:\/\/gdgpress.voxmail.it\/nl\/pvwqdx\/zjf1g0\/kb5yfm\/uf\/12\/aHR0cHM6Ly93d3cudGlja2V0b25lLml0L2FydGlzdC9hdmF0YXItbGl2ZS1pbi1jb25jZXJ0Lw?_d=A25&amp;_c=f024a56f\" target=\"_blank\" rel=\"noopener\" data-saferedirecturl=\"https:\/\/www.google.com\/url?q=https:\/\/mailstat.us\/tr\/t2\/81be1b3\/9rumsw80ssreez\/13\/https:\/\/gdgpress.voxmail.it\/nl\/pvwqdx\/zjf1g0\/kb5yfm\/uf\/12\/aHR0cHM6Ly93d3cudGlja2V0b25lLml0L2FydGlzdC9hdmF0YXItbGl2ZS1pbi1jb25jZXJ0Lw?_d%3DA25%26_c%3Df024a56f&amp;source=gmail&amp;ust=1741446985899000&amp;usg=AOvVaw17nth11LQ4rpdBTzVWsG5d\"><strong>LINK AQUISTO BIGLIETTI<\/strong><\/a><br \/>\n<a href=\"https:\/\/mailstat.us\/tr\/t2\/c1bf423\/9rumsw80ssreez\/14\/https:\/\/gdgpress.voxmail.it\/nl\/pvwqdx\/zjf1g0\/kb5yfm\/uf\/13\/bWFpbHRvOmJveG9mZmljZUByb21hZm1mLmNvbQ?_d=A25&amp;_c=0c254475\" target=\"_blank\" rel=\"noopener\" data-saferedirecturl=\"https:\/\/www.google.com\/url?q=https:\/\/mailstat.us\/tr\/t2\/c1bf423\/9rumsw80ssreez\/14\/https:\/\/gdgpress.voxmail.it\/nl\/pvwqdx\/zjf1g0\/kb5yfm\/uf\/13\/bWFpbHRvOmJveG9mZmljZUByb21hZm1mLmNvbQ?_d%3DA25%26_c%3D0c254475&amp;source=gmail&amp;ust=1741446985899000&amp;usg=AOvVaw3E561CSZYPY1Q1m32YaQH-\">boxoffice@romafmf.com<\/a>\u00a0&#8211;\u00a0<a href=\"https:\/\/mailstat.us\/tr\/t2\/2fe1030\/9rumsw80ssreez\/15\/https:\/\/gdgpress.voxmail.it\/nl\/pvwqdx\/zjf1g0\/kb5yfm\/uf\/14\/aHR0cDovL3d3dy5yb21hZm1mLmNvbS8?_d=A25&amp;_c=db34c8fb\" target=\"_blank\" rel=\"noopener\" data-saferedirecturl=\"https:\/\/www.google.com\/url?q=https:\/\/mailstat.us\/tr\/t2\/2fe1030\/9rumsw80ssreez\/15\/https:\/\/gdgpress.voxmail.it\/nl\/pvwqdx\/zjf1g0\/kb5yfm\/uf\/14\/aHR0cDovL3d3dy5yb21hZm1mLmNvbS8?_d%3DA25%26_c%3Ddb34c8fb&amp;source=gmail&amp;ust=1741446985899000&amp;usg=AOvVaw3KrAKRkojz2TpRvEVrYu0m\">www.<wbr \/>romafmf.com<\/a><\/p>\n<p align=\"center\"><strong><u>\u00a0I LUOGHI DEL FESTIVAL<\/u><\/strong><\/p>\n<p align=\"center\"><strong>Auditorium Conciliazione<\/strong><\/p>\n<p align=\"center\">Via della Conciliazione 4, 00193 Roma<\/p>\n<p align=\"center\"><a href=\"https:\/\/mailstat.us\/tr\/t2\/97607a1\/9rumsw80ssreez\/16\/https:\/\/gdgpress.voxmail.it\/nl\/pvwqdx\/zjf1g0\/kb5yfm\/uf\/15\/aHR0cDovL3d3dy5hdWRpdG9yaXVtY29uY2lsaWF6aW9uZS5pdC8?_d=A25&amp;_c=3dea10e2\" target=\"_blank\" rel=\"noopener\" data-saferedirecturl=\"https:\/\/www.google.com\/url?q=https:\/\/mailstat.us\/tr\/t2\/97607a1\/9rumsw80ssreez\/16\/https:\/\/gdgpress.voxmail.it\/nl\/pvwqdx\/zjf1g0\/kb5yfm\/uf\/15\/aHR0cDovL3d3dy5hdWRpdG9yaXVtY29uY2lsaWF6aW9uZS5pdC8?_d%3DA25%26_c%3D3dea10e2&amp;source=gmail&amp;ust=1741446985899000&amp;usg=AOvVaw0b2TJqQHAly8mem3G5K_Xf\">www.auditoriumconciliazione.it<\/a><\/p>\n<p align=\"center\"><strong>Forum Theatre<\/strong><\/p>\n<p align=\"center\">Piazza Euclide, 34, 00197 Roma<\/p>\n<p align=\"center\"><strong>Teatro Arcimboldi<\/strong><\/p>\n<p align=\"center\">Viale dell\u2019Innovazione n. 20, 20126 Milano<\/p>\n<p align=\"center\"><a href=\"https:\/\/mailstat.us\/tr\/t2\/e5db1cf\/9rumsw80ssreez\/17\/https:\/\/gdgpress.voxmail.it\/nl\/pvwqdx\/zjf1g0\/kb5yfm\/uf\/16\/aHR0cDovL3d3dy50ZWF0cm9hcmNpbWJvbGRpLml0Lw?_d=A25&amp;_c=1cf4e8fa\" target=\"_blank\" rel=\"noopener\" data-saferedirecturl=\"https:\/\/www.google.com\/url?q=https:\/\/mailstat.us\/tr\/t2\/e5db1cf\/9rumsw80ssreez\/17\/https:\/\/gdgpress.voxmail.it\/nl\/pvwqdx\/zjf1g0\/kb5yfm\/uf\/16\/aHR0cDovL3d3dy50ZWF0cm9hcmNpbWJvbGRpLml0Lw?_d%3DA25%26_c%3D1cf4e8fa&amp;source=gmail&amp;ust=1741446985899000&amp;usg=AOvVaw2LZwjg2s3ZLvA9tcdIGpaG\">www.teatroarcimboldi.it<\/a><\/p>\n","protected":false},"excerpt":{"rendered":"<div class=\"mh-excerpt\"><p>Dal 6 al 12 aprile la quarta edizione della manifestazione\u00a0internazionale dedicata alle colonne sonore ROMA FILM MUSIC FESTIVAL \u201cAVATAR LIVE\u201d IN PRIMA EUROPEA CON 120 <a class=\"mh-excerpt-more\" href=\"https:\/\/www.piuomenopop.it\/index.php\/2025\/03\/07\/roma-film-music-festival-iv-edizione-avatar-suona-in-prima-europea-e-profondo-rosso-rivive-live-per-i-50-anni\/\" title=\"ROMA FILM MUSIC FESTIVAL IV edizione: Avatar suona in prima europea e Profondo rosso rivive live per i 50 anni\">[&#8230;]<\/a><\/p>\n<\/div>","protected":false},"author":2,"featured_media":89313,"comment_status":"closed","ping_status":"closed","sticky":false,"template":"","format":"standard","meta":{"sfsi_plus_gutenberg_text_before_share":"","sfsi_plus_gutenberg_show_text_before_share":"","sfsi_plus_gutenberg_icon_type":"","sfsi_plus_gutenberg_icon_alignemt":"","sfsi_plus_gutenburg_max_per_row":"","footnotes":"","_links_to":"","_links_to_target":""},"categories":[3],"tags":[14437],"class_list":["post-89312","post","type-post","status-publish","format-standard","has-post-thumbnail","hentry","category-news","tag-roma-film-music-festival"],"aioseo_notices":[],"_links":{"self":[{"href":"https:\/\/www.piuomenopop.it\/index.php\/wp-json\/wp\/v2\/posts\/89312","targetHints":{"allow":["GET"]}}],"collection":[{"href":"https:\/\/www.piuomenopop.it\/index.php\/wp-json\/wp\/v2\/posts"}],"about":[{"href":"https:\/\/www.piuomenopop.it\/index.php\/wp-json\/wp\/v2\/types\/post"}],"author":[{"embeddable":true,"href":"https:\/\/www.piuomenopop.it\/index.php\/wp-json\/wp\/v2\/users\/2"}],"replies":[{"embeddable":true,"href":"https:\/\/www.piuomenopop.it\/index.php\/wp-json\/wp\/v2\/comments?post=89312"}],"version-history":[{"count":1,"href":"https:\/\/www.piuomenopop.it\/index.php\/wp-json\/wp\/v2\/posts\/89312\/revisions"}],"predecessor-version":[{"id":89314,"href":"https:\/\/www.piuomenopop.it\/index.php\/wp-json\/wp\/v2\/posts\/89312\/revisions\/89314"}],"wp:featuredmedia":[{"embeddable":true,"href":"https:\/\/www.piuomenopop.it\/index.php\/wp-json\/wp\/v2\/media\/89313"}],"wp:attachment":[{"href":"https:\/\/www.piuomenopop.it\/index.php\/wp-json\/wp\/v2\/media?parent=89312"}],"wp:term":[{"taxonomy":"category","embeddable":true,"href":"https:\/\/www.piuomenopop.it\/index.php\/wp-json\/wp\/v2\/categories?post=89312"},{"taxonomy":"post_tag","embeddable":true,"href":"https:\/\/www.piuomenopop.it\/index.php\/wp-json\/wp\/v2\/tags?post=89312"}],"curies":[{"name":"wp","href":"https:\/\/api.w.org\/{rel}","templated":true}]}}