{"id":89319,"date":"2025-03-07T19:29:24","date_gmt":"2025-03-07T18:29:24","guid":{"rendered":"https:\/\/www.piuomenopop.it\/?p=89319"},"modified":"2025-03-07T19:29:24","modified_gmt":"2025-03-07T18:29:24","slug":"la-prima-estate-lucio-corsi-e-peter-cat-recording-co-i-primi-artisti-della-line-up-di-domenica-29-giugno","status":"publish","type":"post","link":"https:\/\/www.piuomenopop.it\/index.php\/2025\/03\/07\/la-prima-estate-lucio-corsi-e-peter-cat-recording-co-i-primi-artisti-della-line-up-di-domenica-29-giugno\/","title":{"rendered":"LA PRIMA ESTATE: LUCIO CORSI e PETER CAT RECORDING CO i primi artisti della Line Up di domenica 29 giugno"},"content":{"rendered":"<p align=\"center\"><strong>La IV edizione dal 20 al 22 e dal 27 al 29 giugno a Lido di Camaiore \u00a0\u00a0<\/strong><\/p>\n<p align=\"center\"><strong>\u00a0<\/strong><\/p>\n<p align=\"center\"><strong>\u201cLA PRIMA ESTATE\u201d<\/strong><\/p>\n<p align=\"center\"><strong>TRE SERATE SPECIALI (27, 28 E 29 GIUGNO) SI AGGIUNGONO<\/strong><\/p>\n<p align=\"center\"><strong>AI CONCERTI DEL PRIMO WEEKEND<\/strong><\/p>\n<p><strong>\u00a0<\/strong><\/p>\n<p align=\"center\"><strong>ANNUNCIATI I PRIMI ARTISTI DELLA LINEUP DI DOMENICA 29 GIUGNO<\/strong><\/p>\n<p align=\"center\"><strong>\u00a0<\/strong><\/p>\n<p align=\"center\"><strong>LUCIO CORSI<\/strong><\/p>\n<p align=\"center\"><strong>PETER CAT RECORDING CO.<\/strong><\/p>\n<p align=\"center\"><strong>\u00a0<\/strong><\/p>\n<p align=\"center\"><strong>BIGLIETTI SU\u00a0<\/strong><a href=\"https:\/\/gdgpress.voxmail.it\/nl\/pvwqdx\/wxjhm5\/wx1ggd7\/uf\/1\/aHR0cDovL3d3dy50aWNrZXRvbmUuaXQv?_d=A23&amp;_c=f3a1cddc\" target=\"_blank\" rel=\"noopener\" data-saferedirecturl=\"https:\/\/www.google.com\/url?q=https:\/\/gdgpress.voxmail.it\/nl\/pvwqdx\/wxjhm5\/wx1ggd7\/uf\/1\/aHR0cDovL3d3dy50aWNrZXRvbmUuaXQv?_d%3DA23%26_c%3Df3a1cddc&amp;source=gmail&amp;ust=1741458233273000&amp;usg=AOvVaw1AGdEqk6SD0TZOvp9D5-FQ\"><strong>WWW.TICKETONE.IT<\/strong><\/a><\/p>\n<p>Dopo aver svelato la lineup del primo weekend dal 20 al 22 giugno, La Prima Estate, il festival a Lido di Camaiore tra i pi\u00f9 attesi dell\u2019estate italiana, si prepara ad annunciare\u00a0<strong>il primo di<\/strong>\u00a0<strong>tre appuntamenti speciali<\/strong>\u00a0per il\u00a0<strong>secondo weekend<\/strong>, in programma dal\u00a0<strong>27 al 29 giugno.<\/strong><\/p>\n<p>Tre giornate tematiche che vanno ad aggiungersi al gi\u00e0 ricco e prestigioso cartellone della quarta edizione.<\/p>\n<p>&nbsp;<\/p>\n<p>Sar\u00e0\u00a0<strong>Lucio Corsi<\/strong>\u00a0l\u2019<strong>headliner di domenica 29 giugno:\u00a0<\/strong>al Parco BussolaDomani sale sul palco il cantautore che ha conquistato tutta Italia con la sua\u00a0<em>\u201cVolevo essere un duro\u201d<\/em>, tra i protagonisti della 75esima edizione del Festival di Sanremo, dove ha ottenuto il secondo posto e il Premio della Critica Mia Martini. L\u2019artista toscano, che rappresenter\u00e0 l\u2019Italia all\u2019Eurovision Song Contest 2025, presenta dal vivo il nuovo album in uscita in digitale il 21 marzo, un\u2019occasione speciale per vivere le sue nuove canzoni e riscoprire il repertorio di un cantautore unico che fonde sonorit\u00e0 folk e rock d\u2019autore con un tocco visionario.<\/p>\n<p><strong>In apertura<\/strong>\u00a0tocca a\u00a0<strong>Peter Cat Recording Co<\/strong>., la band di Nuova Delhi nota per la sua capacit\u00e0 di spingersi oltre ogni confine grazie a sonorit\u00e0 che riflettono sia le proprie radici indiane che una sensibilit\u00e0 globale. Dopo essersi esibiti in un tour sold-out in tutto il mondo, presenteranno le canzoni dell\u2019ultimo disco\u00a0<em>Beta<\/em>\u00a0per portare sul palco de La Prima Estate la loro poliedrica fusione tra indie, bossa nova, jazz e psichedelia.<\/p>\n<p><strong>Una proposta sempre vivace\u00a0<\/strong>quella de La Prima Estate,<strong>\u00a0che guarda all\u2019attualit\u00e0 ma allo stesso tempo non teme sperimentare.<\/strong><\/p>\n<p>Dopo un fine settimana (20-21-22 giugno) con<strong>\u00a0Kings of Leon, Air, St. Vincent<\/strong>,\u00a0<strong>Mogwai, Tv On The Radio, Spiritualized, Yard Act, Calibro 35 e Nic Cester<\/strong>, una nuova serata che punta sulla versatilit\u00e0 e sullo spessore artistico, con lo sguardo sempre attento al meglio della scena italiana e internazionale.<\/p>\n<p>Un tassello in pi\u00f9 che si aggiunge all\u2019edizione 2025 di un festival per chi ama la buona musica e ama viverla in uno spirito di comunit\u00e0, con il mare sullo sfondo e tante e tanti nomi da riascoltare o scoprire ogni giorno.<\/p>\n<p><strong>I biglietti per domenica 29 giugno sono disponibili<\/strong>\u00a0<strong>da marted\u00ec 4 marzo dalle ore 12:00\u00a0<\/strong>su\u00a0<a href=\"https:\/\/gdgpress.voxmail.it\/nl\/pvwqdx\/wxjhm5\/wx1ggd7\/uf\/2\/aHR0cDovL3d3dy50aWNrZXRvbmUuaXQv?_d=A23&amp;_c=276e19c1\" target=\"_blank\" rel=\"noopener\" data-saferedirecturl=\"https:\/\/www.google.com\/url?q=https:\/\/gdgpress.voxmail.it\/nl\/pvwqdx\/wxjhm5\/wx1ggd7\/uf\/2\/aHR0cDovL3d3dy50aWNrZXRvbmUuaXQv?_d%3DA23%26_c%3D276e19c1&amp;source=gmail&amp;ust=1741458233273000&amp;usg=AOvVaw13EOxoEUpnMROWWtNSrN59\">www.ticketone.it<\/a><\/p>\n<p>L\u2019abbonamento weekend (dal 20 al 22 giugno) \u00e8 acquistabile su\u00a0<a href=\"https:\/\/gdgpress.voxmail.it\/nl\/pvwqdx\/wxjhm5\/wx1ggd7\/uf\/3\/aHR0cDovL3d3dy50aWNrZXRvbmUuaXQv?_d=A23&amp;_c=2ec0ceba\" target=\"_blank\" rel=\"noopener\" data-saferedirecturl=\"https:\/\/www.google.com\/url?q=https:\/\/gdgpress.voxmail.it\/nl\/pvwqdx\/wxjhm5\/wx1ggd7\/uf\/3\/aHR0cDovL3d3dy50aWNrZXRvbmUuaXQv?_d%3DA23%26_c%3D2ec0ceba&amp;source=gmail&amp;ust=1741458233273000&amp;usg=AOvVaw03QH5vMU4cSBoiwYuTnKvN\">www.ticketone.it<\/a><\/p>\n<p>&nbsp;<\/p>\n<p>Powering partner de La Prima Estate \u00e8\u00a0<strong>Farma\u00e8<\/strong>; il\u00a0<strong>Comune di Camaiore\u00a0<\/strong>e la\u00a0<strong>Regione Toscana<\/strong>\u00a0sono i partner istituzionali.<\/p>\n<p><strong>Radio Mediaset<\/strong>\u00a0da quest\u2019anno \u00e8 partner del festival garantendo il supporto di tre radio del suo gruppo,\u00a0<strong>Virgin, 105 e Radio Montecarlo<\/strong>, che diventano radio ufficiali de La Prima Estate 2025.<\/p>\n","protected":false},"excerpt":{"rendered":"<div class=\"mh-excerpt\"><p>La IV edizione dal 20 al 22 e dal 27 al 29 giugno a Lido di Camaiore \u00a0\u00a0 \u00a0 \u201cLA PRIMA ESTATE\u201d TRE SERATE SPECIALI <a class=\"mh-excerpt-more\" href=\"https:\/\/www.piuomenopop.it\/index.php\/2025\/03\/07\/la-prima-estate-lucio-corsi-e-peter-cat-recording-co-i-primi-artisti-della-line-up-di-domenica-29-giugno\/\" title=\"LA PRIMA ESTATE: LUCIO CORSI e PETER CAT RECORDING CO i primi artisti della Line Up di domenica 29 giugno\">[&#8230;]<\/a><\/p>\n<\/div>","protected":false},"author":2,"featured_media":88937,"comment_status":"closed","ping_status":"closed","sticky":false,"template":"","format":"standard","meta":{"sfsi_plus_gutenberg_text_before_share":"","sfsi_plus_gutenberg_show_text_before_share":"","sfsi_plus_gutenberg_icon_type":"","sfsi_plus_gutenberg_icon_alignemt":"","sfsi_plus_gutenburg_max_per_row":"","footnotes":"","_links_to":"","_links_to_target":""},"categories":[5184,730,3],"tags":[12920],"class_list":["post-89319","post","type-post","status-publish","format-standard","has-post-thumbnail","hentry","category-calendario-concerti","category-festival","category-news","tag-la-prima-estate"],"aioseo_notices":[],"_links":{"self":[{"href":"https:\/\/www.piuomenopop.it\/index.php\/wp-json\/wp\/v2\/posts\/89319","targetHints":{"allow":["GET"]}}],"collection":[{"href":"https:\/\/www.piuomenopop.it\/index.php\/wp-json\/wp\/v2\/posts"}],"about":[{"href":"https:\/\/www.piuomenopop.it\/index.php\/wp-json\/wp\/v2\/types\/post"}],"author":[{"embeddable":true,"href":"https:\/\/www.piuomenopop.it\/index.php\/wp-json\/wp\/v2\/users\/2"}],"replies":[{"embeddable":true,"href":"https:\/\/www.piuomenopop.it\/index.php\/wp-json\/wp\/v2\/comments?post=89319"}],"version-history":[{"count":2,"href":"https:\/\/www.piuomenopop.it\/index.php\/wp-json\/wp\/v2\/posts\/89319\/revisions"}],"predecessor-version":[{"id":89321,"href":"https:\/\/www.piuomenopop.it\/index.php\/wp-json\/wp\/v2\/posts\/89319\/revisions\/89321"}],"wp:featuredmedia":[{"embeddable":true,"href":"https:\/\/www.piuomenopop.it\/index.php\/wp-json\/wp\/v2\/media\/88937"}],"wp:attachment":[{"href":"https:\/\/www.piuomenopop.it\/index.php\/wp-json\/wp\/v2\/media?parent=89319"}],"wp:term":[{"taxonomy":"category","embeddable":true,"href":"https:\/\/www.piuomenopop.it\/index.php\/wp-json\/wp\/v2\/categories?post=89319"},{"taxonomy":"post_tag","embeddable":true,"href":"https:\/\/www.piuomenopop.it\/index.php\/wp-json\/wp\/v2\/tags?post=89319"}],"curies":[{"name":"wp","href":"https:\/\/api.w.org\/{rel}","templated":true}]}}