{"id":89617,"date":"2025-03-25T15:56:37","date_gmt":"2025-03-25T14:56:37","guid":{"rendered":"https:\/\/www.piuomenopop.it\/?p=89617"},"modified":"2025-03-25T15:57:11","modified_gmt":"2025-03-25T14:57:11","slug":"niccolo-fabi-esce-il-16-maggio-il-nuovo-album-liberta-negli-occhi","status":"publish","type":"post","link":"https:\/\/www.piuomenopop.it\/index.php\/2025\/03\/25\/niccolo-fabi-esce-il-16-maggio-il-nuovo-album-liberta-negli-occhi\/","title":{"rendered":"Niccol\u00f2 Fabi: esce il 16 maggio il nuovo album &#8220;Libert\u00e0 negli occhi&#8221;."},"content":{"rendered":"<div>\n<p style=\"text-align: center;\"><strong>NICCOL\u00d2 FABI<\/strong><\/p>\n<p style=\"text-align: center;\"><strong>ESCE IL 16 MAGGIO IL NUOVO ALBUM<\/strong><\/p>\n<p style=\"text-align: center;\"><strong>LIBERT\u00c0 NEGLI OCCHI<\/strong><\/p>\n<p style=\"text-align: center;\"><strong>\u00c8 DISPONIBILE IN\u00a0<\/strong><a href=\"https:\/\/994kv.r.sp1-brevo.net\/mk\/cl\/f\/sh\/SMK1E8tHeFuBlbZifBlJYfkApEEH\/ejltyh4rmLau\" target=\"_blank\" rel=\"noopener\" data-saferedirecturl=\"https:\/\/www.google.com\/url?q=https:\/\/994kv.r.sp1-brevo.net\/mk\/cl\/f\/sh\/SMK1E8tHeFuBlbZifBlJYfkApEEH\/ejltyh4rmLau&amp;source=gmail&amp;ust=1743000557888000&amp;usg=AOvVaw0u3610A21qvsczQiYiUWtO\"><strong>PRE-ORDER<\/strong><\/a><\/p>\n<p>&nbsp;<\/p>\n<p><i>\u00abLibert\u00e0 negli occhi pi\u00f9 che un disco \u00e8 un regalo che mi sono fatto\u00a0<\/i><\/p>\n<p><i>e allo stesso tempo la testimonianza di un viaggio.\u00a0<\/i><\/p>\n<p><i>In quanto regalo verr\u00e0 pubblicato non casualmente il 16 maggio giorno del mio compleanno.\u00a0<\/i><\/p>\n<p><i>In quanto viaggio mi sembrava giusto che inizialmente uscisse solo come album su vinile e cd, corredato di foto e racconti, nella speranza di riuscire a restituire l\u2019atmosfera che ci ha regalato quella baita in Val di Sole.\u00a0<\/i><\/p>\n<p><i>Ovviamente nella confezione ci sar\u00e0 anche un Qr-Code per poterselo scaricare.\u00a0<\/i><\/p>\n<p><i>Dopo meno di un mese il 13 giugno sar\u00e0 comunque disponibile sulle piattaforme streaming.<\/i><\/p>\n<p><i>Ognuno sceglier\u00e0 la sua modalit\u00e0 preferita.\u00a0<\/i><\/p>\n<p><i>Se parlare della sua forma mi \u00e8 pi\u00f9 semplice, sul contenuto ho pi\u00f9 difficolt\u00e0.\u00a0<\/i><\/p>\n<p><i>Ma tra un paio di settimane si potr\u00e0 iniziare ad ascoltare qualcosa\u00a0<\/i><\/p>\n<p><i>e che la montagna ci protegga e ispiri nell\u2019ascolto\u00bb.<\/i><\/p>\n<p>Niccol\u00f2 Fabi<\/p>\n<\/div>\n<p>&nbsp;<\/p>\n<p><strong>Venerd\u00ec 16 maggio esce \u201cLibert\u00e0 negli occhi\u201d il nuovo album di inediti di Niccol\u00f2 Fabi, in uscita per BMG.\u00a0<\/strong>Decimo album di inediti della carriera del cantautore,\u00a0<strong>\u201cLibert\u00e0 negli occhi\u201d sar\u00e0 disponibile negli store fisici e online in due esclusive versioni, entrambe in edizione limitata e numerata; la versione in formato vinile e la versione in formato CD,\u00a0<\/strong>quest\u2019ultima accompagnata da un libretto di 56 pagine,\u00a0<strong>conteranno<\/strong>\u00a0oltre ai testi delle canzoni,<strong>\u00a0uno scritto inedito\u00a0<\/strong>a firma<strong>\u00a0del cantautore e\u00a0<\/strong>una serie di<strong>\u00a0fotografie che raccontano e trasportano nell\u2019atmosfera intima della baita\u00a0<\/strong>in cui il disco \u00e8 stato registrato e prodotto.<\/p>\n<p>Chiunque<strong>\u00a0acquister\u00e0 il disco in formato fisico\u00a0<\/strong>\u2013 CD o VINILE \u2013 avr\u00e0 la possibilit\u00e0<strong>\u00a0tramite QrCode\u00a0<\/strong>di<strong>\u00a0scaricare la versione digitale dell\u2019album, che sar\u00e0 disponibile su tutte le piattaforme streaming solo a partire dal 13 giugno.\u00a0<\/strong><\/p>\n<p>&nbsp;<\/p>\n<p><strong>Dal 18 marzo, \u00e8 disponibile il pre-order dell\u2019album al seguente link:<\/strong><strong>\u00a0\u00a0<\/strong><a href=\"https:\/\/994kv.r.sp1-brevo.net\/mk\/cl\/f\/sh\/SMK1E8tHeG13DkOfqLuneV2unWoX\/eMxUFmgp3U1A\" target=\"_blank\" rel=\"noopener\" data-saferedirecturl=\"https:\/\/www.google.com\/url?q=https:\/\/994kv.r.sp1-brevo.net\/mk\/cl\/f\/sh\/SMK1E8tHeG13DkOfqLuneV2unWoX\/eMxUFmgp3U1A&amp;source=gmail&amp;ust=1743000557888000&amp;usg=AOvVaw3g5zYzmc6N4uwlEeIMedGf\"><strong>https:\/\/NiccoloFabi.lnk.to\/<wbr \/>libertanegliocchiPR<\/strong><\/a><\/p>\n<p>&nbsp;<\/p>\n<p><strong>I<\/strong><strong>l nuovo album di Niccol\u00f2 Fabi si compone di 9 nuove canzoni<\/strong>, scritte tra Roma e il Lago dei Caprioli di Pellizzano (TN). Da sempre molto legato al Trentino Alto Adige e alle sue montagne,\u00a0<strong>Niccol\u00f2 ha scelto il Lago dei Caprioli<\/strong>\u00a0(localit\u00e0 Fazzon, val di Sole)\u00a0<strong>come luogo in cui vestire le sue canzoni e giocare a sperimentare insieme ai 6 compagni di viaggio che ha voluto al suo fianco per la realizzazione di questo nuovo progetto<\/strong>:\u00a0<strong>Roberto Angelini<\/strong>, cantautore e suo ventennale compagno di musica; il cantautore\u00a0<strong>Alberto Bianco<\/strong>\u00a0e il batterista\u00a0<strong>Filippo Cornaglia<\/strong>, con cui condivide il palco e collabora da quasi 10 anni;\u00a0<strong>Emma Nolde<\/strong>, nuova perla del cantautorato italiano;\u00a0<strong>Cesare Augusto Giorgini<\/strong>, cantautore e producer conosciuto grazie all\u2019esperienza presso Officina delle Arti Pierpaolo Pasolini; e\u00a0<strong>Riccardo Parravicini<\/strong>, sound engineer a cui si accompagna da pi\u00f9 di 15 anni.<\/p>\n<p>&nbsp;<\/p>\n<p>Tutti insieme, lontani dalla frenesia, dai doveri e le responsabilit\u00e0 del quotidiano,<strong>\u00a0\u00ab<\/strong><i><strong>con il desiderio unico di fotografare un momento di felicit\u00e0, un momento in cui la libert\u00e0 si cristallizza in un tempo presente, puro e senza scelte, come quello dei bambini<\/strong><\/i><strong>\u00bb.\u00a0<\/strong><\/p>\n<p>\u201c<strong>Libert\u00e0 negli occhi<\/strong>\u201d \u00e8 il risultato di una vera e propria\u00a0<strong>residenza artistica.\u00a0<\/strong>Un modo antico, ma abbastanza inusuale di questi tempi, di pensare alla creazione di un disco; trascorrendo 10 giorni in un luogo sperduto tra le montagne, di fronte ad un lago ghiacciato circondato dalla neve, e trasformando un grande sala, tutta in legno con una vetrata immensa, in uno studio di registrazione con un universo di strumenti con cui sperimentare e divertirsi creando e suonando insieme.<\/p>\n<p>&nbsp;<\/p>\n<p><strong>\u00abLibert\u00e0 \u00e8 anche un modo di guardare le cose e indirizzare la propria esistenza. Parafrasando quello che pensano i motociclisti prima di entrare in curva, la vita va dove va il tuo sguardo\u00bb.<\/strong><\/p>\n<p>&nbsp;<\/p>\n<p><strong>Qui la tracklist di \u201cLibert\u00e0 negli occhi\u201d<\/strong>:<strong>\u00a0<\/strong><i>Alba<\/i>,\u00a0<i>L&#8217;amore capita<\/i>,\u00a0<i>Acqua che scorre<\/i>,\u00a0<i>Nessuna battaglia<\/i>,\u00a0<i>Casa di gemma<\/i>, C<i>hi mi conosce meglio di te<\/i>,\u00a0<i>Custodi del fuoco<\/i>,\u00a0<i>Libert\u00e0 negli occhi<\/i>\u00a0e\u00a0<i>Al cuore gentile<\/i>.<\/p>\n<p>&nbsp;<\/p>\n<p>Qui il link al post di Niccol\u00f2 Fabi:\u00a0<a href=\"https:\/\/994kv.r.sp1-brevo.net\/mk\/cl\/f\/sh\/SMK1E8tHeG7uftDd1W4HkKLelpOn\/mFOOk9ur3bCj\" target=\"_blank\" rel=\"noopener\" data-saferedirecturl=\"https:\/\/www.google.com\/url?q=https:\/\/994kv.r.sp1-brevo.net\/mk\/cl\/f\/sh\/SMK1E8tHeG7uftDd1W4HkKLelpOn\/mFOOk9ur3bCj&amp;source=gmail&amp;ust=1743000557888000&amp;usg=AOvVaw1O77cCYmCW_6874ES5pSBc\">https:\/\/www.instagram.com\/p\/<wbr \/>DHVklZgsjGk\/?img_index=1&amp;igsh=<wbr \/>djFsdDlxZ3d4Mmhk<\/a><\/p>\n<p>&nbsp;<\/p>\n<p>Un ringraziamento a Trentino Marketing, APT Val di Sole e Comune di Pellizzano per il contributo e la collaborazione.<\/p>\n<p>&nbsp;<\/p>\n<p><strong>Ad ottobre Niccol\u00f2 Fabi presenter\u00e0 i brani del nuovo album e le canzoni del suo repertorio nella tourn\u00e9e teatrale \u201cLibert\u00e0 negli occhi Tour 2025\u201d<\/strong>:\u00a0<a href=\"https:\/\/994kv.r.sp1-brevo.net\/mk\/cl\/f\/sh\/SMK1E8tHeGEm822aCgDlq9eOk7z3\/TYC4Ca78Nong\" target=\"_blank\" rel=\"noopener\" data-saferedirecturl=\"https:\/\/www.google.com\/url?q=https:\/\/994kv.r.sp1-brevo.net\/mk\/cl\/f\/sh\/SMK1E8tHeGEm822aCgDlq9eOk7z3\/TYC4Ca78Nong&amp;source=gmail&amp;ust=1743000557888000&amp;usg=AOvVaw3ZrPtKL8do8ENr_k-O-ujQ\">https:\/\/www.magellanoconcerti.<wbr \/>it\/tour\/171\/niccolo-fabi-<wbr \/>liberta-negli-occhi-tour-2025<\/a><\/p>\n<p>&nbsp;<\/p>\n<p style=\"text-align: center;\"><strong>LIBERT\u00c0 NEGLI OCCHI TOUR 2025:<\/strong><\/p>\n<p style=\"text-align: center;\">04 ottobre &#8211;\u00a0<strong>ISERNIA<\/strong>\u00a0&#8211; Auditorium 10 settembre 1943<\/p>\n<p style=\"text-align: center;\">09 ottobre &#8211;\u00a0<strong>RAVENNA<\/strong>\u00a0&#8211; teatro alighieri<\/p>\n<p style=\"text-align: center;\">11 ottobre &#8211;\u00a0<strong>MILANO<\/strong>\u00a0&#8211; Teatro Arcimboldi<\/p>\n<p style=\"text-align: center;\">13 ottobre &#8211;\u00a0<strong>BOLOGNA<\/strong>\u00a0&#8211; Europauditorium<\/p>\n<p style=\"text-align: center;\">15 ottobre &#8211;\u00a0<strong>Torino<\/strong>\u00a0&#8211; Teatro Colosseo<\/p>\n<p style=\"text-align: center;\">20 ottobre &#8211;\u00a0<strong>PADOVA<\/strong>\u00a0&#8211; Gran Teatro Geox<\/p>\n<p style=\"text-align: center;\">25 ottobre &#8211;\u00a0<strong>ASSISI<\/strong>\u00a0(PG) &#8211; Teatro Lyrick<\/p>\n<p style=\"text-align: center;\">26 ottobre &#8211;\u00a0<strong>PESCARA<\/strong>\u00a0&#8211; Teatro Massimo<\/p>\n<p style=\"text-align: center;\">04 novembre &#8211;\u00a0<strong>NAPOLI<\/strong>\u00a0&#8211; Teatro Augusteo<\/p>\n<p style=\"text-align: center;\">05 novembre &#8211;\u00a0<strong>BARI<\/strong>\u00a0&#8211; Teatro Team<\/p>\n<p style=\"text-align: center;\">07 novembre &#8211;\u00a0<strong>CATANIA<\/strong>\u00a0&#8211; Teatro Metropolitan<\/p>\n<p style=\"text-align: center;\">08 novembre &#8211;\u00a0<strong>PALERMO<\/strong>\u00a0&#8211; Teatro Golden<\/p>\n<p style=\"text-align: center;\">11 novembre &#8211;\u00a0<strong>UDINE<\/strong>\u00a0&#8211; Teatro Nuovo Giovanni da Udine<\/p>\n<p style=\"text-align: center;\">12 novembre &#8211;\u00a0<strong>PARMA<\/strong>\u00a0&#8211; Teatro Regio<\/p>\n<p style=\"text-align: center;\">14 novembre &#8211;\u00a0<strong>LUGANO<\/strong>\u00a0(CH) &#8211; Palazzo dei Congressi<\/p>\n<p style=\"text-align: center;\">16 novembre &#8211;\u00a0<strong>LIVORNO<\/strong>\u00a0&#8211; Teatro Goldoni<\/p>\n<p style=\"text-align: center;\">17 novembre &#8211;\u00a0<strong>FIRENZE<\/strong>\u00a0&#8211; Teatro Verdi<\/p>\n<p style=\"text-align: center;\">19 novembre &#8211;\u00a0<strong>ROMA<\/strong>\u00a0&#8211; Auditorium Parco della Musica Ennio Morricone<\/p>\n<p style=\"text-align: center;\">20 novembre &#8211;\u00a0<strong>ROMA<\/strong>\u00a0&#8211; Auditorium Parco della Musica Ennio Morricone<\/p>\n","protected":false},"excerpt":{"rendered":"<div class=\"mh-excerpt\"><p>NICCOL\u00d2 FABI ESCE IL 16 MAGGIO IL NUOVO ALBUM LIBERT\u00c0 NEGLI OCCHI \u00c8 DISPONIBILE IN\u00a0PRE-ORDER &nbsp; \u00abLibert\u00e0 negli occhi pi\u00f9 che un disco \u00e8 un <a class=\"mh-excerpt-more\" href=\"https:\/\/www.piuomenopop.it\/index.php\/2025\/03\/25\/niccolo-fabi-esce-il-16-maggio-il-nuovo-album-liberta-negli-occhi\/\" title=\"Niccol\u00f2 Fabi: esce il 16 maggio il nuovo album &#8220;Libert\u00e0 negli occhi&#8221;.\">[&#8230;]<\/a><\/p>\n<\/div>","protected":false},"author":2,"featured_media":89618,"comment_status":"closed","ping_status":"closed","sticky":false,"template":"","format":"standard","meta":{"sfsi_plus_gutenberg_text_before_share":"","sfsi_plus_gutenberg_show_text_before_share":"","sfsi_plus_gutenberg_icon_type":"","sfsi_plus_gutenberg_icon_alignemt":"","sfsi_plus_gutenburg_max_per_row":"","footnotes":"","_links_to":"","_links_to_target":""},"categories":[5184,3,8],"tags":[],"class_list":["post-89617","post","type-post","status-publish","format-standard","has-post-thumbnail","hentry","category-calendario-concerti","category-news","category-uscite"],"aioseo_notices":[],"_links":{"self":[{"href":"https:\/\/www.piuomenopop.it\/index.php\/wp-json\/wp\/v2\/posts\/89617","targetHints":{"allow":["GET"]}}],"collection":[{"href":"https:\/\/www.piuomenopop.it\/index.php\/wp-json\/wp\/v2\/posts"}],"about":[{"href":"https:\/\/www.piuomenopop.it\/index.php\/wp-json\/wp\/v2\/types\/post"}],"author":[{"embeddable":true,"href":"https:\/\/www.piuomenopop.it\/index.php\/wp-json\/wp\/v2\/users\/2"}],"replies":[{"embeddable":true,"href":"https:\/\/www.piuomenopop.it\/index.php\/wp-json\/wp\/v2\/comments?post=89617"}],"version-history":[{"count":3,"href":"https:\/\/www.piuomenopop.it\/index.php\/wp-json\/wp\/v2\/posts\/89617\/revisions"}],"predecessor-version":[{"id":89621,"href":"https:\/\/www.piuomenopop.it\/index.php\/wp-json\/wp\/v2\/posts\/89617\/revisions\/89621"}],"wp:featuredmedia":[{"embeddable":true,"href":"https:\/\/www.piuomenopop.it\/index.php\/wp-json\/wp\/v2\/media\/89618"}],"wp:attachment":[{"href":"https:\/\/www.piuomenopop.it\/index.php\/wp-json\/wp\/v2\/media?parent=89617"}],"wp:term":[{"taxonomy":"category","embeddable":true,"href":"https:\/\/www.piuomenopop.it\/index.php\/wp-json\/wp\/v2\/categories?post=89617"},{"taxonomy":"post_tag","embeddable":true,"href":"https:\/\/www.piuomenopop.it\/index.php\/wp-json\/wp\/v2\/tags?post=89617"}],"curies":[{"name":"wp","href":"https:\/\/api.w.org\/{rel}","templated":true}]}}