{"id":90051,"date":"2025-05-16T12:44:10","date_gmt":"2025-05-16T10:44:10","guid":{"rendered":"https:\/\/www.piuomenopop.it\/?p=90051"},"modified":"2025-05-16T12:44:10","modified_gmt":"2025-05-16T10:44:10","slug":"spring-attitude-festival-2025-nuovi-nomi-si-aggiungono-alla-lineup-della-xiv-edizione-12-13-settembre-la-nuvola-eur-roma","status":"publish","type":"post","link":"https:\/\/www.piuomenopop.it\/index.php\/2025\/05\/16\/spring-attitude-festival-2025-nuovi-nomi-si-aggiungono-alla-lineup-della-xiv-edizione-12-13-settembre-la-nuvola-eur-roma\/","title":{"rendered":"SPRING ATTITUDE FESTIVAL 2025 | Nuovi nomi si aggiungono alla lineup della XIV edizione &#8211; 12-13 settembre \/ La Nuvola, EUR &#8211; Roma"},"content":{"rendered":"<h2 class=\"m_-885202179856879018default-heading2\" style=\"text-align: center;\"><strong>SPRING ATTITUDE FESTIVAL 2025<\/strong><\/h2>\n<h2 class=\"m_-885202179856879018default-heading2\" style=\"text-align: center;\"><strong>XIV edizione<\/strong><\/h2>\n<h2 class=\"m_-885202179856879018default-heading2\" style=\"text-align: center;\"><strong>12 \u2013 13 settembre\u00a0<\/strong><\/h2>\n<h2 class=\"m_-885202179856879018default-heading2\" style=\"text-align: center;\"><strong>La Nuvola, EUR &#8211; Roma<\/strong><\/h2>\n<p style=\"text-align: center;\">\n<p style=\"text-align: center;\"><strong><u>Nuovi nomi si aggiungono in lineup:<\/u><\/strong><\/p>\n<p style=\"text-align: center;\">\n<p style=\"text-align: center;\"><strong>APPARAT<\/strong><strong>dj-set<\/strong><strong>\u00a0\u2013\u00a0<\/strong><strong>BICEP\u00a0<\/strong><strong>pres.<\/strong><strong>\u00a0CHROMA\u00a0<\/strong><strong>(A\/V dj) \u2013\u00a0<\/strong><\/p>\n<p style=\"text-align: center;\">\n<p style=\"text-align: center;\"><strong>L\u2019IMP\u00c9RATRICE<\/strong><strong>\u00a0\u2013<\/strong><\/p>\n<p style=\"text-align: center;\">\n<p style=\"text-align: center;\"><strong>ALTIN G\u00dcN \u2013\u00a0<\/strong><strong>COCA PUMA<\/strong><strong>\u00a0\u2013\u00a0<\/strong><strong>DJ GIGOLA<\/strong><strong>\u00a0\u2013\u00a0<\/strong><\/p>\n<p style=\"text-align: center;\">\n<p style=\"text-align: center;\"><strong>DJ TENNIS<\/strong><strong>\u00a0\u2013 DOV\u2019\u00c8 LIANA \u2013\u00a0<\/strong><strong>GIORGIO POI<\/strong><strong>\u00a0\u2013\u00a0<\/strong><\/p>\n<p style=\"text-align: center;\">\n<p style=\"text-align: center;\"><strong>LA NI\u00d1A<\/strong><strong>\u00a0\u2013 LA RAPPRESENTANTE DI LISTA \u2013<\/strong><\/p>\n<p style=\"text-align: center;\">\n<p style=\"text-align: center;\"><strong>PLANET OPAL \u2013\u00a0<\/strong><strong>POST NEBBIA<\/strong><strong>\u00a0\u2013<\/strong><\/p>\n<p style=\"text-align: center;\">\n<p style=\"text-align: center;\"><strong>EMMA<\/strong><strong>\u00a0\u2013\u00a0<\/strong><strong>FENOALTEA<\/strong><strong>\u00a0\u2013<\/strong><\/p>\n<p style=\"text-align: center;\">\n<p style=\"text-align: center;\"><strong>ROUGH RADIO invites: DE:MA, LORENZO BITW, PORTAMENTO, STRADA, VELIA<\/strong><strong>\u00a0\u2013<\/strong><\/p>\n<p style=\"text-align: center;\">\n<p style=\"text-align: center;\"><strong>SAFFO invites: MANTIS<\/strong><strong>\u00a0\u2013\u00a0<\/strong><strong>TURBOLENTA<\/strong><\/p>\n<p style=\"text-align: center;\">\n<strong>&amp; more TBA\u2026<\/strong><\/p>\n<p style=\"text-align: center;\"><strong>PREVENDITE DISPONIBILI:<\/strong><\/p>\n<p style=\"text-align: center;\"><a href=\"https:\/\/aa479.r.sp1-brevo.net\/mk\/cl\/f\/sh\/6rqJfgq8dINmNjc178rd7jOFgzV\/a46Unb8mraIH\" target=\"_blank\" rel=\"noopener\" data-saferedirecturl=\"https:\/\/www.google.com\/url?q=https:\/\/aa479.r.sp1-brevo.net\/mk\/cl\/f\/sh\/6rqJfgq8dINmNjc178rd7jOFgzV\/a46Unb8mraIH&amp;source=gmail&amp;ust=1747478097889000&amp;usg=AOvVaw174j7WOiUFD-zAj3Q6JzC1\"><strong><u>link.dice.fm\/<wbr \/>springattitude2025<\/u><\/strong><\/a><\/p>\n<p style=\"text-align: center;\">\n<p style=\"text-align: center;\"><strong>PRESS-KIT:<\/strong><\/p>\n<p style=\"text-align: center;\"><a href=\"https:\/\/aa479.r.sp1-brevo.net\/mk\/cl\/f\/sh\/6rqJfgq8dIPRQBuAbSHB3KWBKIX\/NoIbGhAnhker\" target=\"_blank\" rel=\"noopener\" data-saferedirecturl=\"https:\/\/www.google.com\/url?q=https:\/\/aa479.r.sp1-brevo.net\/mk\/cl\/f\/sh\/6rqJfgq8dIPRQBuAbSHB3KWBKIX\/NoIbGhAnhker&amp;source=gmail&amp;ust=1747478097889000&amp;usg=AOvVaw0NgUyLeQj01-fUxbsEkfUZ\"><strong><u>bit.ly\/sa2025-presskit<\/u><\/strong><\/a><\/p>\n<p style=\"text-align: center;\">\n<p>Dopo un primo annuncio che ha acceso l\u2019attesa,\u00a0<strong>Spring Attitude Festival<\/strong>\u00a0continua a disegnare la sua mappa sonora, svelando nuovi protagonisti della\u00a0<strong>XIV edizione<\/strong>. Il\u00a0<strong>12 e 13 settembre 2025<\/strong>, il festival \u2013 in coproduzione con\u00a0<strong>EUR SpA<\/strong>\u00a0\u2013 porter\u00e0 la propria visione nella monumentale architettura de\u00a0<strong>La Nuvola<\/strong>, capolavoro firmato da Massimiliano Fuksas e simbolo dell\u2019innovazione progettuale romana.\u00a0<strong>Per la prima volta, l\u2019iconico spazio dell\u2019EUR ospiter\u00e0 un evento musicale<\/strong>, trasformandosi nel palcoscenico di una due giorni che metter\u00e0 in risonanza suono, spazio e citt\u00e0, dal pomeriggio fino a notte inoltrata.<\/p>\n<p>&nbsp;<\/p>\n<p>Voci emergenti, curatele speciali e traiettorie elettroniche inedite arricchiscono\u00a0<strong>una line-up che racconta il presente musicale nella sua forma pi\u00f9 viva e fluida<\/strong>, confermando Spring Attitude come laboratorio di suoni e idee in continua evoluzione e crocevia vitale della scena contemporanea romana.<\/p>\n<p>&nbsp;<\/p>\n<p><strong>I NUOVI NOMI IN LINEUP: LA MAPPA SI ESPANDE<\/strong><\/p>\n<p>&nbsp;<\/p>\n<p>Dopo gli annunci di\u00a0<strong>Apparat<\/strong>,\u00a0<strong>Bicep\u00a0<\/strong>(con l\u2019esclusiva italiana del loro nuovo show A\/V Chroma),\u00a0<strong>L\u2019Imp\u00e9ratrice, Alt\u0131n G\u00fcn, Dov\u2019\u00e8 Liana, La Rappresentante di Lista<\/strong>\u00a0e\u00a0<strong>Planet Opal<\/strong>, la lineup di Spring Attitude 2025 si espande seguendo nuove traiettorie sonore, confermando la direzione artistica del festival come spazio di ricerca, ascolto e connessione.<\/p>\n<p>&nbsp;<\/p>\n<p>Tra i nuovi nomi annunciati spicca\u00a0<strong>DJ Tennis<\/strong>, alias di Manfredi Romano: dj e producer italiano oggi di base a Parigi, figura di culto della scena elettronica internazionale e fondatore dell\u2019etichetta Life and Death. I suoi set, intensi, narrativi e costruiti con una sensibilit\u00e0 rara, mettono in dialogo house, techno e disco, e hanno attraversato i club e i festival di tutto il mondo. Con lui,\u00a0<strong>DJ Gigola<\/strong>, nuovo talento della scena berlinese, che porta sul palco una club culture fluida e radicale: nei suoi dj-set, la pulsione ritmica diventa grammatica libera, tra incursioni pop, breakbeat e techno sfuggente.<\/p>\n<p>&nbsp;<\/p>\n<p>A Spring Attitude 2025 arrivano anche\u00a0<strong>Giorgio Poi<\/strong>, cantautore tra i pi\u00f9 raffinati della scena italiana, capace di trasformare l\u2019instabilit\u00e0 in paesaggio sonoro, con brani che oscillano tra ironia sottile e realismo magico;\u00a0<strong>La Ni\u00f1a<\/strong>, una delle voci pi\u00f9 potenti e viscerali del nuovo panorama musicale, il suo live \u00e8 un rituale contemporaneo che attraversa sacro e profano, radici mediterranee e tensione elettronica;\u00a0<strong>Coca Puma<\/strong>, artista romana classe 1998, che unisce nu-jazz, elettronica e dream-pop in un universo sonoro personale e visionario;\u00a0<strong>Post Nebbia<\/strong>, band guidata da Carlo Corbellini, che costruisce paesaggi sonori obliqui e stratificati, tra psichedelia e frammenti di pop distorto.<\/p>\n<p>&nbsp;<\/p>\n<p>Si aggiunge alla line-up anche\u00a0<strong>EMMA<\/strong>, con il suo electro-pop oscuro e carnale, carico di tensione emotiva e vulnerabilit\u00e0, e\u00a0<strong>Fenoaltea<\/strong>, progetto di elettronica romantica e malinconica che mescola clubbing e intimit\u00e0 con rara delicatezza.\u00a0 Spring Attitude 2025 ospiter\u00e0 inoltre due curatele speciali:\u00a0<strong>Rough Radio<\/strong>, piattaforma romana da sempre attenta all\u2019avanguardia sonora, presenta una selezione di alcuni tra i migliori dj della capitale:\u00a0<strong>DE:MA, Lorenzo BITW, Portamento, Strada<\/strong>\u00a0e\u00a0<strong>Velia<\/strong>\u00a0offriranno un racconto delle vibrazioni notturne della citt\u00e0, tra club, bass e ricerca;\u00a0<strong>Saffo<\/strong>, realt\u00e0 transfemminista che esplora le intersezioni tra identit\u00e0 e suono, invita\u00a0<strong>MANTIS<\/strong>, per un set che promette corpo, rottura e visione. Chiude questo nuovo annuncio\u00a0<strong>Turbolenta<\/strong>, dj e producer italo-marocchina-algerina, le cui selezioni intrecciano ritmi nordafricani con visioni globali.<\/p>\n<table role=\"presentation\" border=\"0\" width=\"100%\" cellspacing=\"0\" cellpadding=\"0\">\n<tbody>\n<tr>\n<td class=\"m_-885202179856879018r20-c m_-885202179856879018nl2go-default-textstyle\" align=\"left\">\n<div>\n<p><strong>VERSO L&#8217;EDIZIONE 2025<\/strong><\/p>\n<p>&nbsp;<\/p>\n<p>Con altri artisti ancora da annunciare, Spring Attitude 2025 si conferma come\u00a0<strong>uno degli appuntamenti pi\u00f9 significativi del panorama musicale italiano<\/strong>. Un festival che cambia, si rinnova, restando fedele alla sua missione:\u00a0<strong>esplorare le musiche del presente e raccontarne l\u2019evoluzione<\/strong>. Un equilibrio costante tra grandi nomi e nuove energie, tra ricerca e accessibilit\u00e0, in un racconto sonoro capace di sorprendere e coinvolgere pubblici diversi.<\/p>\n<p>&nbsp;<\/p>\n<p>L\u2019edizione 2025 inaugura un nuovo capitolo all\u2019interno di uno dei luoghi pi\u00f9 emblematici dell\u2019architettura romana: La Nuvola. Per la prima volta, il capolavoro firmato da Massimiliano Fuksas accoglie un evento musicale e\u00a0<strong>diventa lo spazio in cui suono, visione e architettura si incontrano in una dimensione immersiva e inedita<\/strong>, dal pomeriggio fino a notte inoltrata.<\/p>\n<\/div>\n<\/td>\n<\/tr>\n<tr>\n<td class=\"m_-885202179856879018r20-c m_-885202179856879018nl2go-default-textstyle\" align=\"left\">\n<div>\n<p><strong>PREVENDITE DISPONIBILI:<\/strong><\/p>\n<p><a href=\"https:\/\/aa479.r.sp1-brevo.net\/mk\/cl\/f\/sh\/6rqJfgq8dIR6SeCK5lgiyve6xbZ\/CsR7dNB6TdXy\" target=\"_blank\" rel=\"noopener\" data-saferedirecturl=\"https:\/\/www.google.com\/url?q=https:\/\/aa479.r.sp1-brevo.net\/mk\/cl\/f\/sh\/6rqJfgq8dIR6SeCK5lgiyve6xbZ\/CsR7dNB6TdXy&amp;source=gmail&amp;ust=1747478097889000&amp;usg=AOvVaw2egbdYyG82iI_vFgR8vZTp\">link.dice.fm\/<wbr \/>springattitude2025<\/a><\/p>\n<p>&nbsp;<\/p>\n<p><strong>CONTATTI:<\/strong><\/p>\n<p><a href=\"https:\/\/aa479.r.sp1-brevo.net\/mk\/cl\/f\/sh\/6rqJfgq8dISlV6UTa56GuWm2aub\/PTn6FeaMwIF3\" target=\"_blank\" rel=\"noopener\" data-saferedirecturl=\"https:\/\/www.google.com\/url?q=https:\/\/aa479.r.sp1-brevo.net\/mk\/cl\/f\/sh\/6rqJfgq8dISlV6UTa56GuWm2aub\/PTn6FeaMwIF3&amp;source=gmail&amp;ust=1747478097889000&amp;usg=AOvVaw0_MaQQ3UGPReH0UQTfsrew\">www.springattitude.it<\/a><\/p>\n<p><a href=\"https:\/\/aa479.r.sp1-brevo.net\/mk\/cl\/f\/sh\/6rqJfgq8dIUQXYmd4OVoq7tyEDd\/6MW75nCSYnLS\" target=\"_blank\" rel=\"noopener\" data-saferedirecturl=\"https:\/\/www.google.com\/url?q=https:\/\/aa479.r.sp1-brevo.net\/mk\/cl\/f\/sh\/6rqJfgq8dIUQXYmd4OVoq7tyEDd\/6MW75nCSYnLS&amp;source=gmail&amp;ust=1747478097889000&amp;usg=AOvVaw2HEuc9bOb2UwedvXi3cgYe\">www.instagram.com\/<wbr \/>springattitudefestival<\/a><br \/>\n<a href=\"https:\/\/aa479.r.sp1-brevo.net\/mk\/cl\/f\/sh\/6rqJfgq8dIW5a14mYhvMlj1trWf\/2NRKEuaDIbSX\" target=\"_blank\" rel=\"noopener\" data-saferedirecturl=\"https:\/\/www.google.com\/url?q=https:\/\/aa479.r.sp1-brevo.net\/mk\/cl\/f\/sh\/6rqJfgq8dIW5a14mYhvMlj1trWf\/2NRKEuaDIbSX&amp;source=gmail&amp;ust=1747478097889000&amp;usg=AOvVaw1_88ntXPg0dQfbVb3lkfHM\">www.facebook.com\/<wbr \/>springattitude<\/a><\/p>\n<\/div>\n<\/td>\n<\/tr>\n<\/tbody>\n<\/table>\n","protected":false},"excerpt":{"rendered":"<div class=\"mh-excerpt\"><p>SPRING ATTITUDE FESTIVAL 2025 XIV edizione 12 \u2013 13 settembre\u00a0 La Nuvola, EUR &#8211; Roma Nuovi nomi si aggiungono in lineup: APPARATdj-set\u00a0\u2013\u00a0BICEP\u00a0pres.\u00a0CHROMA\u00a0(A\/V dj) \u2013\u00a0 L\u2019IMP\u00c9RATRICE\u00a0\u2013 <a class=\"mh-excerpt-more\" href=\"https:\/\/www.piuomenopop.it\/index.php\/2025\/05\/16\/spring-attitude-festival-2025-nuovi-nomi-si-aggiungono-alla-lineup-della-xiv-edizione-12-13-settembre-la-nuvola-eur-roma\/\" title=\"SPRING ATTITUDE FESTIVAL 2025 | Nuovi nomi si aggiungono alla lineup della XIV edizione &#8211; 12-13 settembre \/ La Nuvola, EUR &#8211; Roma\">[&#8230;]<\/a><\/p>\n<\/div>","protected":false},"author":2,"featured_media":90052,"comment_status":"closed","ping_status":"closed","sticky":false,"template":"","format":"standard","meta":{"sfsi_plus_gutenberg_text_before_share":"","sfsi_plus_gutenberg_show_text_before_share":"","sfsi_plus_gutenberg_icon_type":"","sfsi_plus_gutenberg_icon_alignemt":"","sfsi_plus_gutenburg_max_per_row":"","footnotes":"","_links_to":"","_links_to_target":""},"categories":[5184,730,3],"tags":[12093],"class_list":["post-90051","post","type-post","status-publish","format-standard","has-post-thumbnail","hentry","category-calendario-concerti","category-festival","category-news","tag-spring-attitude-festival"],"aioseo_notices":[],"_links":{"self":[{"href":"https:\/\/www.piuomenopop.it\/index.php\/wp-json\/wp\/v2\/posts\/90051","targetHints":{"allow":["GET"]}}],"collection":[{"href":"https:\/\/www.piuomenopop.it\/index.php\/wp-json\/wp\/v2\/posts"}],"about":[{"href":"https:\/\/www.piuomenopop.it\/index.php\/wp-json\/wp\/v2\/types\/post"}],"author":[{"embeddable":true,"href":"https:\/\/www.piuomenopop.it\/index.php\/wp-json\/wp\/v2\/users\/2"}],"replies":[{"embeddable":true,"href":"https:\/\/www.piuomenopop.it\/index.php\/wp-json\/wp\/v2\/comments?post=90051"}],"version-history":[{"count":2,"href":"https:\/\/www.piuomenopop.it\/index.php\/wp-json\/wp\/v2\/posts\/90051\/revisions"}],"predecessor-version":[{"id":90054,"href":"https:\/\/www.piuomenopop.it\/index.php\/wp-json\/wp\/v2\/posts\/90051\/revisions\/90054"}],"wp:featuredmedia":[{"embeddable":true,"href":"https:\/\/www.piuomenopop.it\/index.php\/wp-json\/wp\/v2\/media\/90052"}],"wp:attachment":[{"href":"https:\/\/www.piuomenopop.it\/index.php\/wp-json\/wp\/v2\/media?parent=90051"}],"wp:term":[{"taxonomy":"category","embeddable":true,"href":"https:\/\/www.piuomenopop.it\/index.php\/wp-json\/wp\/v2\/categories?post=90051"},{"taxonomy":"post_tag","embeddable":true,"href":"https:\/\/www.piuomenopop.it\/index.php\/wp-json\/wp\/v2\/tags?post=90051"}],"curies":[{"name":"wp","href":"https:\/\/api.w.org\/{rel}","templated":true}]}}