{"id":90264,"date":"2025-06-10T11:15:03","date_gmt":"2025-06-10T09:15:03","guid":{"rendered":"https:\/\/www.piuomenopop.it\/?p=90264"},"modified":"2025-06-10T11:15:03","modified_gmt":"2025-06-10T09:15:03","slug":"aspettando-pisa-jazz-rebirth-tra-palazzo-blu-e-arno-vivo-una-carrellata-di-live-per-prepararsi-alledizione-2025-dal-13-giugno-fino-alla-fine-del-mese-a-pisa-a-cura-di-associazione-exwide","status":"publish","type":"post","link":"https:\/\/www.piuomenopop.it\/index.php\/2025\/06\/10\/aspettando-pisa-jazz-rebirth-tra-palazzo-blu-e-arno-vivo-una-carrellata-di-live-per-prepararsi-alledizione-2025-dal-13-giugno-fino-alla-fine-del-mese-a-pisa-a-cura-di-associazione-exwide\/","title":{"rendered":"Aspettando Pisa Jazz Rebirth, tra Palazzo Blu e Arno Vivo una carrellata di live per prepararsi all\u2019edizione 2025 \/\/ Dal 13 giugno fino alla fine del mese a Pisa, a cura di Associazione ExWide"},"content":{"rendered":"<p style=\"font-weight: 400; text-align: center;\"><strong>Aspettando Pisa Jazz Rebirth: una carrellata di live\u00a0<\/strong><strong>per prepararsi all\u2019edizione 2025<\/strong><\/p>\n<p style=\"font-weight: 400; text-align: center;\"><strong>\u00a0<\/strong><\/p>\n<p style=\"font-weight: 400; text-align: center;\"><strong>A Pisa per tutto il mese di giugno tra Palazzo Blu e lo spazio Arno Vivo, a cura di\u00a0<\/strong><strong>Associazione ExWide<\/strong><\/p>\n<p style=\"font-weight: 400; text-align: center;\"><strong>\u00a0<\/strong><\/p>\n<p style=\"font-weight: 400; text-align: center;\"><strong>In arrivo il festival che per il 5\/o anno consecutivo porta al Giardino Scotto i big del jazz internazionale\u00a0<\/strong><strong>nell\u2019attesa via agli eventi collaterali tra groove, blues e sperimentazione<\/strong><\/p>\n<p style=\"font-weight: 400; text-align: center;\"><strong>\u00a0<\/strong><\/p>\n<p style=\"font-weight: 400;\"><strong>\u00a0<\/strong><\/p>\n<p style=\"font-weight: 400;\"><strong>Parte il countdown per l\u2019edizione 2025 di Pisa Jazz Rebirth<\/strong>, il festival\u00a0nato dal progetto\u00a0<strong>Pisa Jazz<\/strong>,<strong>\u00a0<\/strong>con la curatela di\u00a0<strong>Associazione ExWide<\/strong>\u00a0e\u00a0la direzione artistica di\u00a0<strong>Francesco Mariotti<\/strong>,<strong>\u00a0<\/strong>che per il 5\/o anno consecutivo porter\u00e0 a Pisa i big del jazz internazionale,\u00a0grazie al contributo di\u00a0<strong>Ministero della Cultura, Regione Toscana, Comune di Pisa, Fondazione Pisa, Pisamo, Toscana Energia e Chianti Banca<\/strong>.<\/p>\n<p style=\"font-weight: 400;\">\n<p style=\"font-weight: 400;\">Per scaldare i motori in attesa della line up che in luglio calcher\u00e0 il palco del Giardino Scotto\u00a0<strong>a giugno si parte con gli<\/strong>\u00a0<strong>eventi collaterali<\/strong>:\u00a0una\u00a0<strong>carrellata di concerti diffusi\u00a0<\/strong>tra\u00a0<strong>il chiostro di<\/strong>\u00a0<strong>Palazzo Blu\u00a0<\/strong>(Lungarno Gambacorti 9), che ospiter\u00e0 alcuni tra i progetti e gli\u00a0<strong>artisti pi\u00f9 interessanti in circolazione sul panorama jazz italiano e oltre<\/strong>, e\u00a0lo\u00a0<strong>spazio Arno Vivo<\/strong>\u00a0(lungarno Bruno Buozzi 1), dedicato ai\u00a0<strong>live in cui\u00a0<\/strong><strong>la dimensione del groove sar\u00e0 protagonista assoluta<\/strong>.\u00a0In cartellone per la prima location &#8211; dove\u00a0gli appuntamenti\u00a0saranno introdotti da\u00a0<strong>Francesco Martinelli<\/strong>, istituzione nell\u2019ambito della storia del jazz e fondatore dello storico Circolo Jazz Pisa &#8211;\u00a0la pluripremiata pianista e songwriter\u00a0<strong>Olivia Trummer<\/strong>\u00a0(15\/06 ore 21.30); il trio stellare formato da\u00a0<strong>Barbara Casini, Anais Drago e Barbara Piperno<\/strong>\u00a0con \u201c<strong>Babana\u00ec\u201d<\/strong>, in\u00a0<strong>tributo al suono del Brasile<\/strong>\u00a0(19\/06 ore 21.30);\u00a0<strong>Ada Montellanico con Simone Graziano e Filippo Vignato<\/strong>\u00a0in \u201c<strong>Radici\u201d<\/strong>, progetto che\u00a0<strong>esplora la storia del blues<\/strong>\u00a0(22\/06 ore 21.30);\u00a0<strong>Fabrizio Bosso e Julian Oliver Mazzariello<\/strong>, una delle coppie pi\u00f9 esplosive del jazz contemporaneo, in\u00a0<strong>omaggio a Pino Daniele<\/strong>\u00a0(26\/06 ore 21.30). Per ballare in riva al fiume arricchiranno il programma l\u2019etno-funk dei\u00a0<strong>Mario Mario<\/strong>\u00a0(13\/06 ore 22.00); le atmosfere jazz e afrobeat di\u00a0<strong>AfroQuiesa Orchestra<\/strong>\u00a020\/06 ore 22.00); il sound pulp del producer partenopeo\u00a0<strong>Bassolino<\/strong>\u00a0(27\/6 ore 22.00) e le suggestioni disco de\u00a0<strong>Il Mago del Gelato<\/strong>\u00a0(4\/07 ore 22.00). Info\u00a0<a href=\"http:\/\/www.pisajazz.it\/\" data-saferedirecturl=\"https:\/\/www.google.com\/url?q=http:\/\/www.pisajazz.it&amp;source=gmail&amp;ust=1749567576972000&amp;usg=AOvVaw3LU0GbLSJADFXn9QZ3ZZtP\">www.pisajazz.it<\/a>.<\/p>\n<p style=\"font-weight: 400;\">\n<ul>\n<li style=\"font-weight: 400;\"><strong> I LIVE A PALAZZO BLU<\/strong><\/li>\n<\/ul>\n<p style=\"font-weight: 400;\">Scendendo nel dettaglio del programma a\u00a0<strong>Palazzo Blu<\/strong>\u00a0l\u2019inaugurazione \u00e8 affidata,\u00a0<strong>domenica 15 giugno<\/strong>, a\u00a0<strong>Olivia Trummer,<\/strong>\u00a0artista basata a Berlino unica nel suo genere, che affianca\u00a0<strong>voce soul, formazione classica e creativit\u00e0 da improvvisatrice nata<\/strong>. Vincitrice\u00a0del prestigioso Jazz Award Baden-W\u00fcrttemberg nel 2019, possiede un\u00a0<strong>talento eccezionale sia come pianista che come cantante e compositrice<\/strong>, e vanta in curriculum collaborazioni del calibro di\u00a0<strong>Kurt Rosenwinkel, Eric Clapton e Bobby McFerrin<\/strong>. A Pisa Olivia Trummer si esibir\u00e0 in un\u00a0<strong>live solo sulle note del nuovissimo album \u201cLike Water\u201d<\/strong>, registrato a New York City sotto la guida del leggendario produttore americano Russ Titelman.\u00a0Un disco in cui il cui, canzone dopo canzone, l\u2019artista rivela tutte le sfumature della sua natura musicale:\u00a0dalla classica all&#8217;improvvisazione, dal jazz a Broadway fino al pop e a composizioni originali, in un susseguirsi di gemme canore in cui il familiare si trasforma in sorprendente e il nuovo diventa presto familiare.<\/p>\n<p style=\"font-weight: 400;\">\n<p style=\"font-weight: 400;\">Avanti\u00a0<strong>gioved\u00ec 19 giugno\u00a0<\/strong>con<strong>\u00a0\u201cBabana\u00ec\u201d<\/strong>: tre artiste, cantanti e polistrumentiste unite dal desiderio di sperimentare mescolanze di suoni, mondi e colori partendo dalla storia musicale di ognuna, esplorando un\u00a0<strong>repertorio che spazia dalla tradizione popolare di Brasile e non solo<\/strong>\u00a0a brani originali rivisitati o composti a sei mani. In formazione\u00a0<strong>Barbara Casini<\/strong>, cantante, chitarrista e cantautrice da anni dedita allo studio e alla diffusione della musica popolare brasiliana;\u00a0<strong>Ana\u00efs Drago<\/strong>\u00a0considerata tra le violiniste pi\u00f9 brillanti della penisola (e infatti nel 2022 \u00e8 stata eletta miglior nuovo talento italiano dalla rivista Musica Jazz);\u00a0<strong>Barbara Piperno<\/strong>, flautista e cantante, fine conoscitrice della musica popolare brasiliana e in particolare del genere\u00a0<em>choro<\/em>.<\/p>\n<p style=\"font-weight: 400;\">\n<p style=\"font-weight: 400;\"><strong>Gioved\u00ec 22 giugno<\/strong>\u00a0si prosegue con\u00a0<strong>tre nomi imprescindibili<\/strong>:\u00a0<strong>Ada Montellanico<\/strong>\u00a0alla voce,\u00a0<strong>Simone Graziano<\/strong>\u00a0al piano e\u00a0<strong>Filippo Vignato<\/strong>\u00a0al trombone per il progetto\u00a0<strong>\u201cRadici\u201d<\/strong>. Un affondo nelle origini del jazz, e cio\u00e8 nel blues, nella sua<strong>\u00a0accezione musicale, storico e sociale<\/strong>. Un linguaggio che ha visto protagoniste le donne come voci di rivolta. Il live si muover\u00e0 tra\u00a0<strong>riletture di brani della tradizione<\/strong>, con composizioni dal forte carattere sociale (Bessie Smith, Dinah Washington, Tracy Chapman, Ida Cox, Abbey Lincoln, Carla Bley), e\u00a0<strong>brani originali creati espressamente per questo organico<\/strong>, con l\u2019intento di preservare quel suono viscerale ma moderno che ha reso il blues un linguaggio universale<\/p>\n<p style=\"font-weight: 400;\">\n<p style=\"font-weight: 400;\"><strong>Domenica 26 giugno<\/strong>\u00a0sar\u00e0 la musica del grande cantautore napoletano\u00a0<strong>Pino Daniele<\/strong>\u00a0a concludere il cartellone, con le interpretazioni originali di\u00a0<strong>Fabrizio Bosso<\/strong>\u00a0alla tromba e\u00a0<strong>Julian Oliver Mazzariello<\/strong>\u00a0al pianoforte in\u00a0<strong>\u201cIl Cielo \u00e8 Pieno di Stelle\u201d<\/strong>. Un \u201ctandem\u201d tra i due musicisti &#8211; il cui titolo prende spunto dal testo di \u201cMal di te\u201d &#8211; che\u00a0<strong>ripercorre le diverse traiettorie musicali di Daniele<\/strong>, cercando di restituire un ritratto inedito dell\u2019artista. L\u2019intenzione non \u00e8 una semplice rilettura, bens\u00ec (ri)vestire una musica gi\u00e0 grande con colori nuovi, facendo risuonare melodie straordinarie con la timbrica e la poesia di due eccezionali protagonisti del jazz. Tra i brani, dall\u2019immancabile \u201cNapule \u00e8\u201d alla trascinante \u201cJe so\u2019 pazzo\u201d fino alla magia di \u201cQuanno chiove\u201d (1980) e alle due perle \u201cAllora s\u00ec\u201d e \u201cSicily\u201d, quest\u2019ultima registrata col jazzista americano Chick Corea.<\/p>\n<p style=\"font-weight: 400;\">\n<ul>\n<li style=\"font-weight: 400;\"><strong> I LIVE A ARNO VIVO<\/strong><\/li>\n<\/ul>\n<p style=\"font-weight: 400;\">Ad\u00a0<strong>Arno Vivo<\/strong>\u00a0si parte\u00a0<strong>venerd\u00ec 13 giugno<\/strong>\u00a0con\u00a0<strong>Mario Mario<\/strong>, freschissimo\u00a0<strong>mix di etno-funk e world music<\/strong>\u00a0per farsi trasportare dentro l\u2019atmosfera estiva. Ispirati da artisti come Nu Genea, Parcels e Calibro 35, i Mario Mario danno il meglio dal vivo: i pezzi esplodono in improvvisazione e sperimentazione per oltre un\u2019ora di pura energia.<\/p>\n<p style=\"font-weight: 400;\">\n<p style=\"font-weight: 400;\">Avanti\u00a0<strong>venerd\u00ec 20<\/strong>\u00a0con\u00a0<strong>AfroQuiesa<\/strong><strong>\u00a0Orchestra<\/strong>, collettivo dallo spirito universale nato da un\u2019idea di\u00a0<strong>Tommaso Marraccini ed Emanuele Volpi<\/strong>, rispettivamente batterista e chitarrista della band. Oggi\u00a0AfroQuiesa\u00a0conta\u00a0<strong>nove artisti sul palco<\/strong>\u00a0\u2013 insieme ai fondatori\u00a0<strong>Tennista<\/strong>\u00a0al basso,\u00a0<strong>Francesco Viani\u00a0<\/strong>alla chitarra,<strong>\u00a0Andrea Baroni<\/strong>\u00a0alle tastiere,\u00a0<strong>Andrea Battistoni<\/strong>\u00a0alla tromba,\u00a0<strong>Alessandro Giannotti<\/strong>\u00a0al trombone,\u00a0<strong>Ilaria Sebastiani<\/strong>\u00a0al flauto e\u00a0<strong>Gabriel Petretti<\/strong>\u00a0al sax \u2013 e propone un gioco costante tra generi differenti: jazz-funk, afrofunk e world music.<\/p>\n<p style=\"font-weight: 400;\">\n<p style=\"font-weight: 400;\"><strong>Venerd\u00ec 27 giugno<\/strong>\u00a0protagonista il pianista, compositore e producer\u00a0<strong>Bassolino<\/strong>, attivo nel panorama nu-jazz (e non solo) nazionale e internazionale ma soprattutto\u00a0<strong>esponente di spicco della nuova e vivacissima scena musicale partenopea<\/strong>. In programma la\u00a0<strong>presentazione dell\u2019album d\u2019esordio, \u201cCitt\u00e0 Futura\u201d<\/strong>: la colonna sonora di un film immaginario popolato da gangster, cartomanti e cantanti \u201cdi giacca\u201d. Animato da voci di piazze brulicanti e da un suono proiettato verso le stelle ma saldamente ancorato a una terra bruciata dal sole. Un disco carico di groove dal sound \u201closco, pulp, grottesco e romantico\u201d.<\/p>\n<p style=\"font-weight: 400;\">\n<p style=\"font-weight: 400;\"><strong>Venerd\u00ec 4 luglio<\/strong>\u00a0gran finale con\u00a0<strong>Il Mago Del Gelato<\/strong>, una miscela sensuale e movimentata dove\u00a0<strong>i sapori del mediterraneo e lo spirito di via Padova a Milano<\/strong>\u00a0si fanno strada tra fiati avvolgenti, groove trascinanti e melodie cariche di freschezza. Il loro primo Ep \u201cMaledetta Quella Notte\u201d, prodotto da Marquis, afferma il loro sound funk colorandolo di\u00a0<strong>jazz, musica per il cinema italiano anni \u201960 e disco music<\/strong>, dove qualit\u00e0 ed esperienza danzereccia dell\u2019ascoltatore sono al primo posto.<\/p>\n<p style=\"font-weight: 400;\"><strong>\u00a0<\/strong><\/p>\n<p style=\"font-weight: 400;\"><strong><em>Pisa Jazz Rebirth\u00a0<\/em><\/strong><em>si svolge sotto la direzione artistica di Francesco Mariotti, con il contributo di Ministero della Cultura, Regione Toscana, Comune di Pisa, Fondazione Pisa, Pisamo, Toscana Energia e Chianti Banca. Il festival si realizza grazie alla preziosa collaborazione di molte realt\u00e0 del territorio come Teatro S.Andrea, Ente Parco Regionale Migliarino San Rossore Massaciuccoli, Toscana Produzione Musica, Arno Vivo, Palazzo Blu Arte e Cultura, Associazione Pisafolk, Associazione The Thing, Circolo Borderline Club, Siena Jazz \u2013 Accademia Nazionale del Jazz, Isola del Jazz Universit\u00e0 di Pisa. Pisa Jazz opera nel circuito nazionale dell\u2019Associazione I-Jazz,\u00a0 in quello europeo di Europe Jazz Network. Partner tecnico Bufalo Sound Service.<\/em><\/p>\n","protected":false},"excerpt":{"rendered":"<div class=\"mh-excerpt\"><p>Aspettando Pisa Jazz Rebirth: una carrellata di live\u00a0per prepararsi all\u2019edizione 2025 \u00a0 A Pisa per tutto il mese di giugno tra Palazzo Blu e lo <a class=\"mh-excerpt-more\" href=\"https:\/\/www.piuomenopop.it\/index.php\/2025\/06\/10\/aspettando-pisa-jazz-rebirth-tra-palazzo-blu-e-arno-vivo-una-carrellata-di-live-per-prepararsi-alledizione-2025-dal-13-giugno-fino-alla-fine-del-mese-a-pisa-a-cura-di-associazione-exwide\/\" title=\"Aspettando Pisa Jazz Rebirth, tra Palazzo Blu e Arno Vivo una carrellata di live per prepararsi all\u2019edizione 2025 \/\/ Dal 13 giugno fino alla fine del mese a Pisa, a cura di Associazione ExWide\">[&#8230;]<\/a><\/p>\n<\/div>","protected":false},"author":2,"featured_media":90246,"comment_status":"closed","ping_status":"closed","sticky":false,"template":"","format":"standard","meta":{"sfsi_plus_gutenberg_text_before_share":"","sfsi_plus_gutenberg_show_text_before_share":"","sfsi_plus_gutenberg_icon_type":"","sfsi_plus_gutenberg_icon_alignemt":"","sfsi_plus_gutenburg_max_per_row":"","footnotes":"","_links_to":"","_links_to_target":""},"categories":[5184,730,3],"tags":[],"class_list":["post-90264","post","type-post","status-publish","format-standard","has-post-thumbnail","hentry","category-calendario-concerti","category-festival","category-news"],"aioseo_notices":[],"_links":{"self":[{"href":"https:\/\/www.piuomenopop.it\/index.php\/wp-json\/wp\/v2\/posts\/90264","targetHints":{"allow":["GET"]}}],"collection":[{"href":"https:\/\/www.piuomenopop.it\/index.php\/wp-json\/wp\/v2\/posts"}],"about":[{"href":"https:\/\/www.piuomenopop.it\/index.php\/wp-json\/wp\/v2\/types\/post"}],"author":[{"embeddable":true,"href":"https:\/\/www.piuomenopop.it\/index.php\/wp-json\/wp\/v2\/users\/2"}],"replies":[{"embeddable":true,"href":"https:\/\/www.piuomenopop.it\/index.php\/wp-json\/wp\/v2\/comments?post=90264"}],"version-history":[{"count":1,"href":"https:\/\/www.piuomenopop.it\/index.php\/wp-json\/wp\/v2\/posts\/90264\/revisions"}],"predecessor-version":[{"id":90265,"href":"https:\/\/www.piuomenopop.it\/index.php\/wp-json\/wp\/v2\/posts\/90264\/revisions\/90265"}],"wp:featuredmedia":[{"embeddable":true,"href":"https:\/\/www.piuomenopop.it\/index.php\/wp-json\/wp\/v2\/media\/90246"}],"wp:attachment":[{"href":"https:\/\/www.piuomenopop.it\/index.php\/wp-json\/wp\/v2\/media?parent=90264"}],"wp:term":[{"taxonomy":"category","embeddable":true,"href":"https:\/\/www.piuomenopop.it\/index.php\/wp-json\/wp\/v2\/categories?post=90264"},{"taxonomy":"post_tag","embeddable":true,"href":"https:\/\/www.piuomenopop.it\/index.php\/wp-json\/wp\/v2\/tags?post=90264"}],"curies":[{"name":"wp","href":"https:\/\/api.w.org\/{rel}","templated":true}]}}