{"id":90271,"date":"2025-06-12T17:26:22","date_gmt":"2025-06-12T15:26:22","guid":{"rendered":"https:\/\/www.piuomenopop.it\/?p=90271"},"modified":"2025-06-12T17:26:22","modified_gmt":"2025-06-12T15:26:22","slug":"la-prima-estate-presenta-il-programma-completo-st-vincent-air-mogwai-grace-jones-lucio-corsi-calibro-35-e-tanti-altri","status":"publish","type":"post","link":"https:\/\/www.piuomenopop.it\/index.php\/2025\/06\/12\/la-prima-estate-presenta-il-programma-completo-st-vincent-air-mogwai-grace-jones-lucio-corsi-calibro-35-e-tanti-altri\/","title":{"rendered":"La PRIMA ESTATE presenta il programma completo: St. Vincent, Air, Mogwai, Grace Jones, Lucio Corsi, Calibro 35 e tanti altri"},"content":{"rendered":"<p align=\"center\">\u00a0<strong>La IV edizione a Lido di Camaiore dal 20 al 22 e dal 27 al 29 giugno.\u00a0\u00a0<\/strong><\/p>\n<p align=\"center\"><strong>\u201cLA PRIMA ESTATE\u201d<\/strong><\/p>\n<p align=\"center\"><strong>La grande musica internazionale in un palco unico tra il mare e le Alpi Apuan<\/strong><strong>e. Dallo yoga sulla spiaggia ai talk musicali, torna il festival che d\u00e0 inizio all\u2019estate.<\/strong><\/p>\n<p><strong>\u00a0<\/strong><\/p>\n<p align=\"center\"><strong>Venerd\u00ec 20 giugno<\/strong><strong>: MOGWAI, SPIRITUALIZED (unica data ITA), YARD ACT (unica data ITA), TARE<\/strong><\/p>\n<p align=\"center\"><strong>Sabato 21 giugno<\/strong><strong>: AIR (unica data ITA), ST. VINCENT, CALIBRO 35, PRIMA STANZA A DESTRA, LE NORA<\/strong><\/p>\n<p align=\"center\"><strong>Domenica 22 giugno<\/strong><strong>: TV ON THE RADIO (unica data ITA), NIC CESTER, RAMONA FLOWERS, GIACOPRUDENTE<\/strong><\/p>\n<p align=\"center\"><strong>\u00a0<\/strong><\/p>\n<p align=\"center\"><strong>Venerd\u00ec 27 giugno<\/strong><strong>: serata CLUB FRIDAY con KAMA KAMA \u2013 MOODYMANN,\u00a0<\/strong><strong>TOM TRAGO, MARIO SCALAMBRIN, RIP<\/strong><\/p>\n<p align=\"center\"><strong>Sabato 28 giugno<\/strong><strong>: GRACE JONES (unica data ITA), TONY HUMPHRIES, CAM SOUND SYSTEM WITH SARA MAUTONE, NICARAGUA<\/strong><\/p>\n<p align=\"center\"><strong>Domenica 29 giugno<\/strong><strong>: LUCIO CORSI, PETER CAT RECORDING CO., IL MAGO DEL GELATO, LA GENTE<\/strong><\/p>\n<p><strong>\u00a0<\/strong><\/p>\n<p align=\"center\"><strong><a href=\"https:\/\/gdgpress.voxmail.it\/nl\/pvwqdx\/krph00\/wx1ggd7\/uf\/1\/aHR0cHM6Ly93d3cudGlja2V0b25lLml0L2FydGlzdC9wcmltYS1lc3RhdGUv?_d=A5B&amp;_c=703d3fc4\" target=\"_blank\" rel=\"noopener\" data-saferedirecturl=\"https:\/\/www.google.com\/url?q=https:\/\/gdgpress.voxmail.it\/nl\/pvwqdx\/krph00\/wx1ggd7\/uf\/1\/aHR0cHM6Ly93d3cudGlja2V0b25lLml0L2FydGlzdC9wcmltYS1lc3RhdGUv?_d%3DA5B%26_c%3D703d3fc4&amp;source=gmail&amp;ust=1749821560754000&amp;usg=AOvVaw3zUjKroG-Ua2vNvVL-A3Mp\">BIGLIETTI SU WWW.TICKETONE.IT<\/a><\/strong><\/p>\n<p><strong>La buona musica al centro<\/strong>, affacciata tra il Tirreno e le Alpi Apuane, e protagonista tra dibattiti, incontri e relax in spiaggia. In una cornice naturale che abbraccia i colori dell\u2019estate si riaccende un\u00a0<strong>palco unico<\/strong>, a pochi passi dal mare, che punta come sempre sulla\u00a0<strong>qualit\u00e0 artistica<\/strong>\u00a0e mette sempre pi\u00f9 a fuoco uno\u00a0<strong>sguardo internazionale<\/strong>.<\/p>\n<p><strong>La Prima Estate<\/strong>\u00a0torna a\u00a0<strong>Lido di Camaiore<\/strong>\u00a0per la sua\u00a0<strong>quarta edizione<\/strong>\u00a0negli ultimi\u00a0<strong>due weekend di giugno<\/strong>, dal\u00a0<strong>20 al 22 e dal 27 al 29<\/strong>.<\/p>\n<p><strong>Air, Grace Jones, TV on the Radio, Spiritualized\u00a0<\/strong>e<strong>\u00a0Yard<\/strong>\u00a0<strong>Act<\/strong>\u00a0sono tra i grandi nomi che arrivano\u00a0<strong>in esclusiva<\/strong>\u00a0per il festival con la loro\u00a0<strong>unica data italiana.\u00a0<\/strong>E ancora\u00a0<strong>St. Vincent, Nic Cester,\u00a0<\/strong><strong>Moodymann<\/strong><strong>, Tony Humphries, Mogwai, Peter Cat Recording Co.\u00a0<\/strong>e\u00a0<strong>Ramona Flowers.\u00a0<\/strong>In quota tricolore\u00a0<strong>Lucio Corsi e Calibro 35<\/strong>, insieme a<strong>\u00a0prima stanza a destra,\u00a0<\/strong>il progetto<strong>\u00a0CAM Sound System\u00a0<\/strong>con\u00a0<strong>Sara Mautone,\u00a0<\/strong>e\u00a0<strong>Il Mago Del Gelato<\/strong>.<\/p>\n<p>Un cartellone\u00a0<strong>prestigioso<\/strong>\u00a0che guarda oltre gli streaming del momento concentrandosi sullo spessore artistico, in quel\u00a0<strong>Parco BussolaDomani\u00a0<\/strong>che diversi anni fa ospit\u00f2 Frank Zappa e Miles Davis e ora per La Prima Estate ha applaudito nelle passate edizioni i\u00a0<strong>Jane\u2019s Addiction<\/strong>\u00a0e\u00a0<strong>Michael Kiwanuka<\/strong>,\u00a0<strong>Jamiroquai<\/strong>\u00a0e<strong>\u00a0Lana Del Rey<\/strong><span style=\"text-decoration: line-through;\">,<\/span>\u00a0<strong>Anderson Paak<\/strong>\u00a0e i\u00a0<strong>Duran Duran<\/strong>.<\/p>\n<p>Novit\u00e0 di quest\u2019anno \u00e8 il contest pensato e voluto per\u00a0<strong>sostenere i talenti emergenti della scena musicale italiana<\/strong>. \u00c8\u00a0<strong>Next Stage: La Prima Estate<\/strong>, l\u2019iniziativa organizzata con il locale milanese\u00a0<strong>Detune<\/strong>\u00a0che ha selezionato sei nomi per aprire ogni serata.\u00a0<strong>Tare, Le Nora, Giacoprudente, Rip, Nicaragua e La Gente<\/strong>\u00a0sono gli artisti che saliranno sul palco davanti al pubblico del festival prima dei grandi live internazionali.<\/p>\n<p>La Prima Estate inizia\u00a0<strong>venerd\u00ec 20 giugno\u00a0<\/strong>con il\u00a0<strong>meglio dell\u2019alternative rock<\/strong>. Il post-rock degli scozzesi\u00a0<strong>Mogwai<\/strong>, reduci dagli apprezzamenti per il loro ultimo disco \u201cThe Bad Fire\u201d fresco di stampa; quello psichedelico ed elettronico degli\u00a0<strong>Spiritualized<\/strong>\u00a0guidati da Jason Pierce; e il post-punk degli\u00a0<strong>Yard Act<\/strong>, il quartetto inglese cinico e disincantato che ha incassato perfino gli apprezzamenti di Sir Elton John.<\/p>\n<p><strong>Sabato 21 giugno\u00a0<\/strong>\u00e8 la volta degli\u00a0<strong>Air<\/strong>, il duo francese che ha coniato un inimitabile linguaggio electro-pop elegante e di grande suggestione; e di\u00a0<strong>St. Vincent<\/strong>, la regina indiscussa dell&#8217;indie rock americano tra i talenti pi\u00f9 ipnotici, seducenti e camaleontici in circolazione che quest\u2019anno ha conquistato ben tre Grammy Awards. Bandiera italiana per i\u00a0<strong>Calibro 35<\/strong>, tra i progetti pi\u00f9 intraprendenti e raffinati della scena musicale alternativa appena usciti con il nuovo disco \u201cExploration\u201d; e\u00a0<strong>prima stanza a destra<\/strong>, il progetto intimo e visionario di un artista ventunenne.<\/p>\n<p><strong>Domenica 22 giugno\u00a0<\/strong>in<strong>\u00a0esclusiva<\/strong>\u00a0per La Prima Estate il rock alternativo della band cult\u00a0<strong>TV on the Radio<\/strong>, con l\u2019unico live italiano dopo anni di silenzio;\u00a0<strong>Nic Cester<\/strong>, la voce australiana (di base milanese) che ha stregato il mondo con\u00a0<em>Are You Gonna Be My Girl<\/em>\u00a0in formazione con i Jet; e\u00a0<strong>Ramona Flowers<\/strong>, la band inglese apprezzata per il sound che combina rock, elettronica e sonorit\u00e0 pop.<\/p>\n<p>Il secondo weekend del festival racchiude<strong>\u00a0tre\u00a0<em>eventi<\/em>\u00a0speciali<\/strong>.<\/p>\n<p><strong>Venerd\u00ec 27 giugno\u00a0<\/strong>arriva<strong>\u00a0Moodymann<\/strong>\u00a0per la serata\u00a0<strong>Club Friday.\u00a0<\/strong>Pseudonimo di Kenny Dixon Jr., \u00e8 tra i nomi pi\u00f9 amati, eclettici e innovativi dell\u2019house music.<strong>\u00a0<\/strong>La giornata \u00e8 pensata e realizzata in collaborazione con il\u00a0<strong>Kama Kama<\/strong>, uno dei locali e dei simboli pi\u00f9 amati della Versilia, punto di riferimento pioneristico per la musica house ed elettronica degli anni \u201990. Ecco allora in consolle anche\u00a0<strong>Tom Trago<\/strong>, garanzia di creativit\u00e0; e\u00a0<strong>Mario Scalambrin<\/strong>, colonna portante dello storico locale di Camaiore con il suo sound esplosivo.<\/p>\n<p><strong>Sabato 28 giugno<\/strong>\u00a0sul palco per l\u2019<strong>unica data italiana\u00a0<\/strong>una delle artiste pi\u00f9 trasgressive, dirompenti e rivoluzionarie della cultura pop:\u00a0<strong>Grace Jones<\/strong>. Musa storica e icona di stile carismatica, la \u201cpantera della musica\u201d arriva nello stesso luogo dove suon\u00f2 dal vivo nei primi anni 80,\u00a0<strong>la mitica BussolaDomani<\/strong>. Un vero e proprio concerto evento che si chiude con il dj set di uno dei padri della musica house,\u00a0<strong>Tony Humphries,\u00a0<\/strong>e si apre con il sound sofisticato ed etereo di\u00a0<strong>CAM Sound System with Sara Mautone<\/strong>.<\/p>\n<p><strong>Lucio Corsi<\/strong>\u00a0\u00e8 l\u2019headliner di\u00a0<strong>domenica\u00a029 giugno<\/strong>: il cantautore che ha conquistato tutta l\u2019Italia con la sua\u00a0<em>Volevo essere un duro<\/em>\u00a0presenta dal vivo il nuovo album per un atteso ritorno a casa. In apertura tocca a\u00a0<strong>Peter Cat Recording Co.<\/strong>, la band di Nuova Delhi nota per la poliedrica fusione tra indie, bossa nova, jazz e psichedelia; e al\u00a0<strong>Mago del Gelato<\/strong>, uno dei progetti pi\u00f9 eclettici della scena milanese, capace di unire leggerezza e stile con il loro album d\u2019esordio \u201cChi \u00c8 Nicola Felpieri?\u201d.<\/p>\n<p>La\u00a0<strong>musica rimane in primo piano anche nelle attivit\u00e0 collaterali del festival<\/strong>\u00a0con\u00a0<strong>HANGOVER @laprimaestate<\/strong>, il<strong>\u00a0talk<\/strong>\u00a0condotto da\u00a0<strong>Massimo Coppola<\/strong>. Quello che fu il vj di riferimento della musica indie degli anni zero con lo storico programma \u201cBrand: New\u201d (riproposto nei mesi scorsi in club e teatri con la versione<em>\u00a0aggiornata<\/em>\u00a0\u201cNew: Brand: New\u201d) d\u00e0 appuntamento al pubblico ogni mattina &#8211; tranne il 27 giugno \u2013 dalle ore 11. Nel roof dell\u2019Hotel UNA Experience a Lido di Camaiore in scena monologhi, commenti sulla serata precedente, e un ricco programma di talk con ospiti e interviste in esclusiva agli artisti del festival.<\/p>\n<p>Si prosegue dalle ore 13 sulla terrazza del\u00a0<strong>Bagno Santeria Belmare<\/strong>\u00a0durante il primo weekend con\u00a0<strong>Music Lunch Lovers<\/strong>: tre pranzi in terrazza con tre selezioni musicali dedicate ai diversi generi e periodi del festival. Venerd\u00ec 20 giugno \u00e8 in programma\u00a0<em>The 90s: Alternative Golden Age<\/em>; sabato 21\u00a0<em>The Sound of Italian Library<\/em>\u00a0e domenica 22\u00a0<em>Rock Around The Indie<\/em>.<\/p>\n<p>Per gli amanti del vino, sabato 22 e domenica 29 giugno alle ore 12 \u00e8 possibile partecipare a una\u00a0<strong>degustazione di vini<\/strong>\u00a0Santa Cristina al Bagno Cavallone; mentre per chi predilige le attivit\u00e0 in spiaggia e svegliarsi presto anche quest\u2019anno \u00e8 confermata la\u00a0<strong>pratica yoga<\/strong>\u00a0alle ore 9 al\u00a0<strong>Bagno Cavallone<\/strong>.<\/p>\n<p>La Prima Estate conferma anche in questa edizione il\u00a0<strong>Bar del Riciclo<\/strong>: in cambio di sei bicchieri di birra o sei bottigliette di acqua vuote si riceve una birra o una bottiglietta in omaggio. Un\u2019iniziativa resa possibile dalla collaborazione tra<strong>\u00a0Warsteiner<\/strong>\u00a0e\u00a0<strong>Acqua Silva<\/strong>, con la supervisione e il patrocinio di\u00a0<strong>Corepla\u00a0<\/strong>(il Consorzio Nazionale per la Raccolta, il Riciclo e il Recupero degli Imballaggi in Plastica),\u00a0<strong>Pro Food Italia ed Ersu<\/strong>\u00a0(la societ\u00e0 di rifiuti di Camaiore), grazie a cui\u00a0<strong>l\u2019anno scorso il 70% dei bicchieri di plastica sono stati raccolti e non abbandonati a terra.<\/strong><\/p>\n<p>Come ogni anno, presente<strong>\u00a0un\u2019area cibo e bevande di alta qualit\u00e0 con diversi stand adatti a ogni palato,\u00a0<\/strong>e come l\u2019anno scorso<strong>\u00a0<\/strong>i pagamenti saranno senza contanti per snellire le code in cassa, con\u00a0<strong>card ricaricabili<\/strong>\u00a0on line oppure in loco.<\/p>\n<p><strong>Potenziate anche le linee di trasporto interne grazie all\u2019accordo con<\/strong><strong>\u00a0at &#8211; autolinee toscane.\u00a0<\/strong>Per i due weekend del festival saranno assicurati due bus al giorno (andata\/ritorno) da Firenze-Prato e da Livorno-Pisa collegati direttamente al Parco BussolaDomani (prenotazioni sul sito\u00a0<a href=\"https:\/\/gdgpress.voxmail.it\/nl\/pvwqdx\/krph00\/wx1ggd7\/uf\/2\/aHR0cHM6Ly93d3cuYnJlYWtkb3dudG91cnMuY29tL2xhLXByaW1hLWVzdGF0ZS1zdG9yZS9wL2J1cw?_d=A5B&amp;_c=b6500f2b\" target=\"_blank\" rel=\"noopener\" data-saferedirecturl=\"https:\/\/www.google.com\/url?q=https:\/\/gdgpress.voxmail.it\/nl\/pvwqdx\/krph00\/wx1ggd7\/uf\/2\/aHR0cHM6Ly93d3cuYnJlYWtkb3dudG91cnMuY29tL2xhLXByaW1hLWVzdGF0ZS1zdG9yZS9wL2J1cw?_d%3DA5B%26_c%3Db6500f2b&amp;source=gmail&amp;ust=1749821560754000&amp;usg=AOvVaw1uRXMHfRpWTCBrv_fWhPRF\">https:\/\/www.breakdowntours.<wbr \/>com\/la-prima-estate-store\/p\/<wbr \/>bus<\/a>).<\/p>\n<p>Tra i partner che rendono possibile La Prima Estate si conferma il sostegno di\u00a0<strong>Farma\u00e8<\/strong>, powering partner dell\u2019evento anche per questa edizione, presente in area festival con uno stand dedicato.\u00a0<strong>Warsteiner<\/strong>, partner storico di LPE, \u00e8 ancora una volta birra ufficiale dell\u2019evento e accompagner\u00e0 il pubblico durante tutte le serate con la sua qualit\u00e0 e la sua inconfondibile freschezza. Grande novit\u00e0 di quest\u2019anno \u00e8 la presenza di\u00a0<strong>Santa Cristina,<\/strong>\u00a0che parteciper\u00e0 al festival in veste di Vino Ufficiale con un vero e proprio wine bar nel parco dove sar\u00e0 possibile degustare i vini del brand toscano godendosi i concerti sotto le stelle. Confermata anche la partecipazione del\u00a0<strong>Gruppo Montenegro<\/strong>, rappresentato da<strong>\u00a0Cointreau<\/strong>, con uno stand dedicato. A debuttare come acqua ufficiale dell\u2019edizione 2025 sar\u00e0 infine\u00a0<strong>Acqua Silva<\/strong>, eccellenza toscana presente per la prima volta a LPE.<\/p>\n<p><strong>Ticketone<\/strong>, oltre a essere ticketing partner esclusivo e ufficiale, \u00e8 anche un prezioso alleato del festival, supportando l\u2019organizzazione nella promozione e nella gestione dell\u2019accesso al pubblico.<\/p>\n<p>Il\u00a0<strong>Comune di Camaiore<\/strong>\u00a0e la\u00a0<strong>Regione Toscana<\/strong>\u00a0sono i partner istituzionali.<\/p>\n<p><strong>Radio Mediaset<\/strong>\u00a0da quest\u2019anno \u00e8 partner del festival garantendo il supporto di due radio del suo gruppo,\u00a0<strong>Virgin Radio e Radio Monte Carlo<\/strong>, che diventano radio ufficiali 2025.<\/p>\n","protected":false},"excerpt":{"rendered":"<div class=\"mh-excerpt\"><p>\u00a0La IV edizione a Lido di Camaiore dal 20 al 22 e dal 27 al 29 giugno.\u00a0\u00a0 \u201cLA PRIMA ESTATE\u201d La grande musica internazionale in <a class=\"mh-excerpt-more\" href=\"https:\/\/www.piuomenopop.it\/index.php\/2025\/06\/12\/la-prima-estate-presenta-il-programma-completo-st-vincent-air-mogwai-grace-jones-lucio-corsi-calibro-35-e-tanti-altri\/\" title=\"La PRIMA ESTATE presenta il programma completo: St. Vincent, Air, Mogwai, Grace Jones, Lucio Corsi, Calibro 35 e tanti altri\">[&#8230;]<\/a><\/p>\n<\/div>","protected":false},"author":2,"featured_media":88937,"comment_status":"closed","ping_status":"closed","sticky":false,"template":"","format":"standard","meta":{"sfsi_plus_gutenberg_text_before_share":"","sfsi_plus_gutenberg_show_text_before_share":"","sfsi_plus_gutenberg_icon_type":"","sfsi_plus_gutenberg_icon_alignemt":"","sfsi_plus_gutenburg_max_per_row":"","footnotes":"","_links_to":"","_links_to_target":""},"categories":[5184,730,3],"tags":[2851,1069,11465,12920,2416,1273,5525],"class_list":["post-90271","post","type-post","status-publish","format-standard","has-post-thumbnail","hentry","category-calendario-concerti","category-festival","category-news","tag-air","tag-calibro-35","tag-grace-jones","tag-la-prima-estate","tag-lucio-corsi","tag-mogwai","tag-st-vincent"],"aioseo_notices":[],"_links":{"self":[{"href":"https:\/\/www.piuomenopop.it\/index.php\/wp-json\/wp\/v2\/posts\/90271","targetHints":{"allow":["GET"]}}],"collection":[{"href":"https:\/\/www.piuomenopop.it\/index.php\/wp-json\/wp\/v2\/posts"}],"about":[{"href":"https:\/\/www.piuomenopop.it\/index.php\/wp-json\/wp\/v2\/types\/post"}],"author":[{"embeddable":true,"href":"https:\/\/www.piuomenopop.it\/index.php\/wp-json\/wp\/v2\/users\/2"}],"replies":[{"embeddable":true,"href":"https:\/\/www.piuomenopop.it\/index.php\/wp-json\/wp\/v2\/comments?post=90271"}],"version-history":[{"count":1,"href":"https:\/\/www.piuomenopop.it\/index.php\/wp-json\/wp\/v2\/posts\/90271\/revisions"}],"predecessor-version":[{"id":90272,"href":"https:\/\/www.piuomenopop.it\/index.php\/wp-json\/wp\/v2\/posts\/90271\/revisions\/90272"}],"wp:featuredmedia":[{"embeddable":true,"href":"https:\/\/www.piuomenopop.it\/index.php\/wp-json\/wp\/v2\/media\/88937"}],"wp:attachment":[{"href":"https:\/\/www.piuomenopop.it\/index.php\/wp-json\/wp\/v2\/media?parent=90271"}],"wp:term":[{"taxonomy":"category","embeddable":true,"href":"https:\/\/www.piuomenopop.it\/index.php\/wp-json\/wp\/v2\/categories?post=90271"},{"taxonomy":"post_tag","embeddable":true,"href":"https:\/\/www.piuomenopop.it\/index.php\/wp-json\/wp\/v2\/tags?post=90271"}],"curies":[{"name":"wp","href":"https:\/\/api.w.org\/{rel}","templated":true}]}}