{"id":90925,"date":"2025-07-29T18:03:01","date_gmt":"2025-07-29T16:03:01","guid":{"rendered":"https:\/\/www.piuomenopop.it\/?p=90925"},"modified":"2025-07-29T18:03:01","modified_gmt":"2025-07-29T16:03:01","slug":"in-ricordo-di-paolo-benvegnu-neri-marcore-orchestra-multietnica-di-arezzo-lun-4-8-teatro-romano-fiesole-firenze","status":"publish","type":"post","link":"https:\/\/www.piuomenopop.it\/index.php\/2025\/07\/29\/in-ricordo-di-paolo-benvegnu-neri-marcore-orchestra-multietnica-di-arezzo-lun-4-8-teatro-romano-fiesole-firenze\/","title":{"rendered":"In ricordo di PAOLO BENVEGN\u00d9: NERI MARCOR\u00c8, ORCHESTRA MULTIETNICA DI AREZZO, lun 4\/8 Teatro Romano Fiesole (Firenze)"},"content":{"rendered":"<div align=\"center\"><span style=\"font-family: tahoma, sans-serif;\"><span style=\"color: #ff0000; font-size: x-large;\"><i><b>PICCOLE FRAGILISSIME NOTE<\/b><\/i><\/span><br \/>\n<b><i>Al Teatro Romano di Fiesole concerto\u00a0<\/i><\/b><b><i>in ricordo di<\/i><\/b><br \/>\n<span style=\"color: #ff0000; font-size: xx-large;\"><b>Paolo Benvegn\u00f9<\/b><\/span><\/p>\n<p><u>Luned\u00ec 4 agosto 2025 \u2013 ore 21,15<br \/>\nTeatro Romano \u2013 Largo Fernando Farulli \u2013 Fiesole (Firenze)<\/u><br \/>\n<span style=\"color: #ff0000; font-size: x-large;\"><b>Orchestra Multietnica di Arezzo\u00a0<\/b><\/span><br \/>\ndiretta da\u00a0<b>Enrico Fink<\/b><br \/>\nCon<br \/>\n<span style=\"color: #ff0000;\"><b><span style=\"font-size: x-large;\">Neri Marcor\u00e8<\/span><\/b><\/span><br \/>\n<\/span><\/div>\n<p><span style=\"font-family: tahoma, sans-serif;\">\u00a0<\/span><\/p>\n<div align=\"justify\"><span style=\"font-family: tahoma, sans-serif;\">Ci saranno i musicisti che hanno accompagnato per anni Paolo Benvegn\u00f9 e l\u2019Orchestra Multietnica di Arezzo diretta da Enrico Fink, con cui l\u2019artista ha suonato pi\u00f9 volte. E ci sar\u00e0, ospite speciale, Neri Marcor\u00e8, che ha prestato la sua voce nel disco \u201c\u00c8 inutile parlare d\u2019amore\u201d. Tutti al Teatro Romano di Fiesole, luned\u00ec 4 agosto, per \u201cPiccole fragilissime note &#8211; concerto in memoria di Paolo Benvegn\u00f9\u201d, intreccio di voci, strumenti e memorie per celebrare un artista che ha segnato la musica d\u2019autore di questi ultimi trent\u2019anni.<\/p>\n<p>I biglietti \u2013 posti numerati da 23 a 34,50 euro &#8211; sono disponibili online sul sito ufficiale\u00a0<a href=\"http:\/\/www.estatefiesolana.it\/\" target=\"_blank\" rel=\"noopener\" data-saferedirecturl=\"https:\/\/www.google.com\/url?q=http:\/\/www.estatefiesolana.it&amp;source=gmail&amp;ust=1753890850146000&amp;usg=AOvVaw06G_lvgFOEB3GALErnP4nu\">www.estatefiesolana.it<\/a>, su\u00a0<a href=\"http:\/\/www.ticketone.it\/\" target=\"_blank\" rel=\"noopener\" data-saferedirecturl=\"https:\/\/www.google.com\/url?q=http:\/\/www.ticketone.it&amp;source=gmail&amp;ust=1753890850146000&amp;usg=AOvVaw1h-Jvb6repWGP9ieRzI8NH\">www.ticketone.it<\/a>\u00a0e nei punti prevendita di Box Office Toscana (<a href=\"http:\/\/www.boxofficetoscana.it\/punti-vendita\" target=\"_blank\" rel=\"noopener\" data-saferedirecturl=\"https:\/\/www.google.com\/url?q=http:\/\/www.boxofficetoscana.it\/punti-vendita&amp;source=gmail&amp;ust=1753890850146000&amp;usg=AOvVaw2jeeUpbiJk-ED2v0XSzbNt\">www.boxofficetoscana.it\/<wbr \/>punti-vendita<\/a>).<\/p>\n<p>Il titolo dell\u2019evento richiama \u201cPiccoli fragilissimi film\u201d, l\u2019album ripubblicato nel 2024 a vent\u2019anni dall\u2019omonimo disco che ha segnato una tappa fondamentale della carriera di Benvegn\u00f9. Un tributo alla sua poetica delicata e potente, un viaggio tra le sue parole e le sue note, che continuano a ispirare chi le ascolta.<\/p>\n<p>L\u2019Orchestra Multietnica di Arezzo: un legame speciale<br \/>\nL\u2019Orchestra Multietnica di Arezzo, con cui Benvegn\u00f9 si \u00e8 esibito pi\u00f9 volte nel tour Culture contro la paura, \u00e8 molto pi\u00f9 di un ensemble musicale: \u00e8 un simbolo di dialogo e contaminazione tra culture, proprio come la musica di Paolo. La sua capacit\u00e0 di dare voce alle emozioni pi\u00f9 profonde trova nell\u2019orchestra un\u2019eco potente e collettiva, capace di trasformare ogni esecuzione in un\u2019esperienza condivisa, dove le differenze si incontrano per generare bellezza. In questo concerto, il contributo dell\u2019OMA diretta da Enrico Fink, con gli arrangiamenti firmati dallo stesso Fink e da Luca Roccia Baldini, legato a Benvegn\u00f9 da un lungo sodalizio artistico e umano, sar\u00e0 fondamentale per restituire al pubblico la complessit\u00e0 e la ricchezza sonora delle sue canzoni, rendendolo un omaggio ancora pi\u00f9 intenso e significativo.<\/p>\n<p>Neri Marcor\u00e8, una voce tra le sue canzoni<br \/>\nTra gli ospiti speciali della serata ci sar\u00e0 Neri Marcor\u00e8, che ha partecipato alla registrazione del disco \u201c\u00c8 inutile parlare d\u2019amore\u201d, Targa Tenco 2024 come Miglior album in assoluto, interpretando il brano \u201c27\/12\u201d. La sua sensibilit\u00e0 artistica e il suo legame con la musica d\u2019autore italiana arricchiranno questa serata di memoria e celebrazione, sottolineando ancora una volta quanto le canzoni di Benvegn\u00f9 siano capaci di unire mondi e linguaggi diversi.<\/p>\n<p>\u201cPiccole fragilissime note\u201d rappresenta l\u2019emozionante incontro tra artisti e pubblico per ricordare Paolo non solo come straordinario cantautore, ma come uomo capace di trasformare la musica in un ponte tra mondi diversi di un\u2019unica, contraddittoria, umanit\u00e0. Un evento imperdibile per chi ha amato la sua arte e vuole continuare a farla vivere.<\/p>\n<p>Concerto nell\u2019ambito dell\u2019Estate Fiesolana 2025. In programma fino a settembre, il festival \u00e8 organizzato da PRG e Associazione Music Pool unitamente all\u2019Amministrazione Comunale di Fiesole. Con il contributo di Comune di Fiesole, Fondazione CR Firenze, Regione Toscana, Citt\u00e0 Metropolitana e Ministero della Cultura. In collaborazione con at \u2013 autolinee toscane e con il sostegno di Dorin, Chianti Banca, Unicoop Firenze, Sammontana, Bibi Graetz e Uovo del Casentino.<br \/>\n<\/span><\/div>\n<p><span style=\"font-family: tahoma, sans-serif; font-size: xx-small;\"><br \/>\n<b><u>Biglietti<\/u><\/b><br \/>\nPrimo settore 34,50 euro<br \/>\nSecondo settore 23 euro<\/p>\n<p><b><u>Prevendite spettacoli Estate Fiesolana 2025<\/u><\/b><br \/>\nOnline su\u00a0<a href=\"http:\/\/www.estatefiesolana.it\/\" target=\"_blank\" rel=\"noopener\" data-saferedirecturl=\"https:\/\/www.google.com\/url?q=http:\/\/www.estatefiesolana.it&amp;source=gmail&amp;ust=1753890850146000&amp;usg=AOvVaw06G_lvgFOEB3GALErnP4nu\">www.estatefiesolana.it<\/a>\u00a0e\u00a0<a href=\"http:\/\/www.ticketone.it\/\" target=\"_blank\" rel=\"noopener\" data-saferedirecturl=\"https:\/\/www.google.com\/url?q=http:\/\/www.ticketone.it&amp;source=gmail&amp;ust=1753890850146000&amp;usg=AOvVaw1h-Jvb6repWGP9ieRzI8NH\">www.ticketone.it<\/a><br \/>\nNei punti vendita del circuito regionale Box Office\u00a0<a href=\"http:\/\/www.boxofficetoscana.it\/punti-vendita\" target=\"_blank\" rel=\"noopener\" data-saferedirecturl=\"https:\/\/www.google.com\/url?q=http:\/\/www.boxofficetoscana.it\/punti-vendita&amp;source=gmail&amp;ust=1753890850146000&amp;usg=AOvVaw2jeeUpbiJk-ED2v0XSzbNt\">www.boxofficetoscana.it\/punti-<wbr \/>vendita<\/a><br \/>\nPresso la biglietteria del Teatro Romano di Fiesole: Largo Fernando Farulli 1: tel. 055.5961293 (aprile-settembre ore 9-18.00 tutti i giorni)<\/p>\n<p><b><u>Info spettacoli Estate Fiesolana<\/u><\/b><br \/>\nTeatro Romano di Fiesole \u2013 Largo Fernando Farulli \u2013 Fiesole (Firenze)<br \/>\nTel 055.5961293 &#8211;\u00a0<a href=\"mailto:info@prgfirenze.it\" target=\"_blank\" rel=\"noopener\">info@prgfirenze.it<\/a>\u00a0 &#8211;\u00a0<a href=\"http:\/\/www.estatefiesolana.it\/\" target=\"_blank\" rel=\"noopener\" data-saferedirecturl=\"https:\/\/www.google.com\/url?q=http:\/\/www.estatefiesolana.it&amp;source=gmail&amp;ust=1753890850146000&amp;usg=AOvVaw06G_lvgFOEB3GALErnP4nu\">www.estatefiesolana.it<\/a><\/p>\n<p><b><u>Persone con disabilit\u00e0<\/u><\/b><br \/>\n\u00c8 necessario acquistare un biglietto specifico nei punti prevendita del Circuito Box Office Toscana (<a href=\"https:\/\/www.boxofficetoscana.it\/it\/punti-vendita\" target=\"_blank\" rel=\"noopener\" data-saferedirecturl=\"https:\/\/www.google.com\/url?q=https:\/\/www.boxofficetoscana.it\/it\/punti-vendita&amp;source=gmail&amp;ust=1753890850146000&amp;usg=AOvVaw1EoBLY1N0ecIzFpdb0lfVo\">https:\/\/www.boxofficetoscana.<wbr \/>it\/it\/punti-vendita<\/a>). In caso di invalidit\u00e0 superiore al 75%, si potr\u00e0 accedere con un accompagnatore, a cui sar\u00e0 riservato un biglietto gratuito.<\/p>\n<p><b><u>Sconti e riduzioni<\/u><\/b><br \/>\nPer i residenti di Fiesole: biglietti ridotti alla biglietteria del Teatro, presentando un documento di identit\u00e0 che attesti la residenza.<br \/>\nI bambini sotto i 5 anni di et\u00e0 entrano gratuitamente accompagnati da un adulto, in numero di un bambino\/a per ogni adulto, ma non hanno diritto ad occupare un posto a sedere.<br \/>\nStudenti\/Under 25: riduzioni, dove previsto, presso i punti vendita del circuito Boxoffice Toscana.<br \/>\nSoci Coop UNICOOP Firenze: riduzioni, dove indicato, esclusivamente presso i Punti Vendita interni ai negozi Unicoop Firenze.<br \/>\n<\/span><\/p>\n","protected":false},"excerpt":{"rendered":"<div class=\"mh-excerpt\"><p>PICCOLE FRAGILISSIME NOTE Al Teatro Romano di Fiesole concerto\u00a0in ricordo di Paolo Benvegn\u00f9 Luned\u00ec 4 agosto 2025 \u2013 ore 21,15 Teatro Romano \u2013 Largo Fernando <a class=\"mh-excerpt-more\" href=\"https:\/\/www.piuomenopop.it\/index.php\/2025\/07\/29\/in-ricordo-di-paolo-benvegnu-neri-marcore-orchestra-multietnica-di-arezzo-lun-4-8-teatro-romano-fiesole-firenze\/\" title=\"In ricordo di PAOLO BENVEGN\u00d9: NERI MARCOR\u00c8, ORCHESTRA MULTIETNICA DI AREZZO, lun 4\/8 Teatro Romano Fiesole (Firenze)\">[&#8230;]<\/a><\/p>\n<\/div>","protected":false},"author":2,"featured_media":66093,"comment_status":"closed","ping_status":"closed","sticky":false,"template":"","format":"standard","meta":{"sfsi_plus_gutenberg_text_before_share":"","sfsi_plus_gutenberg_show_text_before_share":"","sfsi_plus_gutenberg_icon_type":"","sfsi_plus_gutenberg_icon_alignemt":"","sfsi_plus_gutenburg_max_per_row":"","footnotes":"","_links_to":"","_links_to_target":""},"categories":[1],"tags":[],"class_list":["post-90925","post","type-post","status-publish","format-standard","has-post-thumbnail","hentry","category-senza-categoria"],"aioseo_notices":[],"_links":{"self":[{"href":"https:\/\/www.piuomenopop.it\/index.php\/wp-json\/wp\/v2\/posts\/90925","targetHints":{"allow":["GET"]}}],"collection":[{"href":"https:\/\/www.piuomenopop.it\/index.php\/wp-json\/wp\/v2\/posts"}],"about":[{"href":"https:\/\/www.piuomenopop.it\/index.php\/wp-json\/wp\/v2\/types\/post"}],"author":[{"embeddable":true,"href":"https:\/\/www.piuomenopop.it\/index.php\/wp-json\/wp\/v2\/users\/2"}],"replies":[{"embeddable":true,"href":"https:\/\/www.piuomenopop.it\/index.php\/wp-json\/wp\/v2\/comments?post=90925"}],"version-history":[{"count":1,"href":"https:\/\/www.piuomenopop.it\/index.php\/wp-json\/wp\/v2\/posts\/90925\/revisions"}],"predecessor-version":[{"id":90926,"href":"https:\/\/www.piuomenopop.it\/index.php\/wp-json\/wp\/v2\/posts\/90925\/revisions\/90926"}],"wp:featuredmedia":[{"embeddable":true,"href":"https:\/\/www.piuomenopop.it\/index.php\/wp-json\/wp\/v2\/media\/66093"}],"wp:attachment":[{"href":"https:\/\/www.piuomenopop.it\/index.php\/wp-json\/wp\/v2\/media?parent=90925"}],"wp:term":[{"taxonomy":"category","embeddable":true,"href":"https:\/\/www.piuomenopop.it\/index.php\/wp-json\/wp\/v2\/categories?post=90925"},{"taxonomy":"post_tag","embeddable":true,"href":"https:\/\/www.piuomenopop.it\/index.php\/wp-json\/wp\/v2\/tags?post=90925"}],"curies":[{"name":"wp","href":"https:\/\/api.w.org\/{rel}","templated":true}]}}