{"id":90927,"date":"2025-07-29T18:06:16","date_gmt":"2025-07-29T16:06:16","guid":{"rendered":"https:\/\/www.piuomenopop.it\/?p=90927"},"modified":"2025-07-29T18:06:38","modified_gmt":"2025-07-29T16:06:38","slug":"s-o-s-palestina-il-18-settembre-a-firenze-il-concerto-per-raccogliere-fondi-per-le-attivita-di-medici-senza-frontiere-in-palestina","status":"publish","type":"post","link":"https:\/\/www.piuomenopop.it\/index.php\/2025\/07\/29\/s-o-s-palestina-il-18-settembre-a-firenze-il-concerto-per-raccogliere-fondi-per-le-attivita-di-medici-senza-frontiere-in-palestina\/","title":{"rendered":"S.O.S. PALESTINA! &#8211; il 18 SETTEMBRE a FIRENZE il concerto per raccogliere fondi per le attivit\u00e0 di MEDICI SENZA FRONTIERE in Palestina"},"content":{"rendered":"<p align=\"center\"><strong>Da un\u2019idea di Piero Pel\u00f9<\/strong><\/p>\n<p align=\"center\"><strong>\u00a0<\/strong><strong><u>S.O.S. PALESTINA!<\/u><\/strong><\/p>\n<p align=\"center\"><strong>\u00a0<\/strong><strong>Gioved\u00ec 18 settembre<br \/>\n<\/strong><strong>all\u2019Anfiteatro delle Cascine Ernesto De Pascale<br \/>\n<\/strong><strong>di Firenze<br \/>\n<\/strong><strong>il concerto per raccogliere fondi per le attivit\u00e0<br \/>\n<\/strong><strong>di MEDICI SENZA FRONTIERE in Palestina<\/strong><\/p>\n<p align=\"center\"><strong>Con<br \/>\n<\/strong><strong>AFTERHOURS, BANDABARDO\u2019, EMMA NOLDE,<br \/>\n<\/strong><strong>FAST ANIMALS AND SLOW KIDS, GINEVRA DI MARCO,<br \/>\nPIERO PELU&#8217; con ANTONIO AIAZZI,<br \/>\nGIANNI MAROCCOLO e i BANDIDOS<br \/>\n<\/strong><strong>TRE ALLEGRI RAGAZZI MORTI<\/strong><\/p>\n<p align=\"center\"><strong>E altri ospiti\u2026<\/strong><\/p>\n<p>&nbsp;<\/p>\n<p>&nbsp;<\/p>\n<p><strong>Sono disponibili da oggi su Ticketone i biglietti per <em>S.O.S. PALESTINA!<\/em>\u00a0il grande concerto nato dalla volont\u00e0 di Piero Pel\u00f9 per raccogliere fondi per aiutare Medici senza Frontiere nelle attivit\u00e0 di soccorso della popolazione palestinese:\u00a0<\/strong><a href=\"https:\/\/voodoocomm.voxmail.it\/nl\/pvotor\/wubrww\/yinra3r\/uf\/1\/aHR0cHM6Ly93d3cudGlja2V0b25lLml0L2V2ZW50L3Nvcy1wYWxlc3RpbmEtYW5maXRlYXRyby1kZWxsZS1jYXNjaW5lLWVybmVzdG8tZGUtcGFzY2FsZS0yMDUwMDY4Mw?_d=A6R&amp;_c=d8196545\" target=\"_blank\" rel=\"noopener\" data-saferedirecturl=\"https:\/\/www.google.com\/url?q=https:\/\/voodoocomm.voxmail.it\/nl\/pvotor\/wubrww\/yinra3r\/uf\/1\/aHR0cHM6Ly93d3cudGlja2V0b25lLml0L2V2ZW50L3Nvcy1wYWxlc3RpbmEtYW5maXRlYXRyby1kZWxsZS1jYXNjaW5lLWVybmVzdG8tZGUtcGFzY2FsZS0yMDUwMDY4Mw?_d%3DA6R%26_c%3Dd8196545&amp;source=gmail&amp;ust=1753890863069000&amp;usg=AOvVaw3rG1RMz1SHwhohbAIOhaW7\"><strong>https:\/\/www.ticketone.it\/<wbr \/>event\/sos-palestina-<wbr \/>anfiteatro-delle-cascine-<wbr \/>ernesto-de-pascale-20500683<\/strong><\/a><\/p>\n<p><strong>Alla chiamata alle arti di Pel\u00f9 hanno subito risposto artisti e amici che hanno accolto l\u2019invito a salire sul palco\u00a0<u>dell\u2019Anfiteatro delle Cascine Ernesto De Pascale di Firenze il prossimo 18 settembre.<br \/>\n<\/u><\/strong>Oltre a\u00a0<strong>PIERO PEL\u00d9<\/strong>\u00a0accompagnato da\u00a0<strong>ANTONIO AIAZZI, GIANNI MAROCCOLO<\/strong>\u00a0e i\u00a0<strong>BANDIDOS<\/strong>, si alterneranno sul palco\u00a0<strong>gli<\/strong><strong>\u00a0<\/strong><strong>AFTERHOURS, la BANDABARDO\u2019, EMMA NOLDE, i FAST ANIMALS AND SLOW KIDS, GINEVRA DI MARCO e i TRE ALLEGRI RAGAZZI MORTI<\/strong>.<br \/>\nA questi nomi se ne aggiungeranno altri nel corso delle prossime settimane, tutti uniti da un unico scopo: aiutare le vittime del genocidio in atto in Palestina.<\/p>\n<p>Queste le parole di Piero Pel\u00f9, artista da sempre coinvolto in attivit\u00e0 sociali a tutela dei dimenticati del mondo e delle vittime delle guerre e dell\u2019ambiente:<strong><em>\u00a0\u201cIn Palestina \u00e8 in atto un vero e proprio massacro\/genocidio di popolazione civile che ha una lunghissima e controversa storia alle spalle. Ancora oggi, in questo preciso momento il governo israeliano sionista di Netanyahu prosegue il suo impunito e megalomane massacro di bambini, donne, uomini, medici, giornalisti, operatori umanitari.<br \/>\n<\/em><\/strong><strong><em>La Palestina va aiutata con la massima urgenza e dalla mia rabbia e frustrazione per quello che vedo attraverso alcune pagine di informazione indipendente \u00e8 scaturita l\u2019idea di \u201cS.O.S. PALESTINA!\u201d, nata per raccogliere fondi per MEDICI SENZA FRONTIERE che nelle terre di Palestina (Gaza e Cisgiordania) aiuta la popolazione civile da tanti anni.<br \/>\n<\/em><\/strong><strong><em>Voglio ringraziare con tutto il cuore gli artisti generosi che hanno risposto subito alla mia chiamata. Oltre a quelli gi\u00e0 annunciati se ne aggiungeranno altri nelle prossime settimane.<br \/>\n<\/em><\/strong><strong><em>Un altro enorme ringraziamento va a Zerocalcare per averci regalato questo splendido manifesto.<br \/>\n<\/em><\/strong><strong><em>Ringrazio anche il mio management TEG (nella persona di Valentina Parigi) e Le Nozze di Figaro (nella persona di Alessandro Bellucci), la media partner Controradio, About e la Direzione di Fondazione Accademia dei Perseveranti e del Teatrodante Carlo Monni di Campi Bisenzio che dal primo momento hanno non solo accolto questa mia urgenza ma condiviso e collaborato al progetto con la stessa forza e volont\u00e0. Un ringraziamento anche ad Assoconcerti che contribuir\u00e0 con una donazione.<br \/>\n<\/em><\/strong><strong><em>Anche chi non potr\u00e0 fisicamente venire a Firenze potr\u00e0 acquistare il biglietto per mandare un aiuto concreto a Medici senza Frontiere e dunque alla popolazione palestinese.<br \/>\n<\/em><\/strong><strong><em>Grazie, vi aspettiamo numerosi in presenza e\/o ovunque sarete.<br \/>\n<\/em><\/strong><strong><em>Musicalmente vi garantiamo che sar\u00e0 una serata indimenticabile!\u201d<\/em><\/strong><strong><em>\u00a0<\/em><\/strong><\/p>\n<p>Il ricavato della vendita dei biglietti \u2013 al netto come sempre dei costi vivi dell\u2019evento &#8211;\u00a0<em>andr\u00e0 al 100% a Medici senza Frontiere.\u00a0<\/em>Tutti gli artisti parteciperanno a titolo gratuito, senza quindi percepire compenso.<\/p>\n<p><strong>\u00a0<\/strong><\/p>\n<p align=\"center\">Questa la locandina dell\u2019evento curata da\u00a0<strong>ZEROCALCARE<\/strong><\/p>\n<p align=\"center\"><a href=\"https:\/\/www.piuomenopop.it\/index.php\/2025\/07\/29\/s-o-s-palestina-il-18-settembre-a-firenze-il-concerto-per-raccogliere-fondi-per-le-attivita-di-medici-senza-frontiere-in-palestina\/palestina\/\" rel=\"attachment wp-att-90928\"><img loading=\"lazy\" decoding=\"async\" class=\"alignnone size-full wp-image-90928\" src=\"https:\/\/www.piuomenopop.it\/wp-content\/uploads\/2025\/07\/palestina.jpg\" alt=\"\" width=\"600\" height=\"750\" srcset=\"https:\/\/www.piuomenopop.it\/wp-content\/uploads\/2025\/07\/palestina.jpg 600w, https:\/\/www.piuomenopop.it\/wp-content\/uploads\/2025\/07\/palestina-240x300.jpg 240w\" sizes=\"auto, (max-width: 600px) 100vw, 600px\" \/><\/a><\/p>\n","protected":false},"excerpt":{"rendered":"<div class=\"mh-excerpt\"><p>Da un\u2019idea di Piero Pel\u00f9 \u00a0S.O.S. PALESTINA! \u00a0Gioved\u00ec 18 settembre all\u2019Anfiteatro delle Cascine Ernesto De Pascale di Firenze il concerto per raccogliere fondi per le <a class=\"mh-excerpt-more\" href=\"https:\/\/www.piuomenopop.it\/index.php\/2025\/07\/29\/s-o-s-palestina-il-18-settembre-a-firenze-il-concerto-per-raccogliere-fondi-per-le-attivita-di-medici-senza-frontiere-in-palestina\/\" title=\"S.O.S. PALESTINA! &#8211; il 18 SETTEMBRE a FIRENZE il concerto per raccogliere fondi per le attivit\u00e0 di MEDICI SENZA FRONTIERE in Palestina\">[&#8230;]<\/a><\/p>\n<\/div>","protected":false},"author":2,"featured_media":90928,"comment_status":"closed","ping_status":"closed","sticky":false,"template":"","format":"standard","meta":{"sfsi_plus_gutenberg_text_before_share":"","sfsi_plus_gutenberg_show_text_before_share":"","sfsi_plus_gutenberg_icon_type":"","sfsi_plus_gutenberg_icon_alignemt":"","sfsi_plus_gutenburg_max_per_row":"","footnotes":"","_links_to":"","_links_to_target":""},"categories":[5184,3],"tags":[6267,1279,14615],"class_list":["post-90927","post","type-post","status-publish","format-standard","has-post-thumbnail","hentry","category-calendario-concerti","category-news","tag-palestina","tag-piero-pelu","tag-s-o-s-palestina"],"aioseo_notices":[],"_links":{"self":[{"href":"https:\/\/www.piuomenopop.it\/index.php\/wp-json\/wp\/v2\/posts\/90927","targetHints":{"allow":["GET"]}}],"collection":[{"href":"https:\/\/www.piuomenopop.it\/index.php\/wp-json\/wp\/v2\/posts"}],"about":[{"href":"https:\/\/www.piuomenopop.it\/index.php\/wp-json\/wp\/v2\/types\/post"}],"author":[{"embeddable":true,"href":"https:\/\/www.piuomenopop.it\/index.php\/wp-json\/wp\/v2\/users\/2"}],"replies":[{"embeddable":true,"href":"https:\/\/www.piuomenopop.it\/index.php\/wp-json\/wp\/v2\/comments?post=90927"}],"version-history":[{"count":2,"href":"https:\/\/www.piuomenopop.it\/index.php\/wp-json\/wp\/v2\/posts\/90927\/revisions"}],"predecessor-version":[{"id":90930,"href":"https:\/\/www.piuomenopop.it\/index.php\/wp-json\/wp\/v2\/posts\/90927\/revisions\/90930"}],"wp:featuredmedia":[{"embeddable":true,"href":"https:\/\/www.piuomenopop.it\/index.php\/wp-json\/wp\/v2\/media\/90928"}],"wp:attachment":[{"href":"https:\/\/www.piuomenopop.it\/index.php\/wp-json\/wp\/v2\/media?parent=90927"}],"wp:term":[{"taxonomy":"category","embeddable":true,"href":"https:\/\/www.piuomenopop.it\/index.php\/wp-json\/wp\/v2\/categories?post=90927"},{"taxonomy":"post_tag","embeddable":true,"href":"https:\/\/www.piuomenopop.it\/index.php\/wp-json\/wp\/v2\/tags?post=90927"}],"curies":[{"name":"wp","href":"https:\/\/api.w.org\/{rel}","templated":true}]}}