{"id":90931,"date":"2025-07-30T17:59:28","date_gmt":"2025-07-30T15:59:28","guid":{"rendered":"https:\/\/www.piuomenopop.it\/?p=90931"},"modified":"2025-07-30T18:02:11","modified_gmt":"2025-07-30T16:02:11","slug":"be-alternative-festival-2025-xvi-edizione-concerti-sul-lago-2-3-agosto-lago-cecita-sila-cs","status":"publish","type":"post","link":"https:\/\/www.piuomenopop.it\/index.php\/2025\/07\/30\/be-alternative-festival-2025-xvi-edizione-concerti-sul-lago-2-3-agosto-lago-cecita-sila-cs\/","title":{"rendered":"BE ALTERNATIVE FESTIVAL 2025 XVI edizione \u2013 Concerti sul Lago 2 \u2013 3 AGOSTO | LAGO CECITA, SILA (CS)"},"content":{"rendered":"<p style=\"text-align: center;\"><b>BE ALTERNATIVE FESTIVAL 2025<\/b><\/p>\n<p style=\"text-align: center;\"><b>XVI edizione \u2013 <\/b><b><i>Concerti sul Lago<\/i><\/b><\/p>\n<p style=\"text-align: center;\"><b>2 \u2013 3 AGOSTO | LAGO CECITA, SILA (CS)<\/b><b><\/b><\/p>\n<p>&nbsp;<\/p>\n<p style=\"text-align: center;\"><b>In lineup:<\/b><\/p>\n<p style=\"text-align: center;\"><b>JEFF MILLS \u2013 CHRISTIAN L\u00d6FFLER \u2013 <\/b><b>MAX GAZZ\u00c8 pres. Musicae Loci \u2013 <\/b><b><br \/>\n<\/b><b>NADA \u2013 ALMAMEGRETTA \u2013 <\/b><b>LA NIN\u0303A<\/b><b> \u2013<\/b><b>\u00a0<\/b><\/p>\n<p style=\"text-align: center;\"><b>KETY FUSCO \u2013 RETROCASSETTA<\/b><\/p>\n<p style=\"text-align: center;\"><b>FABIO NIRTA<\/b><\/p>\n<p style=\"text-align: center;\"><b>BIGLIETTI DISPONIBILI su:<\/b><\/p>\n<p style=\"text-align: center;\"><a href=\"https:\/\/linktr.ee\/bealternativefestival\"><span style=\"font-weight: 400;\">https:\/\/linktr.ee\/bealternativefestival<\/span><\/a><span style=\"font-weight: 400;\">\u00a0<\/span><\/p>\n<p><span style=\"font-weight: 400;\">Il <\/span><b>Be Alternative Festival<\/b><span style=\"font-weight: 400;\"> compie sedici anni e torna con un\u2019edizione che conferma e rilancia la sua identit\u00e0: un progetto culturale che da sempre sceglie di connettere la <\/span><b>musica contemporanea<\/b><span style=\"font-weight: 400;\"> con i <\/span><b>paesaggi pi\u00f9 suggestivi della Calabria<\/b><span style=\"font-weight: 400;\">, proponendo una narrazione alternativa e profonda del territorio. Nato con l\u2019intento di rendere la <\/span><b>musica dal vivo<\/b><span style=\"font-weight: 400;\"> strumento di valorizzazione e scoperta, il festival ha saputo trasformarsi in un <\/span><b>percorso itinerante<\/b><span style=\"font-weight: 400;\"> che attraversa luoghi, stagioni e comunit\u00e0, costruendo negli anni una rete che fonde arte, natura e identit\u00e0 locali.<\/span><\/p>\n<p><span style=\"font-weight: 400;\">Il cuore di questa sedicesima edizione sar\u00e0 il format <\/span><b>\u201cConcerti sul Lago\u201d<\/b><span style=\"font-weight: 400;\">, in programma il <\/span><b>2 e 3 agosto<\/b><span style=\"font-weight: 400;\"> sulle rive del <\/span><b>Lago Cecita<\/b><span style=\"font-weight: 400;\">, nel <\/span><b>Parco Nazionale della Sila<\/b><span style=\"font-weight: 400;\">. Una scelta che non \u00e8 soltanto scenografica, ma fortemente simbolica: un paesaggio d\u2019alta quota, immerso nel verde e circondato da acque cristalline, che diventa <\/span><b>spazio d\u2019ascolto e di relazione<\/b><span style=\"font-weight: 400;\">, capace di accogliere voci, suoni e visioni che dialogano con l\u2019ambiente e lo arricchiscono di nuovi significati.<\/span><\/p>\n<p><span style=\"font-weight: 400;\">L\u2019apertura di entrambe le giornate \u00e8 affidata <\/span><b>alle 13:00<\/b><span style=\"font-weight: 400;\"> al dj-set di <\/span><b>Fabio Nirta<\/b><span style=\"font-weight: 400;\">, che accompagner\u00e0 il pubblico fino all\u2019inizio dei live. I concerti partiranno <\/span><b>alle 15:00 il sabato<\/b><span style=\"font-weight: 400;\"> e <\/span><b>alle 15:30 la domenica<\/b><span style=\"font-weight: 400;\">, con una lineup che alterner\u00e0 grandi nomi e progetti sonori di ricerca. A chiudere ogni serata, alle 20:30, i dj-set: di Retro Cassetta (sabato) e Fabio Nirta (domenica), prima del termine previsto alle 22:00.<\/span><\/p>\n<p><b>2 AGOSTO: LA LINEUP DELL\u2019EVENTO BE COLOR<\/b><\/p>\n<p><span style=\"font-weight: 400;\">La giornata del <\/span><b>2 agosto<\/b><span style=\"font-weight: 400;\"> si inserisce all\u2019interno di <\/span><b>BE COLOR<\/b><span style=\"font-weight: 400;\">, il progetto nato dalla collaborazione tra <\/span><b>Be Alternative Festival<\/b><span style=\"font-weight: 400;\"> e <\/span><b>Color Fest<\/b><span style=\"font-weight: 400;\">: un incontro tra due realt\u00e0 culturali che operano da anni nel territorio calabrese e che, nel nome della sinergia e della progettualit\u00e0 condivisa, costruiscono un programma che mette in relazione linguaggi diversi e pubblici affini.<\/span><\/p>\n<p><span style=\"font-weight: 400;\">Protagonista della serata sar\u00e0 <\/span><b>Jeff Mills<\/b><span style=\"font-weight: 400;\">, tra i nomi pi\u00f9 influenti della storia della <\/span><b>musica elettronica<\/b><span style=\"font-weight: 400;\">. Fondatore della <\/span><b>Underground Resistance<\/b><span style=\"font-weight: 400;\"> e punto di riferimento della <\/span><b>techno di Detroit<\/b><span style=\"font-weight: 400;\">, Mills porta sulle sponde del lago il suo progetto <\/span><b>\u201cTomorrow Comes the Harvest\u201d<\/b><span style=\"font-weight: 400;\">, un\u2019indagine sonora sulle connessioni tra <\/span><b>ritmi tribali<\/b><span style=\"font-weight: 400;\">, <\/span><b>elettronica<\/b><span style=\"font-weight: 400;\"> e <\/span><b>improvvisazione jazzistica<\/b><span style=\"font-weight: 400;\">, costruita in dialogo con musicisti come <\/span><b>Jean-Phi Dary<\/b><span style=\"font-weight: 400;\"> e <\/span><b>Prabhu Edouard<\/b><span style=\"font-weight: 400;\">. Accanto a Jeff Mills, il programma vedr\u00e0 la presenza di <\/span><b>Christian L\u00f6ffler<\/b><span style=\"font-weight: 400;\">, tra i producer pi\u00f9 riconoscibili della scena elettronica europea. Il suo lavoro integra perfettamente elementi di ambient, techno e house, attraversato da un senso narrativo profondo, costruendo paesaggi sonori capaci di dialogare con lo spazio che li accoglie.\u00a0<\/span><\/p>\n<p><span style=\"font-weight: 400;\">In scena anche gli <\/span><b>Almamegretta<\/b><span style=\"font-weight: 400;\">, con il <\/span><b>\u201cSanacore Live Tour 30\u00b0 anniversario\u201d<\/b><span style=\"font-weight: 400;\">,<\/span> <span style=\"font-weight: 400;\">un set che celebra uno dei dischi pi\u00f9 importanti della scena musicale italiana degli anni Novanta, un capolavoro del dub mediterraneo, capace di unire sperimentazione ed echi acustici, elettronica, reggae e canzone popolare. Un\u2019opera che, oltre a ricevere la <\/span><b>Targa Tenco come miglior album in dialetto<\/b><span style=\"font-weight: 400;\">, ha avuto un impatto fondamentale nella definizione di un\u2019estetica sonora alternativa e radicata, aprendo la strada a percorsi di contaminazione che restano centrali ancora oggi. Sul palco del festival spazio anche a <\/span><b>Kety Fusco<\/b><span style=\"font-weight: 400;\">, arpista e compositrice italo-svizzera il cui percorso \u00e8 all\u2019insegna della sperimentazione sonora, trasformando l&#8217;arpa elettrica in uno strumento capace di esplorare territori elettronici, ambient e noise. Le sue performance, caratterizzate da un uso innovativo di effetti e tecniche estese, l&#8217;hanno portata su palchi prestigiosi come il Montreux Jazz Festival, il Paleo Festival e la Royal Albert Hall di Londra e ha da poco pubblicato il suo nuovo singolo che vede il featuring di Iggy Pop. Completa il programma di giornata il dj-set di <\/span><b>Retro Cassetta<\/b><span style=\"font-weight: 400;\">, alias di Badreddine Haoutar, dj e collezionista che, attraverso un archivio personale di musicassette degli anni \u201980, \u201990 e 2000, d\u00e0 vita a set che attraversano cha\u00e2bi, ra\u00ef, rap, rock e gnaoua, trasformando ogni esibizione in un viaggio sonoro dentro la cultura maghrebina.<\/span><\/p>\n<p><b>3 AGOSTO: VOCI, TRADIZIONI E NUOVI SGUARDI SONORI<\/b><\/p>\n<p>&nbsp;<\/p>\n<p><span style=\"font-weight: 400;\">La giornata del 3 agosto vedr\u00e0 protagonista <\/span><b>Max Gazz\u00e8<\/b><span style=\"font-weight: 400;\"> con <\/span><b>Musicae Loci<\/b><span style=\"font-weight: 400;\">, progetto live musicale e culturale che ha unito le sue note con le orchestre popolari e le tradizioni locali, nel caso specifico in collaborazione con la <\/span><b>Calabria Orchestra<\/b><span style=\"font-weight: 400;\"> diretta da <\/span><b>Checco Pallone<\/b><span style=\"font-weight: 400;\">. Ogni tappa del tour si adatta al territorio che la ospita: sulle rive del Lago Cecita, tamburelli, chitarre battenti e organetti ridisegneranno i suoi brani in una chiave nuova, dove la scrittura dell\u2019autore romano incontra la potenza espressiva dei suoni popolari del Sud.<\/span><\/p>\n<p>&nbsp;<\/p>\n<p><span style=\"font-weight: 400;\">In scena anche <\/span><b>Nada<\/b><span style=\"font-weight: 400;\">, artista cardine della musica italiana, da sempre capace di attraversare epoche e linguaggi senza rinunciare alla propria radicalit\u00e0 poetica. La sua presenza restituisce al festival uno sguardo lucido e necessario sulla storia della canzone d\u2019autore. Completa la giornata <\/span><b>La Ni\u00f1a<\/b><span style=\"font-weight: 400;\">, alias di Carola Moccia, tra le voci pi\u00f9 originali della scena contemporanea italiana. Con \u201cFur\u00e8sta\u201d, il suo ultimo lavoro, fonde sonorit\u00e0 ancestrali e tradizioni mediterranee, ridefinendo i confini tra sacro e profano. La sua performance, arricchita da una formazione strumentale d\u2019eccezione, \u00e8 un viaggio corale che attraversa i linguaggi della musica popolare con uno sguardo profondamente contemporaneo.\u00a0<\/span><\/p>\n<p>&nbsp;<\/p>\n<p><span style=\"font-weight: 400;\">A chiudere la giornata sar\u00e0 <\/span><b>Fabio Nirta<\/b><span style=\"font-weight: 400;\">, dj e producer calabrese, con un set che si muove tra elettronica e derive indie, segnando l\u2019ultimo passaggio sonoro di un programma che guarda con attenzione alle traiettorie pi\u00f9 contemporanee della club culture.<\/span><\/p>\n<p>&nbsp;<\/p>\n<p><span style=\"font-weight: 400;\">Nella due giorni sar\u00e0 possibile partecipare anche ad attivit\u00e0 escursionistiche alla scoperta del territorio in collaborazione con <\/span><b>\u201cEsperiandanti\u201d<\/b><span style=\"font-weight: 400;\"> e<\/span><b> \u201cT-Space\u201d<\/b><span style=\"font-weight: 400;\">.<\/span><\/p>\n<p>&nbsp;<\/p>\n<p><span style=\"font-weight: 400;\">Concepito fin dalle origini come un festival diffuso, <\/span><b>Be Alternative<\/b><span style=\"font-weight: 400;\"> continua a costruire una mappa culturale fatta di luoghi, suoni e comunit\u00e0. Ogni tappa, ogni collaborazione, ogni paesaggio attraversato contribuisce a rinnovare il racconto di una Calabria viva, contemporanea e capace di accogliere nuovi immaginari.\u00a0<\/span><\/p>\n<p>&nbsp;<\/p>\n<p><span style=\"font-weight: 400;\">I biglietti per le date di Be Alternative Festival sono disponibili su:<\/span><a href=\"https:\/\/linktr.ee\/bealternativefestival\"> <b>linktr.ee\/bealternativefestival<\/b><\/a><span style=\"font-weight: 400;\">.\u00a0<\/span><\/p>\n<p>&nbsp;<\/p>\n<p><span style=\"font-weight: 400;\">Il festival \u00e8 realizzato con il supporto del <\/span><b>Bando per il finanziamento di eventi e manifestazioni di grande interesse turistico<\/b><span style=\"font-weight: 400;\"> della <\/span><b>Regione Calabria<\/b><span style=\"font-weight: 400;\">, e con il <\/span><b>patrocinio del Comune di Spezzano della Sila<\/b><span style=\"font-weight: 400;\"> e del <\/span><b>GAL Sila<\/b><span style=\"font-weight: 400;\">.<\/span><\/p>\n<p>&nbsp;<\/p>\n<p style=\"text-align: center;\"><b>CONTATTI:<\/b><\/p>\n<p style=\"text-align: center;\"><a href=\"http:\/\/www.facebook.com\/bealternativefestival\"><b>www.facebook.com\/bealternativefestival<\/b><\/a><\/p>\n<p style=\"text-align: center;\"><a href=\"http:\/\/www.instagram.com\/be_alternative_festival\"><b>www.instagram.com\/be_alternative_festival<\/b><\/a><\/p>\n<p style=\"text-align: center;\"><a href=\"http:\/\/www.bealternativefestival.it\"><b>www.bealternativefestival.it<\/b><\/a><\/p>\n","protected":false},"excerpt":{"rendered":"<div class=\"mh-excerpt\"><p>BE ALTERNATIVE FESTIVAL 2025 XVI edizione \u2013 Concerti sul Lago 2 \u2013 3 AGOSTO | LAGO CECITA, SILA (CS) &nbsp; In lineup: JEFF MILLS \u2013 <a class=\"mh-excerpt-more\" href=\"https:\/\/www.piuomenopop.it\/index.php\/2025\/07\/30\/be-alternative-festival-2025-xvi-edizione-concerti-sul-lago-2-3-agosto-lago-cecita-sila-cs\/\" title=\"BE ALTERNATIVE FESTIVAL 2025 XVI edizione \u2013 Concerti sul Lago 2 \u2013 3 AGOSTO | LAGO CECITA, SILA (CS)\">[&#8230;]<\/a><\/p>\n<\/div>","protected":false},"author":2,"featured_media":90934,"comment_status":"closed","ping_status":"closed","sticky":false,"template":"","format":"standard","meta":{"sfsi_plus_gutenberg_text_before_share":"","sfsi_plus_gutenberg_show_text_before_share":"","sfsi_plus_gutenberg_icon_type":"","sfsi_plus_gutenberg_icon_alignemt":"","sfsi_plus_gutenburg_max_per_row":"","footnotes":"","_links_to":"","_links_to_target":""},"categories":[5184,730,3],"tags":[14616],"class_list":["post-90931","post","type-post","status-publish","format-standard","has-post-thumbnail","hentry","category-calendario-concerti","category-festival","category-news","tag-be-alternative-festival-2025"],"aioseo_notices":[],"_links":{"self":[{"href":"https:\/\/www.piuomenopop.it\/index.php\/wp-json\/wp\/v2\/posts\/90931","targetHints":{"allow":["GET"]}}],"collection":[{"href":"https:\/\/www.piuomenopop.it\/index.php\/wp-json\/wp\/v2\/posts"}],"about":[{"href":"https:\/\/www.piuomenopop.it\/index.php\/wp-json\/wp\/v2\/types\/post"}],"author":[{"embeddable":true,"href":"https:\/\/www.piuomenopop.it\/index.php\/wp-json\/wp\/v2\/users\/2"}],"replies":[{"embeddable":true,"href":"https:\/\/www.piuomenopop.it\/index.php\/wp-json\/wp\/v2\/comments?post=90931"}],"version-history":[{"count":2,"href":"https:\/\/www.piuomenopop.it\/index.php\/wp-json\/wp\/v2\/posts\/90931\/revisions"}],"predecessor-version":[{"id":90935,"href":"https:\/\/www.piuomenopop.it\/index.php\/wp-json\/wp\/v2\/posts\/90931\/revisions\/90935"}],"wp:featuredmedia":[{"embeddable":true,"href":"https:\/\/www.piuomenopop.it\/index.php\/wp-json\/wp\/v2\/media\/90934"}],"wp:attachment":[{"href":"https:\/\/www.piuomenopop.it\/index.php\/wp-json\/wp\/v2\/media?parent=90931"}],"wp:term":[{"taxonomy":"category","embeddable":true,"href":"https:\/\/www.piuomenopop.it\/index.php\/wp-json\/wp\/v2\/categories?post=90931"},{"taxonomy":"post_tag","embeddable":true,"href":"https:\/\/www.piuomenopop.it\/index.php\/wp-json\/wp\/v2\/tags?post=90931"}],"curies":[{"name":"wp","href":"https:\/\/api.w.org\/{rel}","templated":true}]}}