{"id":91236,"date":"2025-09-10T19:44:43","date_gmt":"2025-09-10T17:44:43","guid":{"rendered":"https:\/\/www.piuomenopop.it\/?p=91236"},"modified":"2025-09-10T19:44:43","modified_gmt":"2025-09-10T17:44:43","slug":"il-mago-del-gelato-annunciato-il-tour-autunnale-nei-club-di-tutta-italia-con-il-nuovo-album-chi-e-nicola-felpieri-dal-29-ottobre","status":"publish","type":"post","link":"https:\/\/www.piuomenopop.it\/index.php\/2025\/09\/10\/il-mago-del-gelato-annunciato-il-tour-autunnale-nei-club-di-tutta-italia-con-il-nuovo-album-chi-e-nicola-felpieri-dal-29-ottobre\/","title":{"rendered":"IL MAGO DEL GELATO: Annunciato il tour autunnale nei club di tutta Italia con il nuovo album &#8220;Chi \u00c8 Nicola Felpieri?&#8221; dal 29 ottobre"},"content":{"rendered":"<p align=\"center\"><strong>IL MAGO DEL GELATO<\/strong><\/p>\n<p align=\"center\">\n<p align=\"center\"><strong>Annunciato<em>\u00a0<\/em><\/strong><strong>il tour autunnale nei club<\/strong><\/p>\n<p align=\"center\">\n<p align=\"center\"><strong>con il nuovo album\u00a0<em>Chi \u00c8 Nicola Felpieri?<\/em><\/strong><\/p>\n<p align=\"center\">\n<p align=\"center\"><strong>\u00a0<\/strong><\/p>\n<p align=\"center\">\n<p align=\"center\"><strong><u>29 ottobre<\/u><\/strong><strong>\u00a0<\/strong><\/p>\n<p align=\"center\">\n<p align=\"center\"><strong>Milano &#8211; Santeria Toscana 31<\/strong><\/p>\n<p align=\"center\"><strong>\u00a0<\/strong><\/p>\n<p align=\"center\"><strong><u>6 novembre<\/u><\/strong><u><\/u><\/p>\n<p align=\"center\">\n<p align=\"center\"><strong>Napoli &#8211; Duel Club<\/strong><\/p>\n<p align=\"center\"><strong>\u00a0<\/strong><\/p>\n<p align=\"center\"><strong><u>7 novembre<\/u><\/strong><u><\/u><\/p>\n<p align=\"center\">\n<p align=\"center\"><strong>Molfetta (BA) &#8211; Eremo Club<\/strong><\/p>\n<p align=\"center\"><strong>\u00a0<\/strong><\/p>\n<p align=\"center\"><strong><u>8 novembre<\/u><\/strong><u><\/u><\/p>\n<p align=\"center\">\n<p align=\"center\"><strong>Lecce &#8211; Officine Cantelmo<\/strong><\/p>\n<p align=\"center\"><strong>\u00a0<\/strong><\/p>\n<p align=\"center\"><strong><u>21 novembre<\/u><\/strong><u><\/u><\/p>\n<p align=\"center\">\n<p align=\"center\"><strong>Torino &#8211; Hiroshima Mon Amour<\/strong><\/p>\n<p align=\"center\"><strong>\u00a0<\/strong><\/p>\n<p align=\"center\"><strong><u>22 novembre<\/u><\/strong><u><\/u><\/p>\n<p align=\"center\">\n<p align=\"center\"><strong>Genova &#8211; Teatro Verdi<\/strong><\/p>\n<p align=\"center\"><strong>\u00a0<\/strong><\/p>\n<p align=\"center\"><strong><u>04 dicembre<\/u><\/strong><u><\/u><\/p>\n<p align=\"center\">\n<p align=\"center\"><strong>Roma &#8211; Largo Venue<\/strong><\/p>\n<p align=\"center\"><strong>\u00a0<\/strong><\/p>\n<p align=\"center\"><strong><u>06 dicembre<\/u><\/strong><u><\/u><\/p>\n<p align=\"center\">\n<p align=\"center\"><strong>Pordenone &#8211; Capitol<\/strong><\/p>\n<p align=\"center\"><strong>\u00a0<\/strong><\/p>\n<p align=\"center\"><strong><u>12 dicembre<\/u><\/strong><u><\/u><\/p>\n<p align=\"center\">\n<p align=\"center\"><strong>Bologna &#8211; TPO<\/strong><\/p>\n<p align=\"center\">\n<p align=\"center\">\n<p align=\"center\"><strong>Prevendite:\u00a0<a href=\"https:\/\/gdgpress.voxmail.it\/nl\/pvwqdx\/hsf3ts\/wx1ggd7\/uf\/1\/aHR0cHM6Ly9saW5rdHIuZWUvaWxtYWdvZGVsZ2VsYXRvdG91cg?_d=A80&amp;_c=36797ff8\" target=\"_blank\" rel=\"noopener\" data-saferedirecturl=\"https:\/\/www.google.com\/url?q=https:\/\/gdgpress.voxmail.it\/nl\/pvwqdx\/hsf3ts\/wx1ggd7\/uf\/1\/aHR0cHM6Ly9saW5rdHIuZWUvaWxtYWdvZGVsZ2VsYXRvdG91cg?_d%3DA80%26_c%3D36797ff8&amp;source=gmail&amp;ust=1757612500732000&amp;usg=AOvVaw3THeq4QhrPxdhQEZS3yUk7\">https:\/\/linktr.ee\/<wbr \/>ilmagodelgelatotour<\/a><\/strong><\/p>\n<p align=\"center\">\n<p>Con il suo irresistibile groove e la sua trascinante energia live,\u00a0<strong>Il Mago del Gelato si prepara a scaldare la stagione autunnale con un tour nei club di tutta Italia<\/strong>.<\/p>\n<p>Si comincia<strong>\u00a0il 29 ottobre<\/strong>\u00a0in\u00a0<strong>Santeria Toscana 31<\/strong>, nella loro\u00a0<strong>Milano,\u00a0<\/strong>per poi proseguire il\u00a0<strong>6 novembre<\/strong>\u00a0a\u00a0<strong>Napoli<\/strong>\u00a0al\u00a0<strong>Duel Club<\/strong>, il\u00a0<strong>7<\/strong>\u00a0a\u00a0<strong>Molfetta (BA)<\/strong>\u00a0all\u2019<strong>Eremo Club<\/strong>, l\u2019<strong>8<\/strong>\u00a0a\u00a0<strong>Lecce<\/strong>\u00a0alle\u00a0<strong>Officine Cantelmo<\/strong>, il\u00a0<strong>21<\/strong>\u00a0a\u00a0<strong>Torino<\/strong>\u00a0all\u2019<strong>Hiroshima Mon Amour<\/strong>, il\u00a0<strong>22<\/strong>\u00a0a\u00a0<strong>Genova<\/strong>\u00a0al\u00a0<strong>Teatro Verdi<\/strong>, il\u00a0<strong>4<\/strong>\u00a0<strong>dicembre<\/strong>\u00a0a\u00a0<strong>Roma<\/strong>\u00a0al\u00a0<strong>Largo Venue<\/strong>, il\u00a0<strong>6<\/strong>\u00a0a\u00a0<strong>Pordenone<\/strong>\u00a0al\u00a0<strong>Capitol<\/strong>\u00a0e infine il\u00a0<strong>12<\/strong>\u00a0a\u00a0<strong>Bologna<\/strong>\u00a0al\u00a0<strong>TPO<\/strong>.<\/p>\n<p><strong>Qui il link alle prevendite:\u00a0<a href=\"https:\/\/gdgpress.voxmail.it\/nl\/pvwqdx\/hsf3ts\/wx1ggd7\/uf\/2\/aHR0cHM6Ly9saW5rdHIuZWUvaWxtYWdvZGVsZ2VsYXRvdG91cg?_d=A80&amp;_c=2cae252a\" target=\"_blank\" rel=\"noopener\" data-saferedirecturl=\"https:\/\/www.google.com\/url?q=https:\/\/gdgpress.voxmail.it\/nl\/pvwqdx\/hsf3ts\/wx1ggd7\/uf\/2\/aHR0cHM6Ly9saW5rdHIuZWUvaWxtYWdvZGVsZ2VsYXRvdG91cg?_d%3DA80%26_c%3D2cae252a&amp;source=gmail&amp;ust=1757612500732000&amp;usg=AOvVaw1bbdEPGSYvMQKnXPbP7Q8Q\">https:\/\/linktr.ee\/<wbr \/>ilmagodelgelatotour<\/a><\/strong><\/p>\n<p>Una serie di appuntamenti imperdibili, organizzati da\u00a0<strong>All Things Live<\/strong>,<strong>\u00a0<\/strong>che arrivano dopo un\u2019estate infuocata che li ha visti calcare i palchi dei principali festival estivi \u2013 dal MiAmi a La Prima Estate, dal Locus Festival al Mengo Fest \u2013 con il loro\u00a0<em>L\u2019Anguria tour\u00a0<\/em>(ultime date il 5 settembre a Iart Ustica a Ustica &#8211; PA, il 9 al Gaeta Jazz Festival a Gaeta &#8211; LT e il 12 al Poplar Festival a Trento), conquistando il pubblico con il sound travolgente dell\u2019album d\u2019esordio\u00a0<strong><em>Chi \u00c8 Nicola Felpieri?<\/em><\/strong>\u00a0e con l\u2019ultimo freschissimo singolo\u00a0<strong><em>L\u2019Anguria<\/em><\/strong>.<\/p>\n<p>Quelli de Il Mago Del Gelato non sono semplici concerti, ma esperienze totalizzanti e incontenibili, che<strong>\u00a0<\/strong>sciolgono i cuori e i corpi di chi partecipa.\u00a0<strong>Suonare dal vivo infatti \u00e8 una parte imprescindibile dell\u2019identit\u00e0 della band<\/strong>: una dimensione\u00a0 incandescente e magica, uno scambio continuo di energie tra chi \u00e8 sopra e chi \u00e8 sotto il palco. Un rito collettivo e festoso in cui incontrarsi, conoscersi e scatenarsi.<\/p>\n<p><strong><em>Chi \u00c8 Nicola Felpieri?<\/em><\/strong><strong>, il primo album de Il Mago Del Gelato, uscito a marzo per<em>\u00a0<\/em>Dischi Numero Uno<\/strong>, \u00e8 un mix letale di afrobeat, funk e jazz e dall\u2019anima cosmopolita e contaminata, in cui si alternano in modo naturale momenti energici e percussivi e atmosfere introspettive e sensuali. Nicola Il Felpieri \u00e8 l\u2019inconsapevole ed enigmatico protagonista di un racconto musicale di dieci tracce, impreziosite dalle collaborazioni con\u00a0<strong>Venerus<\/strong>,\u00a0<strong>Le Feste Antonacci<\/strong>\u00a0e\u00a0<strong>M\u00e9lanie Chedeville<\/strong>, che hanno confermato Il Mago del gelato come uno dei progetti pi\u00f9 eclettici e originali in circolazione.<\/p>\n<p align=\"center\">\n<p><strong><u>BIOGRAFIA<\/u><\/strong><\/p>\n<p align=\"center\">\n<p>Il Mago Del Gelato \u00e8 una band composta da quattro musicisti (Giovanni Doneda, Ferruccio Perrone, Pietro Gregori e Alessandro Paolone) affascinati dalla variet\u00e0 culturale del mondo. Questa curiosit\u00e0, tanto dal punto di vista musicale quanto da quello umano, \u00e8 alla base del loro lavoro, sin dal nome della formazione: un omaggio a un bar di via Padova a Milano che \u00e8 luogo di ritrovo per i quattro e per l\u2019intero quartiere, dove lingue ed etnie diverse si mescolano continuamente. Da quell\u2019angolo di mondo osservano, si contaminano e trovano ispirazione per la loro musica. Dopo aver conquistato il pubblico esibendosi nei contesti pi\u00f9 underground di Milano e in numerosi concerti in Italia e all\u2019estero, ad aprile 2023, pur non avendo ancora pubblicato nessun brano, vengono inseriti nella\u00a0<em>Classe 2023<\/em>\u00a0di Rolling Stone ossia la selezione delle promesse dell\u2019anno. A maggio dello stesso anno si esibiscono al Mi Ami, occasione che coincide con l\u2019uscita del loro primo singolo,\u00a0<strong><em>Zenzero<\/em><\/strong>, seguito a giugno da\u00a0<strong><em>Elisir<\/em><\/strong>\u00a0e a settembre da\u00a0<strong><em>Stracciatella<\/em><\/strong><em>.\u00a0<\/em>I tre brani anticipano la pubblicazione del primo EP\u00a0<strong><em>Maledetta Quella Notte<\/em><\/strong>\u00a0(ottobre 2023) prodotto da\u00a0<strong>Marquis<\/strong>. Con questo lavoro, la band afferma con decisione il proprio sound funk-jazz miscelandolo con influenze della musica per il cinema italiano degli Anni \u201960. Nel 2024 Il Mago Del Gelato entra ufficialmente nel roster di\u00a0<strong>Dischi Numero Uno<\/strong>, lanciando ad aprile il singolo\u00a0<strong><em>Pandora<\/em><\/strong>, che segna una nuova tappa del loro percorso artistico. A dicembre 2024 esce il nuovo brano\u00a0<strong><em>Granturismo,<\/em><\/strong>\u00a0il 24 gennaio 2025\u00a0<strong><em>Tic Tac<\/em><\/strong><em>\u00a0<\/em>insieme all\u2019artista francese\u00a0<strong>M\u00e9lanie Chedeville\u00a0<\/strong>e<strong>\u00a0<\/strong>il 28 febbraio\u00a0<strong><em>In Punta di Piedi<\/em>\u00a0<\/strong>con il duo<strong>\u00a0Le Feste Antonacci,<\/strong>\u00a0canzoni che anticipano l\u2019album d\u2019esordio<strong>\u00a0<em>Chi \u00c8 Nicola Felpieri?<\/em><\/strong>\u00a0uscito il 14 marzo 2025 per\u00a0<strong>Dischi Numero Uno.\u00a0<\/strong>Alla release seguono una serie di date primaverili nei club e un lungo tour estivo in tutta Italia che prende il nome dal loro nuovo singolo\u00a0<strong><em>L\u2019Anguria<\/em><\/strong><em>,<strong>\u00a0<\/strong><\/em>uscito il 18 luglio per Dischi Numero Uno. Il 29 ottobre parte il tour nei club, organizzato da All Things Live.<\/p>\n<p align=\"center\">\n<p>&nbsp;<\/p>\n<p align=\"center\"><strong><em>IL MAGO DEL GELATO \u2013 CLUB TOUR 2025<\/em><\/strong><\/p>\n<p align=\"center\">\n<p align=\"center\">29\/10 &#8211; Milano \u2013 Santeria Toscana 31<br \/>\n06\/11 &#8211; Napoli &#8211; Duel Club<br \/>\n07\/11 &#8211; Molfetta (BA) &#8211; Eremo Club<br \/>\n08\/11 &#8211; Lecce &#8211; Officine Cantelmo<br \/>\n21\/11 &#8211; Torino &#8211; Hiroshima Mon Amour<br \/>\n22\/11 &#8211; Genova &#8211; Teatro Verdi<br \/>\n04\/12 &#8211; Roma &#8211; Largo Venue<br \/>\n06\/12 &#8211; Pordenone &#8211; Capitol<br \/>\n12\/12 &#8211; Bologna &#8211; TPO<\/p>\n<p align=\"center\">\n<p align=\"center\">Prevendite:\u00a0<a href=\"https:\/\/gdgpress.voxmail.it\/nl\/pvwqdx\/hsf3ts\/wx1ggd7\/uf\/3\/aHR0cHM6Ly9saW5rdHIuZWUvaWxtYWdvZGVsZ2VsYXRvdG91cg?_d=A80&amp;_c=fe09eba8\" target=\"_blank\" rel=\"noopener\" data-saferedirecturl=\"https:\/\/www.google.com\/url?q=https:\/\/gdgpress.voxmail.it\/nl\/pvwqdx\/hsf3ts\/wx1ggd7\/uf\/3\/aHR0cHM6Ly9saW5rdHIuZWUvaWxtYWdvZGVsZ2VsYXRvdG91cg?_d%3DA80%26_c%3Dfe09eba8&amp;source=gmail&amp;ust=1757612500732000&amp;usg=AOvVaw0hUfzI1gRXOxU1X3tLdRBP\">https:\/\/linktr.ee\/<wbr \/>ilmagodelgelatotour<\/a><\/p>\n","protected":false},"excerpt":{"rendered":"<div class=\"mh-excerpt\"><p>IL MAGO DEL GELATO Annunciato\u00a0il tour autunnale nei club con il nuovo album\u00a0Chi \u00c8 Nicola Felpieri? \u00a0 29 ottobre\u00a0 Milano &#8211; Santeria Toscana 31 \u00a0 <a class=\"mh-excerpt-more\" href=\"https:\/\/www.piuomenopop.it\/index.php\/2025\/09\/10\/il-mago-del-gelato-annunciato-il-tour-autunnale-nei-club-di-tutta-italia-con-il-nuovo-album-chi-e-nicola-felpieri-dal-29-ottobre\/\" title=\"IL MAGO DEL GELATO: Annunciato il tour autunnale nei club di tutta Italia con il nuovo album &#8220;Chi \u00c8 Nicola Felpieri?&#8221; dal 29 ottobre\">[&#8230;]<\/a><\/p>\n<\/div>","protected":false},"author":2,"featured_media":91237,"comment_status":"closed","ping_status":"closed","sticky":false,"template":"","format":"standard","meta":{"sfsi_plus_gutenberg_text_before_share":"","sfsi_plus_gutenberg_show_text_before_share":"","sfsi_plus_gutenberg_icon_type":"","sfsi_plus_gutenberg_icon_alignemt":"","sfsi_plus_gutenburg_max_per_row":"","footnotes":"","_links_to":"","_links_to_target":""},"categories":[5184,3,8],"tags":[14632,14066],"class_list":["post-91236","post","type-post","status-publish","format-standard","has-post-thumbnail","hentry","category-calendario-concerti","category-news","category-uscite","tag-chi-e-nicola-felpieri","tag-il-mago-del-gelato"],"aioseo_notices":[],"_links":{"self":[{"href":"https:\/\/www.piuomenopop.it\/index.php\/wp-json\/wp\/v2\/posts\/91236","targetHints":{"allow":["GET"]}}],"collection":[{"href":"https:\/\/www.piuomenopop.it\/index.php\/wp-json\/wp\/v2\/posts"}],"about":[{"href":"https:\/\/www.piuomenopop.it\/index.php\/wp-json\/wp\/v2\/types\/post"}],"author":[{"embeddable":true,"href":"https:\/\/www.piuomenopop.it\/index.php\/wp-json\/wp\/v2\/users\/2"}],"replies":[{"embeddable":true,"href":"https:\/\/www.piuomenopop.it\/index.php\/wp-json\/wp\/v2\/comments?post=91236"}],"version-history":[{"count":1,"href":"https:\/\/www.piuomenopop.it\/index.php\/wp-json\/wp\/v2\/posts\/91236\/revisions"}],"predecessor-version":[{"id":91238,"href":"https:\/\/www.piuomenopop.it\/index.php\/wp-json\/wp\/v2\/posts\/91236\/revisions\/91238"}],"wp:featuredmedia":[{"embeddable":true,"href":"https:\/\/www.piuomenopop.it\/index.php\/wp-json\/wp\/v2\/media\/91237"}],"wp:attachment":[{"href":"https:\/\/www.piuomenopop.it\/index.php\/wp-json\/wp\/v2\/media?parent=91236"}],"wp:term":[{"taxonomy":"category","embeddable":true,"href":"https:\/\/www.piuomenopop.it\/index.php\/wp-json\/wp\/v2\/categories?post=91236"},{"taxonomy":"post_tag","embeddable":true,"href":"https:\/\/www.piuomenopop.it\/index.php\/wp-json\/wp\/v2\/tags?post=91236"}],"curies":[{"name":"wp","href":"https:\/\/api.w.org\/{rel}","templated":true}]}}