{"id":91261,"date":"2025-09-11T20:32:49","date_gmt":"2025-09-11T18:32:49","guid":{"rendered":"https:\/\/www.piuomenopop.it\/?p=91261"},"modified":"2025-09-12T09:39:15","modified_gmt":"2025-09-12T07:39:15","slug":"marlene-kuntz-in-tour-con-lorchestra-filarmonica-di-bologna-ununica-esperienza-rock-orchestrale-al-teatro-romano-di-ostia-antica","status":"publish","type":"post","link":"https:\/\/www.piuomenopop.it\/index.php\/2025\/09\/11\/marlene-kuntz-in-tour-con-lorchestra-filarmonica-di-bologna-ununica-esperienza-rock-orchestrale-al-teatro-romano-di-ostia-antica\/","title":{"rendered":"[Live Report] Marlene Kuntz in Tour con l&#8217;Orchestra Filarmonica di Bologna: un&#8217;Unica Esperienza Rock-Orchestrale al Teatro Romano di Ostia Antica"},"content":{"rendered":"<p><em><strong>A cura di: Renata Rossi<\/strong><\/em><\/p>\n<p>L&#8217;annuncio arriva a fine gennaio: i <strong>Marlene Kuntz<\/strong> in estate saranno in tour con l&#8217;orchestra filarmonica di Bologna diretta dal maestro <strong>Rodrigo D&#8217;erasmo<\/strong>, per chi non lo conoscesse, ex violinista degli Afterhours.<br \/>\nPer molti \u00e8 una vera e propria sorpresa: i Marlene sono considerati a tutti gli effetti la band simbolo del rock alternativo italiano, il punto di riferimento di una generazione, quella degli anni &#8217;90, confusa e ribelle; hanno scritto canzoni che sono entrate nel cuore della gente, grazie all&#8217;utilizzo di chitarre elettriche e suoni distorti e alla capacit\u00e0 di coniugare la potenza col lirismo, il rumore con la melodia.<br \/>\nMarlene Kuntz contiene di per s\u00e9 una dicotomia, possiede la dolcezza del nome Marlene e la durezza della parola Kuntz, una doppiezza, dunque, che i la band difende da sempre.<br \/>\nSenza fermarsi mai, Cristiano Godano e i suoi colleghi hanno sempre cercato il cambiamento e l&#8217;evoluzione, guardando avanti senza dar mai troppo peso ai possibili giudizi da parte del pubblico.<br \/>\nEd \u00e8 proprio grazie a questo che la band ha ancora, dopo trent&#8217;anni di attivit\u00e0, uno zoccolo duro di fan che li sostiene, che ha sempre creduto in loro, che si diverte anche quando sotto il palco sostituisce il pogo con un religioso e attento ascolto.<br \/>\nNel 2022 Marlene cambia pelle ancora una volta con <a href=\"https:\/\/www.piuomenopop.it\/index.php\/2022\/09\/30\/recensione-il-disinteresse-delluomo-verso-il-proprio-pianeta-karma-klima-dei-marlene-kuntz\/\"><em>Karma Clima<\/em><\/a>, un concept album sul cambiamento climatico e sulla sostenibilit\u00e0 dell&#8217;ambiente, un lavoro maturo e spiazzante. Il disco si rivela rivoluzionario nel sound, per la prima volta rinuncia a mettere in primo piano le chitarre, ponendo al centro della musica l&#8217; elettronica e i sintetizzatori.<\/p>\n<p>Dunque, quella di quest&#8217;ultimo tour \u00e8 solo l&#8217;ennesima scommessa targata Marlene, ancora una volta si rimettono in gioco, questa volta unendo lo spirito della musica rock alla musica orchestrale.<br \/>\nIl risultato, dal vivo, \u00e8 sorprendente.<\/p>\n<p>&nbsp;<\/p>\n<p><strong>Setlist Marlene Kuntz con Orchestra &#8211; 6 settembre, Ostia Antica<\/strong><\/p>\n<p><em>Nella tua luce<\/em><br \/>\n<em>Notte<\/em><br \/>\n<em>Amen<\/em><br \/>\n<em>Tutto tace<\/em><br \/>\n<em>Schiele, lei, me<\/em><br \/>\n<em>Cara \u00e8 la fine<\/em><br \/>\n<em>Laica preghiera<\/em><br \/>\n<em>Bellezza<\/em><br \/>\n<em>La canzone che scrivo per te<\/em><br \/>\n<em>Ape regina<\/em><br \/>\n<em>Musa<\/em><br \/>\n<em>Lieve<\/em><br \/>\n<em>L&#8217;artista<\/em><br \/>\n<em>Osja, amore mio<\/em><br \/>\n<em>Pensa<\/em><br \/>\n<em>Nuotando nell&#8217;aria<\/em><\/p>\n<p><em>Encore:<\/em><br \/>\n<em>L&#8217;aria era l&#8217;anima<\/em><br \/>\n<em>Adele<\/em><br \/>\n<em>Sonica<\/em><\/p>\n<p>&nbsp;<\/p>\n<p>Il <strong>Teatro Romano di Ostia Antica<\/strong>, cui si accede dopo una splendida passeggiata tra gli scavi archeologici, \u00e8 una cornice magnifica per la data che chiude <strong>il tour con orchestra dei Marlene Kuntz<\/strong>.<br \/>\nLa scaletta prevede l&#8217;esecuzione non solo dei brani pi\u00f9 morbidi e ariosi, che si prestano naturalmente ad un suono aperto e orchestrale, come &#8220;<em>Nella tua luce<\/em>&#8221; posta in apertura, &#8220;<em>Amen<\/em>&#8221; o &#8220;<em>Bellezza<\/em>&#8220;, ma anche di pezzi del repertorio noise rock della band quali &#8220;<em>Cara \u00e8 la fine<\/em>&#8220;, &#8220;<em>Ape regina<\/em>&#8221; o &#8220;<em>Sonica<\/em>&#8221; che in pochissimi avrebbero scommesso di poter ascoltare in occasioni del genere.<br \/>\nI pezzi non vengono stravolti o riarrangiati, ma solo arricchiti da nuovi strumenti, vestiti in maniera diversa, un&#8217;esperienza davvero unica per lo spettatore che si lascia trasportare in un&#8217;atmosfera unica, sospesa tra il rock chitarristico proprio dei pezzi originali e la raffinatezza dei violini.<br \/>\nI brani tratti da <em>Karma Clima<\/em>, &#8220;<em>Laica preghiera<\/em>&#8220;, &#8220;<em>Tutto Tace<\/em>&#8221; e &#8220;<em>L&#8217;aria era l&#8217;anima<\/em>&#8220;, pensati da subito da Cristiano Godano con arrangiamenti orchestrali, appaiono arricchiti e capaci di creare atmosfere immaginifiche e dilatate. Tra i &#8220;vecchi&#8221; brani, &#8220;<em>Cara \u00e8 la fine<\/em>&#8221; \u00e8 davvero devastante. Riesce a mantenere la forza dell&#8217;originale, il ritmo incalzante, la grinta, ma l&#8217;orchestra lo rende un brano ancora pi\u00f9 teso, i violini che dilatano i suoni ne accentuano l&#8217;angoscia, il dramma. La resa finale lo rende degno delle pi\u00f9 belle colonne sonore del Cinema noire.<br \/>\nAnche &#8220;<em>Schiele, lei, me<\/em>&#8221; colpisce dritto al cuore con una musica in cui il dialogo tra archi e chitarre sembra davvero dipingere il quadro descritto. Una suite rock e straniante come &#8220;<em>Ape Regina&#8221;<\/em> seduce ancora di pi\u00f9 in questa serata in cui appare graffiata da archi tesi e ammalianti. &#8220;<em>Pensa<\/em>&#8221; \u00e8 la sorpresa live della scaletta di questo tour: incluso nell&#8217;album <em>Canzoni per un figlio<\/em> uscito nel 2012 in cui \u00e8 l&#8217;unico brano inedito insieme a quello sanremese, avrebbe meritato sicuramente un successo maggiore di quello che invece ha avuto.<br \/>\n&#8220;<em>La Canzone che scrivo per te<\/em>&#8220;, &#8220;<em>Lieve<\/em>&#8221; e &#8220;<em>Nuotando nell&#8217;aria<\/em>&#8220;, classici intramontabili del repertorio marlenico, sono accolti con un&#8217;ovazione anche in questa insolita versione che provoca vertigini emotive e riesce a creare immagini sublimi.<br \/>\nIn chiusura troviamo il brano simbolo dei Marlene, quello che pi\u00f9 di ogni altro ha saputo parlare ad una giovent\u00f9 <em>Sonica<\/em> che ormai non c&#8217;\u00e8 pi\u00f9 ma che vuole ancora una volta essere protagonista e abbracciare la band. Non \u00e8 possibile restar fermi durante questo pezzo, Cristiano lo sa e invita tutti ad alzarsi: il pubblico non se lo fa ripetere due volte e corre sotto il palco a cantare, saltare, e urlare.<\/p>\n<p>In una serata perfetta in cui l&#8217;atmosfera permette anche di farsi trasportare dalla malinconia e dai ricordi, non pu\u00f2 non notarsi un&#8217;assenza, quella di <strong>Luca Bergia<\/strong>, batterista e anima dolce dei Marlene. La sera dopo risplende nel cielo una luna rossa spettacolare. Io, ancora immersa nei suoni marlenici, alzo la testa e per un attimo penso a Luca e ai suoi colleghi e amici sodali: la musica dei Marlene Kuntz continua ancora ad emozionare nel ricordo sempre bello e prezioso del grande batterista cuneese.<\/p>\n<p>&nbsp;<\/p>\n<p>I nostri articoli sui <a href=\"https:\/\/www.piuomenopop.it\/?s=marlene+kuntz\">Marlene Kuntz<\/a><\/p>\n","protected":false},"excerpt":{"rendered":"<div class=\"mh-excerpt\"><p>A cura di: Renata Rossi L&#8217;annuncio arriva a fine gennaio: i Marlene Kuntz in estate saranno in tour con l&#8217;orchestra filarmonica di Bologna diretta dal <a class=\"mh-excerpt-more\" href=\"https:\/\/www.piuomenopop.it\/index.php\/2025\/09\/11\/marlene-kuntz-in-tour-con-lorchestra-filarmonica-di-bologna-ununica-esperienza-rock-orchestrale-al-teatro-romano-di-ostia-antica\/\" title=\"[Live Report] Marlene Kuntz in Tour con l&#8217;Orchestra Filarmonica di Bologna: un&#8217;Unica Esperienza Rock-Orchestrale al Teatro Romano di Ostia Antica\">[&#8230;]<\/a><\/p>\n<\/div>","protected":false},"author":10,"featured_media":90805,"comment_status":"closed","ping_status":"closed","sticky":false,"template":"","format":"standard","meta":{"sfsi_plus_gutenberg_text_before_share":"","sfsi_plus_gutenberg_show_text_before_share":"","sfsi_plus_gutenberg_icon_type":"","sfsi_plus_gutenberg_icon_alignemt":"","sfsi_plus_gutenburg_max_per_row":"","footnotes":"","_links_to":"","_links_to_target":""},"categories":[5],"tags":[1456,1457,1206,2219],"class_list":["post-91261","post","type-post","status-publish","format-standard","has-post-thumbnail","hentry","category-report","tag-cristiano-godano","tag-luca-bergia","tag-marlene-kuntz","tag-renata-rossi"],"aioseo_notices":[],"_links":{"self":[{"href":"https:\/\/www.piuomenopop.it\/index.php\/wp-json\/wp\/v2\/posts\/91261","targetHints":{"allow":["GET"]}}],"collection":[{"href":"https:\/\/www.piuomenopop.it\/index.php\/wp-json\/wp\/v2\/posts"}],"about":[{"href":"https:\/\/www.piuomenopop.it\/index.php\/wp-json\/wp\/v2\/types\/post"}],"author":[{"embeddable":true,"href":"https:\/\/www.piuomenopop.it\/index.php\/wp-json\/wp\/v2\/users\/10"}],"replies":[{"embeddable":true,"href":"https:\/\/www.piuomenopop.it\/index.php\/wp-json\/wp\/v2\/comments?post=91261"}],"version-history":[{"count":8,"href":"https:\/\/www.piuomenopop.it\/index.php\/wp-json\/wp\/v2\/posts\/91261\/revisions"}],"predecessor-version":[{"id":91273,"href":"https:\/\/www.piuomenopop.it\/index.php\/wp-json\/wp\/v2\/posts\/91261\/revisions\/91273"}],"wp:featuredmedia":[{"embeddable":true,"href":"https:\/\/www.piuomenopop.it\/index.php\/wp-json\/wp\/v2\/media\/90805"}],"wp:attachment":[{"href":"https:\/\/www.piuomenopop.it\/index.php\/wp-json\/wp\/v2\/media?parent=91261"}],"wp:term":[{"taxonomy":"category","embeddable":true,"href":"https:\/\/www.piuomenopop.it\/index.php\/wp-json\/wp\/v2\/categories?post=91261"},{"taxonomy":"post_tag","embeddable":true,"href":"https:\/\/www.piuomenopop.it\/index.php\/wp-json\/wp\/v2\/tags?post=91261"}],"curies":[{"name":"wp","href":"https:\/\/api.w.org\/{rel}","templated":true}]}}