{"id":91464,"date":"2025-11-01T16:27:10","date_gmt":"2025-11-01T15:27:10","guid":{"rendered":"https:\/\/www.piuomenopop.it\/?p=91464"},"modified":"2025-11-01T16:27:34","modified_gmt":"2025-11-01T15:27:34","slug":"mao-apre-il-tour-dei-delta-v-e-presenta-in-anteprima-assoluta-le-sue-nuove-canzoni","status":"publish","type":"post","link":"https:\/\/www.piuomenopop.it\/index.php\/2025\/11\/01\/mao-apre-il-tour-dei-delta-v-e-presenta-in-anteprima-assoluta-le-sue-nuove-canzoni\/","title":{"rendered":"Mao apre il tour dei Delta V e presenta in anteprima assoluta le sue nuove canzoni"},"content":{"rendered":"<p class=\"m_-1180458421269560253Didefault\">Sar\u00e0 il cantautore\u00a0<b>Mao<\/b>\u00a0l\u2019artista d\u2019apertura del tour di presentazione del nuovo album dei\u00a0<b>Delta V<\/b>, \u201c<i>In fatti ostili<\/i>\u201d, distribuito dall\u2019etichetta discografica Universal Music Italia a partire dal 17 ottobre 2025.<u><\/u><u><\/u><\/p>\n<p class=\"m_-1180458421269560253Didefault\"><u><\/u>\u00a0<u><\/u><\/p>\n<p class=\"m_-1180458421269560253Didefault\">La collaborazione rappresenta l\u2019incontro di due realt\u00e0 di riferimento della scena alternativa italiana: i Delta V, riconosciuti per uno stile intimista e raffinato, e Mao, cantautore dalla carriera poliedrica e volto storico dell\u2019epoca d\u2019oro di MTV.<u><\/u><u><\/u><\/p>\n<p class=\"m_-1180458421269560253Didefault\"><u><\/u>\u00a0<u><\/u><\/p>\n<p class=\"m_-1180458421269560253Didefault\">Le radici del sodalizio artistico tra Delta V e Mao affondano negli anni Novanta, con la collaborazione nel brano \u201c<i>La mia cosa<\/i>\u201d per l\u2019album della band milanese \u201c<i>Psychobeat<\/i>\u201d (con Mao paroliere e cantante) e la presenza del cantautore torinese nel videoclip di \u201c<i>Il primo giorno del mondo<\/i>\u201d nelle insoliti vesti di un prete, in compagnia di Angela Baraldi e Garbo.<u><\/u><u><\/u><\/p>\n<p class=\"m_-1180458421269560253Didefault\"><u><\/u>\u00a0<u><\/u><\/p>\n<p class=\"m_-1180458421269560253Didefault\">Durante il tour, Mao presenter\u00e0 in anteprima assoluta alcuni brani tratti dal suo prossimo e attesissimo album, la cui pubblicazione \u00e8 prevista nel corso del 2026. \u00ab<i>Essere sul palco con i Delta V \u00e8 un\u2019occasione straordinaria<\/i>\u00a0\u2013 dichiara Mao \u2013.\u00a0<i>Con Carlo Bertotti e Flavio Ferri mi lega un\u2019amicizia, oltre che una collaborazione in numerosi progetti musicali e televisivi, che dura da trent\u2019anni. La cifra stilistica dei Delta V \u00e8 da sempre improntata a un&#8217;eleganza sonora sofisticata, poterla vivere da vicino sar\u00e0 per me un privilegio. Nel corso del tour presenter\u00f2 per la prima volta alcune canzoni del mio nuovo album, un progetto a cui tengo moltissimo e che non vedo l\u2019ora di far uscire e condividere con il pubblico.<\/i>\u00bb<u><\/u><u><\/u><\/p>\n<p class=\"m_-1180458421269560253Didefault\"><u><\/u>\u00a0<u><\/u><\/p>\n<p class=\"m_-1180458421269560253Didefault\"><b>Le date del tour<\/b><u><\/u><u><\/u><\/p>\n<p class=\"m_-1180458421269560253Didefault\"><u><\/u>\u00a0<u><\/u><\/p>\n<p class=\"m_-1180458421269560253Didefault\">Oltre a Mao nel ruolo di cerimoniere d\u2019apertura, per la presentazione di \u201c<i>In fatti ostili<\/i>\u201d sul palco Carlo Bertotti (basso, sintetizzatori), Flavio Ferri (chitarra, sintetizzatori), Marti (voce), Nicola Manzan (chitarra e violino, gi\u00e0 Baustelle, Bologna Violenta, Il Teatro degli Orrori) e Simone Filippi (batteria, gi\u00e0 CCCP, Gianni Maroccolo, \u00dcstmam\u00f2), che daranno vita a uno spettacolo intenso e immersivo, in cui immagini e suoni si fonderanno in una narrazione contemporanea.<u><\/u><u><\/u><\/p>\n<p class=\"m_-1180458421269560253Didefault\"><u><\/u>\u00a0<u><\/u><\/p>\n<p class=\"m_-1180458421269560253Didefault\">Di seguito, il calendario dei primi appuntamenti che vedranno impegnati Delta V e Mao nei principali club italiani nel tour organizzato dall\u2019agenzia Beautiful Days di Fabio Stucchi (date in continuo aggiornamento e biglietti disponibili sui circuiti di prevendita abituali):<u><\/u><u><\/u><\/p>\n<p class=\"m_-1180458421269560253Didefault\"><u><\/u>\u00a0<u><\/u><\/p>\n<p class=\"m_-1180458421269560253Didefault\"><img decoding=\"async\" class=\"an1\" draggable=\"false\" src=\"https:\/\/fonts.gstatic.com\/s\/e\/notoemoji\/16.0\/25aa\/72.png\" alt=\"&#x25aa;\" data-emoji=\"&#x25aa;\" aria-label=\"&#x25aa;\" \/>\u00a008\/11\/2025 &#8211;\u00a0<i>Astro Club<\/i>, Fontanafredda (Pordenone)<u><\/u><u><\/u><\/p>\n<p class=\"m_-1180458421269560253Didefault\"><img decoding=\"async\" class=\"an1\" draggable=\"false\" src=\"https:\/\/fonts.gstatic.com\/s\/e\/notoemoji\/16.0\/25aa\/72.png\" alt=\"&#x25aa;\" data-emoji=\"&#x25aa;\" aria-label=\"&#x25aa;\" \/>\u00a013\/11\/2025 &#8211;\u00a0<i>Duel Club<\/i>, Pozzuoli (Napoli)<u><\/u><u><\/u><\/p>\n<p class=\"m_-1180458421269560253Didefault\"><img decoding=\"async\" class=\"an1\" draggable=\"false\" src=\"https:\/\/fonts.gstatic.com\/s\/e\/notoemoji\/16.0\/25aa\/72.png\" alt=\"&#x25aa;\" data-emoji=\"&#x25aa;\" aria-label=\"&#x25aa;\" \/>\u00a014\/11\/2025 &#8211;\u00a0<i>The Cage<\/i>, Livorno<u><\/u><u><\/u><\/p>\n<p class=\"m_-1180458421269560253Didefault\"><img decoding=\"async\" class=\"an1\" draggable=\"false\" src=\"https:\/\/fonts.gstatic.com\/s\/e\/notoemoji\/16.0\/25aa\/72.png\" alt=\"&#x25aa;\" data-emoji=\"&#x25aa;\" aria-label=\"&#x25aa;\" \/>\u00a027\/11\/2025 &#8211;\u00a0<i>Largo Venue<\/i>, Roma<u><\/u><u><\/u><\/p>\n<p class=\"m_-1180458421269560253Didefault\"><img decoding=\"async\" class=\"an1\" draggable=\"false\" src=\"https:\/\/fonts.gstatic.com\/s\/e\/notoemoji\/16.0\/25aa\/72.png\" alt=\"&#x25aa;\" data-emoji=\"&#x25aa;\" aria-label=\"&#x25aa;\" \/>\u00a028\/11\/2025 &#8211;\u00a0<i>Tambourine<\/i>, Seregno (Monza-Brianza)<u><\/u><u><\/u><\/p>\n<p class=\"m_-1180458421269560253Didefault\"><img decoding=\"async\" class=\"an1\" draggable=\"false\" src=\"https:\/\/fonts.gstatic.com\/s\/e\/notoemoji\/16.0\/25aa\/72.png\" alt=\"&#x25aa;\" data-emoji=\"&#x25aa;\" aria-label=\"&#x25aa;\" \/>\u00a029\/11\/2025 &#8211;\u00a0<i>Cinema Vekkio<\/i>, Corneliano d\u2019Alba (Cuneo)<u><\/u><u><\/u><\/p>\n<p class=\"m_-1180458421269560253Didefault\"><img decoding=\"async\" class=\"an1\" draggable=\"false\" src=\"https:\/\/fonts.gstatic.com\/s\/e\/notoemoji\/16.0\/25aa\/72.png\" alt=\"&#x25aa;\" data-emoji=\"&#x25aa;\" aria-label=\"&#x25aa;\" \/>\u00a005\/12\/2025 &#8211;\u00a0<i>Casa del Popolo di Grassina<\/i>, Bagno a Ripoli (Firenze)<u><\/u><u><\/u><\/p>\n<p class=\"m_-1180458421269560253Didefault\"><img decoding=\"async\" class=\"an1\" draggable=\"false\" src=\"https:\/\/fonts.gstatic.com\/s\/e\/notoemoji\/16.0\/25aa\/72.png\" alt=\"&#x25aa;\" data-emoji=\"&#x25aa;\" aria-label=\"&#x25aa;\" \/>\u00a010\/12\/2025 &#8211;\u00a0<i>Hiroshima Mon Amour<\/i>, Torino<u><\/u><u><\/u><\/p>\n<p class=\"m_-1180458421269560253Didefault\"><img decoding=\"async\" class=\"an1\" draggable=\"false\" src=\"https:\/\/fonts.gstatic.com\/s\/e\/notoemoji\/16.0\/25aa\/72.png\" alt=\"&#x25aa;\" data-emoji=\"&#x25aa;\" aria-label=\"&#x25aa;\" \/>\u00a013\/12\/2025 &#8211;\u00a0<i>Circolo Ribalta<\/i>, Vignola (Modena)<u><\/u><u><\/u><\/p>\n<p class=\"m_-1180458421269560253Didefault\"><u><\/u>\u00a0<u><\/u><\/p>\n<p class=\"m_-1180458421269560253Didefault\"><b>Gli artisti<\/b><u><\/u><u><\/u><\/p>\n<p class=\"m_-1180458421269560253Didefault\"><u><\/u>\u00a0<u><\/u><\/p>\n<p class=\"m_-1180458421269560253Didefault\"><b>Mao<u><\/u><u><\/u><\/b><\/p>\n<p class=\"m_-1180458421269560253Didefault\"><u><\/u>\u00a0<u><\/u><\/p>\n<p class=\"m_-1180458421269560253Didefault\">Mao, altrimenti detto Mauro Gurlino, nasce a Torino, come gli piace dire, a nord di Foggia e a sud di Aosta, dove attualmente vive, il 16 aprile 1971. Laureato in Storia e Critica del Cinema presso la Facolt\u00e0 di Lettere e Filosofia dell\u2019Universit\u00e0 degli Studi di Torino con una tesi sul musical \u201c<i>Yuppi du<\/i>\u201d di Adriano Celentano, \u00ab<i>\u00e8 ed \u00e8 stato tutto<\/i>\u00bb, come un giorno \u00e8 stato definito da un giornalista per descrivere la sua poliedrica carriera trentennale.<u><\/u><u><\/u><\/p>\n<p class=\"m_-1180458421269560253Didefault\"><u><\/u>\u00a0<u><\/u><\/p>\n<p class=\"m_-1180458421269560253Didefault\">Leader negli anni Novanta del gruppo Mao e la Rivoluzione con cui pubblica due dischi per la Virgin Records (\u201c<i>Sale<\/i>\u201d e \u201c<i>Casa<\/i>\u201d, arrivando a partecipare al Festival di Sanremo con \u201c<i>Romantico<\/i>\u201d e aprire per gli Oasis), conduttore insieme ad Andrea Pezzi di programmi televisivi trasmessi su MTV (\u201c<i>Kitchen<\/i>\u201d, \u201c<i>Hot<\/i>\u201d, \u201c<i>Romalive<\/i>\u201d, \u201c<i>Tiziana<\/i>\u201d, \u201c<i>Tokusho<\/i>\u201d),\u00a0<i>speaker<\/i>\u00a0radiofonico fin dai tempi del liceo (Rai Radio 1, Radio Deejay, Radio Citt\u00e0 Futura, Radio Flash), attore sia in lungometraggi (\u201c<i>20 Venti<\/i>\u201d di Marco Pozzi, \u201c<i>500!<\/i>\u201d di Giovanni Robbiano, Lorenzo Vignolo e Matteo Zingirian, \u201c<i>Perdutoamor<\/i>\u201d di Franco Battiato, \u201c<i>A\/R Andata+Ritorno<\/i>\u201d e \u201c<i>Passione sinistra<\/i>\u201d di Marco Ponti, \u201c<i>I solidi idioti<\/i>\u201d di Enrico Lando) che in cortometraggi (per la regia di Enrico Iacovoni, Nicola Rondolino, Igor Mendolia e Guido Norzi).<u><\/u><u><\/u><\/p>\n<p class=\"m_-1180458421269560253Didefault\"><u><\/u>\u00a0<u><\/u><\/p>\n<p class=\"m_-1180458421269560253Didefault\">Collabora negli anni con diversi musicisti, tra cui Delta V, Max Gazz\u00e8 e Morgan, produttore artistico del suo primo disco solista \u201c<i>Black mokette<\/i>\u201d pubblicato dalla Sony Music, a cui fa seguito la colonna sonora del film \u201c<i>500!<\/i>\u201d pubblicata dalla Mescal. Insieme ai Santabarba, \u00e8 alla guida della\u00a0<i>resident band<\/i>\u00a0della trasmissione televisiva \u201c<i>Scalo 76<\/i>\u201d su Rai 2. Sempre in Rai partecipa con la sua inseparabile chitarra al programma radiofonico \u201c<i>Ventura Football Club<\/i>\u201d in onda su Rai Radio 1.<u><\/u><u><\/u><\/p>\n<p class=\"m_-1180458421269560253Didefault\"><u><\/u>\u00a0<u><\/u><\/p>\n<p class=\"m_-1180458421269560253Didefault\">Da oltre vent\u2019anni, insieme al suo collettivo artistico CortoCorto, \u00e8 \u201cagitatore\u201d del\u00a0<i>nightclubbing<\/i>\u00a0torinese con le sonorizzazioni di \u201c<i>Duel \/ Soundtrack Contest<\/i>\u201d, i\u00a0<i>contest<\/i>\u00a0cantautoriali di \u201c<i>LaBase \/ Song Contest<\/i>\u201d e il\u00a0<i>talk-show<\/i>\u00a0\u201c<i>Il Salotto di Mao<\/i>\u201d, format con cui ha ospitato nel corso degli anni pi\u00f9 di 1.000 artisti. Per dieci ha fatto parte de\u00a0<i>Le Voci del Tempo<\/i>, una compagnia che racconta la storia italiana in club, piazze, rassegne e teatri con spettacoli fatti di canzoni, immagini e parole.<u><\/u><u><\/u><\/p>\n<p class=\"m_-1180458421269560253Didefault\"><u><\/u>\u00a0<u><\/u><\/p>\n<p class=\"m_-1180458421269560253Didefault\">Nel 2010 pubblica il suo terzo disco solista \u201c<i>Piume pazze<\/i>\u201d, distribuito gratuitamente su internet, a cui fanno seguito due romanzi musicali, \u201c<i>Meglio tardi che Mao<\/i>\u201d (Espress Edizioni) nel 2011 e \u201c<i>Olr\u00e0it! Mao sogna Celentano e gliele canta<\/i>\u201d (Arcana Edizioni) nel 2013. Gestisce il CortoCorto Studio, studio di produzioni e registrazioni audio-video situato nel cuore del quartiere San Salvario di Torino.<u><\/u><u><\/u><\/p>\n<p class=\"m_-1180458421269560253Didefault\"><u><\/u>\u00a0<u><\/u><\/p>\n<p class=\"m_-1180458421269560253Didefault\">Tra il 2019 e il 2020 ritorna sul mercato discografico con i singoli \u201c<i>Nudi alla meta<\/i>\u201d, \u201c<i>Le cose<\/i>\u201d e il videoclip di \u201c<i>Scusa caro vicino<\/i>\u201d, nati dalla collaborazione artistica con la scrittrice Enrica Tesio e prodotti da DJ Aladyn e Max Bellarosa di Radio Deejay. Sempre nel 2020, in duetto con Il Tusco, pubblica il videoclip di \u201c<i>Velenosa<\/i>\u201d. Nel 2022, a venticinque anni esatti dalla pubblicazione del disco seminale \u201c<i>Casa<\/i>\u201d, pubblica a sorpresa il videoclip di \u201c<i>Stringimi #25<\/i>\u201d, registrato in duetto con Bianco e girato ai Murazzi del Po di fronte allo storico locale Giancarlo.<u><\/u><u><\/u><\/p>\n<p class=\"m_-1180458421269560253Didefault\"><u><\/u>\u00a0<u><\/u><\/p>\n<p class=\"m_-1180458421269560253Didefault\"><b>Delta V<\/b><u><\/u><u><\/u><\/p>\n<p class=\"m_-1180458421269560253Didefault\"><u><\/u>\u00a0<u><\/u><\/p>\n<p class=\"m_-1180458421269560253Didefault\">Carlo Bertotti e Flavio Ferri si conoscono al liceo linguistico, negli anni Ottanta. Da allora iniziano a collaborare su diversi progetti musicali dando infine vita ai Delta V, che proprio quest\u2019anno festeggiano i 30 anni di vita; \u00e8 infatti nel 1995 che firmano il primo contratto discografico. Debuttano nel 1998 con l\u2019album \u201c<i>Spazio<\/i>\u201d, che ottiene grande successo e vince il Premio Ciampi come miglior debutto discografico. L\u2019album contiene un singolo, \u201c<i>Se telefonando<\/i>\u201d, che porta i Delta V in\u00a0<i>heavy rotation<\/i>\u00a0radiofonica, rendendoli la colonna sonora\u00a0<i>alternative<\/i>\u00a0dell\u2019estate. Segue l\u2019album \u201c<i>Psychobeat<\/i>\u201d (1999), che vede l\u2019arrivo della nuova cantante Lu Heredia al posto di Francesca Tour\u00e9. Due anni dopo l\u2019album \u201c<i>Monaco 74<\/i>\u201d (2001), con un ulteriore cambiamento nella formazione; Georgeanne \u201cGi\u201d Kalweit \u00e8 la nuova voce del gruppo e \u201c<i>Un\u2019estate fa<\/i>\u201d registra pi\u00f9 di venti settimane di permanenza nelle classifiche di vendita e di\u00a0<i>airplay<\/i>. Nel 2004 la band pubblica un nuovo album in studio, \u201c<i>Le cose cambiano<\/i>\u201d, anticipato dalla cover di Lucio Battisti \u201c<i>Prendila cos\u00ec<\/i>\u201d. L\u2019anno successivo esce \u201c<i>Collection<\/i>\u201d, un\u2019antologia che raccoglie anche tutti i videoclip del gruppo, a testimonianza dell\u2019importanza che i Delta V hanno sempre dato al racconto per immagini delle proprie canzoni. Il 2006 \u00e8 l\u2019anno di un nuovo album, \u201c<i>Pioggia Rosso Acciaio<\/i>\u201d, al quale fa seguito un nuovo tour, finito il quale, dal 2008, il gruppo si prende un lungo periodo di pausa.<u><\/u><u><\/u><\/p>\n<p class=\"m_-1180458421269560253Didefault\"><u><\/u>\u00a0<u><\/u><\/p>\n<p class=\"m_-1180458421269560253Didefault\">Dopo dieci anni, in occasione della ricorrenza del 25 aprile, i Delta V tornano a lavorare insieme per la realizzazione di un mini-documentario sulla guerra civile e la resistenza intitolato \u201c<i>Gli Ultimi<\/i>\u201d diretto dal regista Lorenzo D\u2019Orazio, firmandone la colonna sonora. Nei mesi successivi viene pubblicato \u201c<i>L\u2019inverno e le nuvole<\/i>\u201d, un inedito che segna l\u2019inizio di una nuova fase discografica e che vede l\u2019ingresso in formazione di Marti, la nuova cantante. Dopo l\u2019uscita della canzone \u201c<i>San Babila Ore 20<\/i>\u201d, i Delta V tornano nel 2019 con l\u2019album \u201c<i>Heimat<\/i>\u201d, acclamato dalla critica. Il disco segna l\u2019inizio di una nuova stagione con un impianto differente rispetto ai primi lavori: l\u2019esigenza diventa il racconto della contemporaneit\u00e0 e un approccio meno marcato alla musicalit\u00e0 radiofonica che aveva caratterizzato i primi lavori del gruppo. Il tour successivo all\u2019uscita dell\u2019album viene interrotto a causa dello scoppio della pandemia Covid-19.<u><\/u><u><\/u><\/p>\n<p class=\"m_-1180458421269560253Didefault\"><u><\/u>\u00a0<u><\/u><\/p>\n<p class=\"m_-1180458421269560253Didefault\">Alla fine del 2024 i Delta V rientrano in studio dopo un lungo periodo dedicato alla produzione di nuovo materiale: scrivere canzoni diventa sempre pi\u00f9 un\u2019opportunit\u00e0 di raccontare storie, evocare immagini e descrivere il quotidiano. I nuovi pezzi vengono prodotti da Roberto Vernetti e Paolo Gozzetti, che tra gli altri hanno collaborato con Patty Pravo, Elisa, Malika Ayane, Casino Royale, Pacifico e Human League. Il 17 ottobre 2025 esce il nuovo album \u201c<i>In fatti ostili<\/i>\u201d, anticipato a maggio e ad ottobre dello stesso anno dai singoli \u201c<i>Nazisti dell\u2019Illinois<\/i>\u201d e \u201c<i>Regole a Milano<\/i>\u201d.<\/p>\n","protected":false},"excerpt":{"rendered":"<div class=\"mh-excerpt\"><p>Sar\u00e0 il cantautore\u00a0Mao\u00a0l\u2019artista d\u2019apertura del tour di presentazione del nuovo album dei\u00a0Delta V, \u201cIn fatti ostili\u201d, distribuito dall\u2019etichetta discografica Universal Music Italia a partire dal <a class=\"mh-excerpt-more\" href=\"https:\/\/www.piuomenopop.it\/index.php\/2025\/11\/01\/mao-apre-il-tour-dei-delta-v-e-presenta-in-anteprima-assoluta-le-sue-nuove-canzoni\/\" title=\"Mao apre il tour dei Delta V e presenta in anteprima assoluta le sue nuove canzoni\">[&#8230;]<\/a><\/p>\n<\/div>","protected":false},"author":2,"featured_media":91465,"comment_status":"closed","ping_status":"closed","sticky":false,"template":"","format":"standard","meta":{"sfsi_plus_gutenberg_text_before_share":"","sfsi_plus_gutenberg_show_text_before_share":"","sfsi_plus_gutenberg_icon_type":"","sfsi_plus_gutenberg_icon_alignemt":"","sfsi_plus_gutenburg_max_per_row":"","footnotes":"","_links_to":"","_links_to_target":""},"categories":[5184,3,1],"tags":[14455,14678],"class_list":["post-91464","post","type-post","status-publish","format-standard","has-post-thumbnail","hentry","category-calendario-concerti","category-news","category-senza-categoria","tag-delta-v","tag-mao"],"aioseo_notices":[],"_links":{"self":[{"href":"https:\/\/www.piuomenopop.it\/index.php\/wp-json\/wp\/v2\/posts\/91464","targetHints":{"allow":["GET"]}}],"collection":[{"href":"https:\/\/www.piuomenopop.it\/index.php\/wp-json\/wp\/v2\/posts"}],"about":[{"href":"https:\/\/www.piuomenopop.it\/index.php\/wp-json\/wp\/v2\/types\/post"}],"author":[{"embeddable":true,"href":"https:\/\/www.piuomenopop.it\/index.php\/wp-json\/wp\/v2\/users\/2"}],"replies":[{"embeddable":true,"href":"https:\/\/www.piuomenopop.it\/index.php\/wp-json\/wp\/v2\/comments?post=91464"}],"version-history":[{"count":2,"href":"https:\/\/www.piuomenopop.it\/index.php\/wp-json\/wp\/v2\/posts\/91464\/revisions"}],"predecessor-version":[{"id":91467,"href":"https:\/\/www.piuomenopop.it\/index.php\/wp-json\/wp\/v2\/posts\/91464\/revisions\/91467"}],"wp:featuredmedia":[{"embeddable":true,"href":"https:\/\/www.piuomenopop.it\/index.php\/wp-json\/wp\/v2\/media\/91465"}],"wp:attachment":[{"href":"https:\/\/www.piuomenopop.it\/index.php\/wp-json\/wp\/v2\/media?parent=91464"}],"wp:term":[{"taxonomy":"category","embeddable":true,"href":"https:\/\/www.piuomenopop.it\/index.php\/wp-json\/wp\/v2\/categories?post=91464"},{"taxonomy":"post_tag","embeddable":true,"href":"https:\/\/www.piuomenopop.it\/index.php\/wp-json\/wp\/v2\/tags?post=91464"}],"curies":[{"name":"wp","href":"https:\/\/api.w.org\/{rel}","templated":true}]}}