{"id":9149,"date":"2016-11-23T22:45:42","date_gmt":"2016-11-23T21:45:42","guid":{"rendered":"http:\/\/www.piuomenopop.it\/?p=9149"},"modified":"2018-01-01T17:43:05","modified_gmt":"2018-01-01T16:43:05","slug":"serena-abrami-il-9-dicembre-esce-il-nuovo-disco-della-cantautrice-marchigiana-per-nufabric","status":"publish","type":"post","link":"https:\/\/www.piuomenopop.it\/index.php\/2016\/11\/23\/serena-abrami-il-9-dicembre-esce-il-nuovo-disco-della-cantautrice-marchigiana-per-nufabric\/","title":{"rendered":"SERENA ABRAMI: il 9 dicembre esce il nuovo disco della cantautrice marchigiana per Nufabric"},"content":{"rendered":"<p style=\"text-align: center;\"><strong><a href=\"https:\/\/www.facebook.com\/SerenaAbramiOfficial\" target=\"_blank\">SERENA ABRAMI <\/a>torna, dopo il fortunato debutto \u201cLontano da tutto\u201d, con un nuovo disco d\u2019inediti, DI IMPERFEZIONE, anticipato questo maggio dal video di CREDO. L\u2019album uscir\u00e0 il 9 dicembre 2016 per l\u2019etichetta marchigiana Nufabric.<\/strong><\/p>\n<p style=\"text-align: center;\"><img loading=\"lazy\" decoding=\"async\" class=\"alignnone  wp-image-9150\" src=\"http:\/\/www.piuomenopop.it\/wp-content\/uploads\/2016\/11\/serena-abrami-258x300.jpg\" alt=\"serena-abrami\" width=\"369\" height=\"429\" srcset=\"https:\/\/www.piuomenopop.it\/wp-content\/uploads\/2016\/11\/serena-abrami-258x300.jpg 258w, https:\/\/www.piuomenopop.it\/wp-content\/uploads\/2016\/11\/serena-abrami-768x892.jpg 768w, https:\/\/www.piuomenopop.it\/wp-content\/uploads\/2016\/11\/serena-abrami.jpg 400w\" sizes=\"auto, (max-width: 369px) 100vw, 369px\" \/><\/p>\n<p style=\"text-align: justify;\">\nUn lavoro poliedrico e dinamico, undici tracce raggruppate sotto un genere che ne racchiude tanti, pu\u00f2 essere un\u2019imperfezione il loro non essere etichettabili, ma proprio dietro questa parola si nasconde la capacit\u00e0 di contenere pi\u00f9 direzioni, pi\u00f9 anime musicali.<\/p>\n<p style=\"text-align: justify;\">\nIl disco \u00e8 il frutto di cinque anni passati in sala prove tra molteplici vicissitudini, insieme a tre musicisti preziosi che collaborano con Serena in ogni fase di scrittura: alle chitarre e al basso <strong>Enrico Vitali<\/strong>, al pianoforte, ai synth e al basso <strong>Mauro Rosati<\/strong> e alla batteria <strong>Marcello Piccinini<\/strong>, ognuno dei quali proviene da esperienze diverse nel panorama della musica indipendente.<\/p>\n<p style=\"text-align: justify;\">Le canzoni sono state registrate tra il <strong>Nufabric Basament<\/strong> di Fermo e il <strong>Panic Botton<\/strong> Studio di Londra. <strong>Ale Bavo<\/strong> e <strong>Filo Quaglia<\/strong> partecipano agli arrangiamenti di sei tracce (Di imperfezione, Benedicite, Invisibile, Diva Sola, Pioggia Sul Reduce, Forse \u00e8 Culturale), gli stessi ne producono due (Credo e Il Lago, quest&#8217;ultima scritta da Max Casacci e Ale Bavo). <strong>Steve Lyon<\/strong> cura la produzione artistica di altri due brani (1993 e Via Di Casa, che vede l&#8217;amichevole partecipazione dell&#8217;attore <strong>Paolo Briguglia<\/strong>). Chiudi gli occhi, invece, \u00e8 stata scritta e arrangiata da Serena ed <strong>Enrico Tiberi<\/strong>, in arte <strong>Nrec<\/strong>. Il mastering \u00e8 stato affidato a Pete Maher (tranne il singolo Credo a cura di <strong>Giovanni Versari<\/strong>).<\/p>\n<p style=\"text-align: justify;\">I testi sono per la maggior parte frutto della collaborazione con lo scrittore torinese <strong>Luca Ragagnin<\/strong> e del maestro fermano <strong>Francesco Ferracuti<\/strong>, entrambi grandi appassionati di musica e dall\u2019animo sensibile.<\/p>\n<p style=\"text-align: justify;\">Da segnalare le partecipazioni dell\u2019attore Paolo Briguglia e del bassista <strong>Lucio Fasino<\/strong>.<\/p>\n<p>Durante il tour Serena \u00e8 accompagnata live da: Enrico Vitali (Bankey Moon, Disorder) alla chitarra, Marcello Piccinini (Dardust, Beatrice Antonini) alla batteria e Mauro Rosati (Epo, Unors\u00f2minore) al piano e synth.<\/p>\n","protected":false},"excerpt":{"rendered":"<div class=\"mh-excerpt\"><p>SERENA ABRAMI torna, dopo il fortunato debutto \u201cLontano da tutto\u201d, con un nuovo disco d\u2019inediti, DI IMPERFEZIONE, anticipato questo maggio dal video di CREDO. L\u2019album <a class=\"mh-excerpt-more\" href=\"https:\/\/www.piuomenopop.it\/index.php\/2016\/11\/23\/serena-abrami-il-9-dicembre-esce-il-nuovo-disco-della-cantautrice-marchigiana-per-nufabric\/\" title=\"SERENA ABRAMI: il 9 dicembre esce il nuovo disco della cantautrice marchigiana per Nufabric\">[&#8230;]<\/a><\/p>\n<\/div>","protected":false},"author":1,"featured_media":9150,"comment_status":"closed","ping_status":"closed","sticky":false,"template":"","format":"standard","meta":{"sfsi_plus_gutenberg_text_before_share":"","sfsi_plus_gutenberg_show_text_before_share":"","sfsi_plus_gutenberg_icon_type":"","sfsi_plus_gutenberg_icon_alignemt":"","sfsi_plus_gutenburg_max_per_row":"","footnotes":"","_links_to":"","_links_to_target":""},"categories":[3,8],"tags":[153,1600],"class_list":["post-9149","post","type-post","status-publish","format-standard","has-post-thumbnail","hentry","category-news","category-uscite","tag-astarteagency","tag-nufabric"],"aioseo_notices":[],"_links":{"self":[{"href":"https:\/\/www.piuomenopop.it\/index.php\/wp-json\/wp\/v2\/posts\/9149","targetHints":{"allow":["GET"]}}],"collection":[{"href":"https:\/\/www.piuomenopop.it\/index.php\/wp-json\/wp\/v2\/posts"}],"about":[{"href":"https:\/\/www.piuomenopop.it\/index.php\/wp-json\/wp\/v2\/types\/post"}],"author":[{"embeddable":true,"href":"https:\/\/www.piuomenopop.it\/index.php\/wp-json\/wp\/v2\/users\/1"}],"replies":[{"embeddable":true,"href":"https:\/\/www.piuomenopop.it\/index.php\/wp-json\/wp\/v2\/comments?post=9149"}],"version-history":[{"count":2,"href":"https:\/\/www.piuomenopop.it\/index.php\/wp-json\/wp\/v2\/posts\/9149\/revisions"}],"predecessor-version":[{"id":9152,"href":"https:\/\/www.piuomenopop.it\/index.php\/wp-json\/wp\/v2\/posts\/9149\/revisions\/9152"}],"wp:featuredmedia":[{"embeddable":true,"href":"https:\/\/www.piuomenopop.it\/index.php\/wp-json\/wp\/v2\/media\/9150"}],"wp:attachment":[{"href":"https:\/\/www.piuomenopop.it\/index.php\/wp-json\/wp\/v2\/media?parent=9149"}],"wp:term":[{"taxonomy":"category","embeddable":true,"href":"https:\/\/www.piuomenopop.it\/index.php\/wp-json\/wp\/v2\/categories?post=9149"},{"taxonomy":"post_tag","embeddable":true,"href":"https:\/\/www.piuomenopop.it\/index.php\/wp-json\/wp\/v2\/tags?post=9149"}],"curies":[{"name":"wp","href":"https:\/\/api.w.org\/{rel}","templated":true}]}}