{"id":92403,"date":"2026-04-28T16:52:50","date_gmt":"2026-04-28T14:52:50","guid":{"rendered":"https:\/\/www.piuomenopop.it\/?p=92403"},"modified":"2026-04-28T16:52:50","modified_gmt":"2026-04-28T14:52:50","slug":"gionata-mirai-il-teatro-degli-orrori-annunciate-le-prime-date-del-tour-di-presentazione-del-nuovo-album-primitivo","status":"publish","type":"post","link":"https:\/\/www.piuomenopop.it\/index.php\/2026\/04\/28\/gionata-mirai-il-teatro-degli-orrori-annunciate-le-prime-date-del-tour-di-presentazione-del-nuovo-album-primitivo\/","title":{"rendered":"GIONATA MIRAI (Il Teatro degli Orrori): annunciate le prime date del tour di presentazione del nuovo album &#8216;Primitivo&#8217;"},"content":{"rendered":"<div style=\"text-align: center;\"><b>Gionata Mirai<\/b>\u00a0annuncia le prime date del tour a supporto di &#8216;<b>Primitivo<\/b>&#8216;, il suo nuovo album solista uscito il\u00a0<b>24 aprile<\/b>\u00a0per\u00a0<b>La Tempesta<\/b>\u00a0e\u00a0<b>DOC Records<\/b>, e pubblica il video del brano &#8216;<b>Mari Ermi<\/b>&#8216;.<\/div>\n<div><\/div>\n<div>Il tour prender\u00e0 il via il 7 maggio e toccher\u00e0 alcune delle principali citt\u00e0 italiane in un fitto calendario di date:<\/div>\n<div><\/div>\n<div><b>7\/5 &#8211; Roma, ARCI MAGMA<\/b><\/div>\n<div><b>8\/5 &#8211; Perugia, Indigo Art Gallery &amp; Caf\u00e9<\/b><\/div>\n<div><b>9\/5 &#8211; San Vito al Tagliamento (PN), ARCI CRAL<\/b><\/div>\n<div><b>10\/5 San Don\u00e0 di Piave (VN),\u00a0Garage Club Baladin<\/b><\/div>\n<div><b>13\/5 &#8211; Cuneo, Il Caimano Felice<\/b><\/div>\n<div><b>14\/5 &#8211; Busto Arsizio (VA), ARCI Gagarin<\/b><\/div>\n<div><b>15\/5 &#8211; Milano, ARCI Bellezza<\/b><\/div>\n<div><b>16\/5 &#8211; Bologna, Lento<\/b><\/div>\n<div><b>17\/5 &#8211; Brescia, Belafonte<\/b><\/div>\n<div><\/div>\n<div>(calendario in aggiornamento)<\/div>\n<div><\/div>\n<div>&#8216;<b>Primitivo<\/b>&#8216; \u00e8 il terzo lavoro solista di\u00a0<b>Mirai<\/b>, chitarrista e co-fondatore de\u00a0<b>Il Teatro degli Orrori<\/b>\u00a0e fondatore dei\u00a0<b>Super Elastic Bubble Plastic<\/b>. Un disco acustico, diretto, costruito attorno alla chitarra fingerpicking e a una scrittura essenziale e personale.<\/div>\n<div><\/div>\n<div>\n<div><b>BIOGRAFIA<\/b><\/div>\n<div><i>Tra i protagonisti della scena indipendente italiana degli ultimi vent&#8217;anni,\u00a0<b>Gionata\u00a0Mirai<\/b>\u00a0\u00e8 fondatore e leader dei\u00a0<b>Super Elastic Bubble Plastic<\/b>, power trio post-hardcore attivo dalla met\u00e0 degli anni Duemila con tre album all&#8217;attivo (\u2018The Swindler\u2019, \u2018Small Rooms\u2019, \u2018Chances\u2019) e quasi duecento date live in tutta la penisola.<\/i><\/div>\n<div><i>\u00a0<\/i><\/div>\n<div><i>\u00c8 inoltre chitarrista e co-fondatore de\u00a0<b>Il Teatro degli Orrori<\/b>, band nata insieme a\u00a0<b>Pierpaolo Capovilla<\/b>,\u00a0<b>Francesco \u2018Franz\u2019 Valente<\/b>\u00a0e\u00a0<b>Giulio Ragno Favero<\/b>, e protagonista di una delle parabole pi\u00f9 rilevanti del rock italiano degli ultimi vent&#8217;anni, dall\u2019album \u2018<b>Dell&#8217;Impero delle Tenebre<\/b>\u2019 (2007) fino al disco omonimo del 2015.<\/i><\/div>\n<div><i>\u00a0<\/i><\/div>\n<div><i><b>Parallelamente all&#8217;attivit\u00e0 con le band,\u00a0Mirai\u00a0ha sempre coltivato una dimensione solista legata alla chitarra acustica e alla tradizione fingerpicking \u2014 John Renbourn, Leo Kottke, John Fahey i riferimenti dichiarati.<\/b>\u00a0Nel 2011 pubblica \u2018<b>Allusioni<\/b>\u2019 (La Tempesta \/ Niegazowana), suite per chitarra a dodici corde in cinque movimenti, seguita da oltre cento concerti in formato solo. Nel 2017 esce \u2018<b>Nelle mani<\/b>\u2019 (La Tempesta \/ Casa Lavica), il suo secondo lavoro,\u00a0<b>mentre nel 2023 firma la colonna sonora di \u2018Dallarte\u2019, documentario su Lucio Dalla diretto da Jonny Costantino<\/b>. \u2018<b>Primitivo<\/b>\u2019 (La Tempesta \/ DOC Records) \u00e8 il terzo capitolo solista e prosegue in quella direzione: personale, immediato, senza filtri.<\/i><\/div>\n<div><\/div>\n<div><b>LINK<\/b><\/div>\n<div><a href=\"https:\/\/www.facebook.com\/Gionata.Mirai\" target=\"_blank\" rel=\"noopener\" data-saferedirecturl=\"https:\/\/www.google.com\/url?q=https:\/\/www.facebook.com\/Gionata.Mirai&amp;source=gmail&amp;ust=1777465199695000&amp;usg=AOvVaw2yE30vn2juag36adR0s_xl\">https:\/\/www.facebook.com\/<wbr \/>Gionata.Mirai<\/a><\/div>\n<div><a href=\"https:\/\/www.instagram.com\/gionatamirai\" target=\"_blank\" rel=\"noopener\" data-saferedirecturl=\"https:\/\/www.google.com\/url?q=https:\/\/www.instagram.com\/gionatamirai&amp;source=gmail&amp;ust=1777465199695000&amp;usg=AOvVaw1HnoXLyjYGsEGwO4EmbiKL\">https:\/\/www.instagram.com\/<wbr \/>gionatamirai<\/a><\/div>\n<div><\/div>\n<\/div>\n","protected":false},"excerpt":{"rendered":"<div class=\"mh-excerpt\"><p>Gionata Mirai\u00a0annuncia le prime date del tour a supporto di &#8216;Primitivo&#8216;, il suo nuovo album solista uscito il\u00a024 aprile\u00a0per\u00a0La Tempesta\u00a0e\u00a0DOC Records, e pubblica il video <a class=\"mh-excerpt-more\" href=\"https:\/\/www.piuomenopop.it\/index.php\/2026\/04\/28\/gionata-mirai-il-teatro-degli-orrori-annunciate-le-prime-date-del-tour-di-presentazione-del-nuovo-album-primitivo\/\" title=\"GIONATA MIRAI (Il Teatro degli Orrori): annunciate le prime date del tour di presentazione del nuovo album &#8216;Primitivo&#8217;\">[&#8230;]<\/a><\/p>\n<\/div>","protected":false},"author":2,"featured_media":92404,"comment_status":"closed","ping_status":"closed","sticky":false,"template":"","format":"standard","meta":{"sfsi_plus_gutenberg_text_before_share":"","sfsi_plus_gutenberg_show_text_before_share":"","sfsi_plus_gutenberg_icon_type":"","sfsi_plus_gutenberg_icon_alignemt":"","sfsi_plus_gutenburg_max_per_row":"","footnotes":"","_links_to":"","_links_to_target":""},"categories":[5184,3,8],"tags":[4620],"class_list":["post-92403","post","type-post","status-publish","format-standard","has-post-thumbnail","hentry","category-calendario-concerti","category-news","category-uscite","tag-gionata-mirai"],"aioseo_notices":[],"_links":{"self":[{"href":"https:\/\/www.piuomenopop.it\/index.php\/wp-json\/wp\/v2\/posts\/92403","targetHints":{"allow":["GET"]}}],"collection":[{"href":"https:\/\/www.piuomenopop.it\/index.php\/wp-json\/wp\/v2\/posts"}],"about":[{"href":"https:\/\/www.piuomenopop.it\/index.php\/wp-json\/wp\/v2\/types\/post"}],"author":[{"embeddable":true,"href":"https:\/\/www.piuomenopop.it\/index.php\/wp-json\/wp\/v2\/users\/2"}],"replies":[{"embeddable":true,"href":"https:\/\/www.piuomenopop.it\/index.php\/wp-json\/wp\/v2\/comments?post=92403"}],"version-history":[{"count":1,"href":"https:\/\/www.piuomenopop.it\/index.php\/wp-json\/wp\/v2\/posts\/92403\/revisions"}],"predecessor-version":[{"id":92405,"href":"https:\/\/www.piuomenopop.it\/index.php\/wp-json\/wp\/v2\/posts\/92403\/revisions\/92405"}],"wp:featuredmedia":[{"embeddable":true,"href":"https:\/\/www.piuomenopop.it\/index.php\/wp-json\/wp\/v2\/media\/92404"}],"wp:attachment":[{"href":"https:\/\/www.piuomenopop.it\/index.php\/wp-json\/wp\/v2\/media?parent=92403"}],"wp:term":[{"taxonomy":"category","embeddable":true,"href":"https:\/\/www.piuomenopop.it\/index.php\/wp-json\/wp\/v2\/categories?post=92403"},{"taxonomy":"post_tag","embeddable":true,"href":"https:\/\/www.piuomenopop.it\/index.php\/wp-json\/wp\/v2\/tags?post=92403"}],"curies":[{"name":"wp","href":"https:\/\/api.w.org\/{rel}","templated":true}]}}