{"id":92411,"date":"2026-04-28T17:09:53","date_gmt":"2026-04-28T15:09:53","guid":{"rendered":"https:\/\/www.piuomenopop.it\/?p=92411"},"modified":"2026-04-28T17:11:43","modified_gmt":"2026-04-28T15:11:43","slug":"92411","status":"publish","type":"post","link":"https:\/\/www.piuomenopop.it\/index.php\/2026\/04\/28\/92411\/","title":{"rendered":"Torna Sequoie Music Park, la rassegna musicale che unisce artisti del panorama nazionale e internazionale."},"content":{"rendered":"<p style=\"font-weight: 400; text-align: center;\"><strong>LA SESTA EDIZIONE DI<\/strong><\/p>\n<p style=\"font-weight: 400; text-align: center;\"><strong>SEQUOIE MUSIC PARK<\/strong><\/p>\n<p style=\"font-weight: 400; text-align: center;\"><strong>AL PARCO DELLE CASERME ROSSE DI BOLOGNA<\/strong><\/p>\n<p style=\"font-weight: 400; text-align: center;\"><strong>\u00a0<\/strong><\/p>\n<p style=\"font-weight: 400; text-align: center;\"><strong>LA RASSEGNA CHE UNISCE LA GRANDE MUSICA ITALIANA E INTERNAZIONALE<\/strong><\/p>\n<p style=\"font-weight: 400; text-align: center;\"><strong>\u00a0<\/strong><\/p>\n<p style=\"font-weight: 400;\"><strong>Nel cuore verde del Parco delle Caserme Rosse di Bologna, torna uno degli appuntamenti pi\u00f9 attesi dell\u2019estate musicale: Sequoie Music Park, la rassegna che negli ultimi anni si \u00e8 affermata come punto di riferimento nel panorama nazionale grazie a una proposta artistica capace di unire grandi nomi italiani e protagonisti della scena internazionale.<\/strong><\/p>\n<p style=\"font-weight: 400;\"><strong>\u00a0<\/strong><\/p>\n<p style=\"font-weight: 400;\">Nata con l\u2019obiettivo di riportare la musica dal vivo alla sua dimensione pi\u00f9 autentica,\u00a0<strong>Sequoie Music Park<\/strong>\u00a0offre un\u2019esperienza immersiva in cui pubblico e artisti si incontrano in un contesto naturale unico, valorizzando la connessione diretta e l\u2019energia del live.<\/p>\n<p style=\"font-weight: 400;\">La forza del festival risiede nella sua identit\u00e0 trasversale: una lineup che attraversa generi e linguaggi, dal rock al pop, dall\u2019alternative al cantautorato, fino alle nuove sonorit\u00e0 contemporanee. Sul palco si alternano artisti di fama mondiale e protagonisti della scena italiana, creando un dialogo continuo tra culture musicali diverse e pubblici generazionali. Con oltre 80.000 presenze registrate nelle edizioni pi\u00f9 recenti e pi\u00f9 di 70 artisti ospitati negli anni, il festival si conferma uno degli eventi pi\u00f9 rilevanti dell\u2019estate bolognese, capace di attrarre spettatori da tutta Italia e dall\u2019estero.<\/p>\n<p style=\"font-weight: 400;\">Accanto alla musica,\u00a0<strong>Sequoie Music Park propone un\u2019esperienza culturale a 360 gradi<\/strong>: aree dedicate al food, spazi di socialit\u00e0, attivit\u00e0 collaterali e una forte attenzione alla sostenibilit\u00e0 ambientale, con un\u2019organizzazione orientata alla riduzione dell\u2019impatto ecologico e alla promozione di pratiche responsabili.<\/p>\n<p style=\"font-weight: 400;\">Questa la lineup completa ad oggi:<\/p>\n<p style=\"font-weight: 400;\">16 giugno\u00a0<strong>KNEECAP<\/strong><\/p>\n<p style=\"font-weight: 400;\">18 giugno<strong>\u00a0KID YUGI<\/strong><br \/>\n23 giugno\u00a0<strong>THREE DAYS GRACE (UNICA DATA ITALIANA)\u00a0<\/strong><\/p>\n<p style=\"font-weight: 400;\">25 giugno<strong>\u00a0OF MONSTERS AND MEN<\/strong><\/p>\n<p style=\"font-weight: 400;\">27 giugno<strong>\u00a0MAC DEMARCO<\/strong><\/p>\n<p style=\"font-weight: 400;\">28 giugno\u00a0<strong>ALFA<\/strong><\/p>\n<p style=\"font-weight: 400;\">29 giugno<strong>\u00a0SUBSONICA<\/strong><\/p>\n<p style=\"font-weight: 400;\">1 luglio\u00a0<strong>NU GENEA<br \/>\n<\/strong>2 luglio<strong>\u00a0FULMINACCI<\/strong><\/p>\n<p style=\"font-weight: 400;\">4 luglio\u00a0<strong>IDLES<\/strong><\/p>\n<p style=\"font-weight: 400;\">6 luglio<strong>\u00a0MORAD (SOLD OUT)<\/strong><\/p>\n<p style=\"font-weight: 400;\">7 luglio\u00a0<strong>CAPAREZZA (SOLD OUT)<\/strong><\/p>\n<p style=\"font-weight: 400;\">8 luglio\u00a0<strong>CAPAREZZA<\/strong>\u00a0<strong>(SOLD OUT)<\/strong><\/p>\n<p style=\"font-weight: 400;\">11 luglio\u00a0<strong>OPETH<\/strong><\/p>\n<p style=\"font-weight: 400;\">12 luglio<strong>\u00a0FRAH QUINTALE<\/strong><br \/>\n13 luglio\u00a0<strong>BELLE AND SEBASTIAN<\/strong><\/p>\n<p style=\"font-weight: 400;\">15 luglio\u00a0<strong>TONY PITONY (SOLD OUT)<\/strong><\/p>\n<p style=\"font-weight: 400;\">16 luglio<strong>\u00a0INTERPOL<\/strong>\u00a0<strong>(UNICA DATA ITALIANA DA HEADLINER)<\/strong><\/p>\n<p style=\"font-weight: 400;\">21\u00a0luglio<strong>\u00a0LITFIBA<\/strong><\/p>\n<p style=\"font-weight: 400;\">23 luglio\u00a0<strong>LUCH\u00c8<\/strong><\/p>\n<p style=\"font-weight: 400;\">I biglietti sono disponibili sui circuiti di prevendita abituali:\u00a0<a href=\"https:\/\/www.sequoiemusicpark.com\/\" data-saferedirecturl=\"https:\/\/www.google.com\/url?q=https:\/\/www.sequoiemusicpark.com\/&amp;source=gmail&amp;ust=1777474032553000&amp;usg=AOvVaw3WFME3bUNAV0LhRqRyVizv\">https:\/\/www.sequoiemusicpark.com\/<\/a>.<\/p>\n<p style=\"font-weight: 400;\">\n","protected":false},"excerpt":{"rendered":"<div class=\"mh-excerpt\"><p>LA SESTA EDIZIONE DI SEQUOIE MUSIC PARK AL PARCO DELLE CASERME ROSSE DI BOLOGNA \u00a0 LA RASSEGNA CHE UNISCE LA GRANDE MUSICA ITALIANA E INTERNAZIONALE <a class=\"mh-excerpt-more\" href=\"https:\/\/www.piuomenopop.it\/index.php\/2026\/04\/28\/92411\/\" title=\"Torna Sequoie Music Park, la rassegna musicale che unisce artisti del panorama nazionale e internazionale.\">[&#8230;]<\/a><\/p>\n<\/div>","protected":false},"author":2,"featured_media":92055,"comment_status":"closed","ping_status":"closed","sticky":false,"template":"","format":"standard","meta":{"sfsi_plus_gutenberg_text_before_share":"","sfsi_plus_gutenberg_show_text_before_share":"","sfsi_plus_gutenberg_icon_type":"","sfsi_plus_gutenberg_icon_alignemt":"","sfsi_plus_gutenburg_max_per_row":"","footnotes":"","_links_to":"","_links_to_target":""},"categories":[5184,730,3],"tags":[],"class_list":["post-92411","post","type-post","status-publish","format-standard","has-post-thumbnail","hentry","category-calendario-concerti","category-festival","category-news"],"aioseo_notices":[],"_links":{"self":[{"href":"https:\/\/www.piuomenopop.it\/index.php\/wp-json\/wp\/v2\/posts\/92411","targetHints":{"allow":["GET"]}}],"collection":[{"href":"https:\/\/www.piuomenopop.it\/index.php\/wp-json\/wp\/v2\/posts"}],"about":[{"href":"https:\/\/www.piuomenopop.it\/index.php\/wp-json\/wp\/v2\/types\/post"}],"author":[{"embeddable":true,"href":"https:\/\/www.piuomenopop.it\/index.php\/wp-json\/wp\/v2\/users\/2"}],"replies":[{"embeddable":true,"href":"https:\/\/www.piuomenopop.it\/index.php\/wp-json\/wp\/v2\/comments?post=92411"}],"version-history":[{"count":3,"href":"https:\/\/www.piuomenopop.it\/index.php\/wp-json\/wp\/v2\/posts\/92411\/revisions"}],"predecessor-version":[{"id":92414,"href":"https:\/\/www.piuomenopop.it\/index.php\/wp-json\/wp\/v2\/posts\/92411\/revisions\/92414"}],"wp:featuredmedia":[{"embeddable":true,"href":"https:\/\/www.piuomenopop.it\/index.php\/wp-json\/wp\/v2\/media\/92055"}],"wp:attachment":[{"href":"https:\/\/www.piuomenopop.it\/index.php\/wp-json\/wp\/v2\/media?parent=92411"}],"wp:term":[{"taxonomy":"category","embeddable":true,"href":"https:\/\/www.piuomenopop.it\/index.php\/wp-json\/wp\/v2\/categories?post=92411"},{"taxonomy":"post_tag","embeddable":true,"href":"https:\/\/www.piuomenopop.it\/index.php\/wp-json\/wp\/v2\/tags?post=92411"}],"curies":[{"name":"wp","href":"https:\/\/api.w.org\/{rel}","templated":true}]}}